{"id":39665,"date":"2023-09-22T12:54:44","date_gmt":"2023-09-22T15:54:44","guid":{"rendered":"http:\/\/dsrmedios.com.ar\/diario\/?p=39665"},"modified":"2023-09-22T12:54:46","modified_gmt":"2023-09-22T15:54:46","slug":"sebastian-pinera-respaldo-las-ideas-del-liberalismo-aunque-marco-algunas-diferencias-con-milei","status":"publish","type":"post","link":"http:\/\/dsrmedios.com.ar\/diario\/archivos\/39665","title":{"rendered":"Sebasti\u00e1n Pi\u00f1era respald\u00f3 las ideas del liberalismo aunque marc\u00f3 algunas diferencias con Milei"},"content":{"rendered":"\n<p>Con cautela, los l\u00edderes de centro-derecha de la regi\u00f3n observan con expectativa las pr\u00f3ximas elecciones presidenciales del 22 de octubre. El ex presidente de Chile,\u00a0<a rel=\"noreferrer noopener\" href=\"https:\/\/www.infobae.com\/tag\/sebastian-pinera\/\" target=\"_blank\"><strong>Sebasti\u00e1n Pi\u00f1era<\/strong><\/a>, coincidi\u00f3 con las ideas de \u201clibertad\u201d del candidato de La Libertad Avanza,\u00a0<a rel=\"noreferrer noopener\" href=\"https:\/\/www.infobae.com\/tag\/javier-milei\/\" target=\"_blank\"><strong>Javier Milei<\/strong><\/a>, aunque aclar\u00f3 que tiene \u201c<strong>muchas discrepancias<\/strong>\u201d con \u00e9l y su estilo de liderazgo.<\/p>\n\n\n\n<p>El ex mandatario chileno expres\u00f3 su aprecio por el enfoque de Milei en relaci\u00f3n a la libertad individual y resalt\u00f3 que hay que considerar \u201cseriamente\u201d sus propuestas en el contexto de la historia argentina, donde \u201cel Estado sirva a las personas\u201d y exista un \u201cmayor equilibrio\u201d en el manejo de los recursos p\u00fablicos.<\/p>\n\n\n\n<p>\u201c<strong>Javier Milei se autodenomina como libertario<\/strong>&nbsp;<strong>y yo creo firmemente en la libertad<\/strong>. Las fuerzas de la libertad, que actualmente se encuentran asfixiadas, restringidas y restringidas en el continente, deben liberarse para permitir el florecimiento de la imaginaci\u00f3n y la creatividad, elementos fundamentales que impulsan la innovaci\u00f3n y el emprendimiento\u201d, sostuvo Pi\u00f1era en declaraciones al periodista Eduardo Feinmann en radio&nbsp;<em>Mitre<\/em>.<\/p>\n\n\n\n<p>\u201c<strong>Pero tengo muchas discrepancias con Milei<\/strong>\u201d, continu\u00f3, aunque aclar\u00f3 que \u201ctiene algunas ideas que a la luz de la historia de la Argentina hay que considerar seriamente, que es hacer de Argentina una sociedad m\u00e1s libre\u201d. \u201cQue el Estado est\u00e9 al servicio de las personas y no las personas la servicio del Estado; que haya m\u00e1s equilibrio, prudencia y responsabilidad en el manejo de las cuentas p\u00fablicas\u201d, enumer\u00f3 en un enfoque que coincide con la creencia de Milei de reducci\u00f3n del gasto p\u00fablico y la promoci\u00f3n de pol\u00edticas econ\u00f3micas m\u00e1s afines al mercado.<\/p>\n\n\n\n<p><img decoding=\"async\" loading=\"lazy\" alt=\"Sebasti\u00e1n Pi\u00f1era, ex presidente de Chile, comparti\u00f3 sus puntos de acuerdo con Javier Milei (EFE\/ Juan Ignacio Roncoroni)\n\" height=\"1833\" width=\"2750\" src=\"https:\/\/www.infobae.com\/new-resizer\/yvwkjq92xIlcCKsSPEvc7eWJ3Ag=\/arc-anglerfish-arc2-prod-infobae\/public\/VGXCJNPOW5FFZJ6W4WIGHOGCME.jpg\" srcset=\"https:\/\/www.infobae.com\/new-resizer\/bNRRxVd4ijCHcCCIn5iPwIB7B3k=\/420x280\/filters:format(webp):quality(85)\/cloudfront-us-east-1.images.arcpublishing.com\/infobae\/VGXCJNPOW5FFZJ6W4WIGHOGCME.jpg 420w,https:\/\/www.infobae.com\/new-resizer\/QGyxNRN8HZIgT-xrZ9MralbdwqU=\/768x512\/filters:format(webp):quality(85)\/cloudfront-us-east-1.images.arcpublishing.com\/infobae\/VGXCJNPOW5FFZJ6W4WIGHOGCME.jpg 768w,https:\/\/www.infobae.com\/new-resizer\/SCHPOVEW-roN0QUrdSWC8ESBQog=\/992x661\/filters:format(webp):quality(85)\/cloudfront-us-east-1.images.arcpublishing.com\/infobae\/VGXCJNPOW5FFZJ6W4WIGHOGCME.jpg 992w,https:\/\/www.infobae.com\/new-resizer\/gd6NJwsdZziLG8C9pjjw0nhzECA=\/1200x800\/filters:format(webp):quality(85)\/cloudfront-us-east-1.images.arcpublishing.com\/infobae\/VGXCJNPOW5FFZJ6W4WIGHOGCME.jpg 1200w,https:\/\/www.infobae.com\/new-resizer\/2fy3T6S5hkiaAOuFyBsLgf3ScTw=\/1440x960\/filters:format(webp):quality(85)\/cloudfront-us-east-1.images.arcpublishing.com\/infobae\/VGXCJNPOW5FFZJ6W4WIGHOGCME.jpg 1440w\">Sebasti\u00e1n Pi\u00f1era, ex presidente de Chile, comparti\u00f3 sus puntos de acuerdo con Javier Milei (EFE\/ Juan Ignacio Roncoroni)<\/p>\n\n\n\n<p>Pi\u00f1era es un pol\u00edtico de renombre que ocup\u00f3 la presidencia de Chile en dos per\u00edodos no consecutivos (2010-2014 y 2018-2022), luego de una exitosa carrera empresarial\u00a0<strong>LAN Airlines, Colo-Colo, Chilevisi\u00f3n y Bancard\u00a0<\/strong>antes de su salto a la pol\u00edtica local. En octubre de 2019, estallaron\u00a0<strong>protestas masivas\u00a0<\/strong>en todo el pa\u00eds que jaquearon su gesti\u00f3n y la empujaron a una derrota electoral contra el ahora presidente de centro izquierda, Gabriel Boric.<\/p>\n\n\n\n<p>El ex presidente chileno hizo referencia a los&nbsp;<strong>intentos previos de Argentina por \u201ccorregir su rumbo\u201d<\/strong>, pero que \u201clamentablemente ha retrocedido a mitad de camino\u201d. \u201cComo cuando uno se encuentra escalando una monta\u00f1a, la segunda parte del ascenso suele ser la m\u00e1s dif\u00edcil pero tambi\u00e9n la m\u00e1s gratificante. Argentina ha realizado intentos, pero nunca con la determinaci\u00f3n necesaria. Por eso, lo que me atrae es el presente y el futuro de Argentina\u201d, consider\u00f3.<\/p>\n\n\n\n<p>Pi\u00f1era hizo hincapi\u00e9 en que no realiza recomendaciones destinadas a las elecciones presidenciales, si bien admiti\u00f3 la importancia de los comicios y el papel que desempe\u00f1ar\u00e1n en el futuro del pa\u00eds. En su segunda gesti\u00f3n presidencial, el dirigente chileno de centro derecha mantuvo una afinidad pol\u00edtica con&nbsp;<strong>Mauricio Macri&nbsp;<\/strong>en el marco de la relaci\u00f3n diplom\u00e1tica, a partir de la cual firmaron varios acuerdos bilaterales. Y en 2019, ambos presidentes participaron en un evento organizado por la&nbsp;<strong>Fundaci\u00f3n Libertad&nbsp;<\/strong>en Santa Fe, donde compartieron reflexiones sobre los \u201cvicios del populismo\u201d en Am\u00e9rica Latina.<\/p>\n\n\n\n<p><img decoding=\"async\" loading=\"lazy\" alt=\"Eduardo Feinmann le regal\u00f3 su libro al ex presidente Pi\u00f1era\" height=\"683\" width=\"1024\" src=\"https:\/\/www.infobae.com\/new-resizer\/2ZPW7AOoKws8iPCb2QuaWcXkQZg=\/arc-anglerfish-arc2-prod-infobae\/public\/ICGCOYSNH5BSZBTY4374SKNPLE.jpeg\" srcset=\"https:\/\/www.infobae.com\/new-resizer\/7MoGLR59JnSWo7uxjSZCxABuwd4=\/420x280\/filters:format(webp):quality(85)\/cloudfront-us-east-1.images.arcpublishing.com\/infobae\/ICGCOYSNH5BSZBTY4374SKNPLE.jpeg 420w,https:\/\/www.infobae.com\/new-resizer\/MISAKAHmbREOVi5fLWNeFqMGJk8=\/768x512\/filters:format(webp):quality(85)\/cloudfront-us-east-1.images.arcpublishing.com\/infobae\/ICGCOYSNH5BSZBTY4374SKNPLE.jpeg 768w,https:\/\/www.infobae.com\/new-resizer\/ZySAdd_Vhw2tFSf9KENvIqWPTlw=\/992x661\/filters:format(webp):quality(85)\/cloudfront-us-east-1.images.arcpublishing.com\/infobae\/ICGCOYSNH5BSZBTY4374SKNPLE.jpeg 992w,https:\/\/www.infobae.com\/new-resizer\/6cUlgO9bJjfjxfkTwrdSE-m3fS8=\/1200x800\/filters:format(webp):quality(85)\/cloudfront-us-east-1.images.arcpublishing.com\/infobae\/ICGCOYSNH5BSZBTY4374SKNPLE.jpeg 1200w,https:\/\/www.infobae.com\/new-resizer\/t60wjb7jFvKAS5JJDM4e-fVUO50=\/1440x960\/filters:format(webp):quality(85)\/cloudfront-us-east-1.images.arcpublishing.com\/infobae\/ICGCOYSNH5BSZBTY4374SKNPLE.jpeg 1440w\">Eduardo Feinmann le regal\u00f3 su libro al ex presidente Pi\u00f1era<\/p>\n\n\n\n<p>El v\u00ednculo entre Macri y Pi\u00f1era se extendi\u00f3 m\u00e1s all\u00e1 de lo institucional.\u00a0<a rel=\"noreferrer noopener\" href=\"https:\/\/www.infobae.com\/politica\/2022\/11\/01\/en-un-almuerzo-con-mauricio-macri-sebastian-pinera-escucho-los-dilemas-de-juntos-por-el-cambio\/\" target=\"_blank\">El \u00faltimo encuentro fue en noviembre del a\u00f1o pasado<\/a>, particip\u00f3 de algunas actividades compartidas con el fundador del PRO y dirigentes de Juntos por el Cambio en el Club Alem\u00e1n en Buenos Aires, donde se habl\u00f3 sobre temas relacionados con la econom\u00eda y las tensiones dentro del espacio opositor.<\/p>\n\n\n\n<p><em>\u201c<\/em>Creo que para lograr una combinaci\u00f3n efectiva entre&nbsp;<strong>libertad y responsabilidad, se requiere un equipo con experiencia, compromiso y dedicaci\u00f3n<\/strong>\u201d, dijo, sin mencionarla, a la propuesta electoral que impulsa para la presidencia a Patricia Bullrich. \u201cPor eso me gusta el&nbsp;<em>ahora y para siempre<\/em>\u201d, concluy\u00f3.<\/p>\n\n\n\n<p>Este viernes,&nbsp;<a href=\"https:\/\/www.infobae.com\/tag\/patricia-bullrich\/\"><strong>Patricia Bullrich<\/strong><\/a>y&nbsp;<strong>Mauricio Macri<\/strong>&nbsp;ser\u00e1n protagonistas el pr\u00f3ximo viernes 22 de septiembre del segundo encuentro del&nbsp;<strong>grupo Libertad y Democracia<\/strong>, que se realizar\u00e1 en la Legislatura de la Ciudad de Buenos Aires y reunir\u00e1 a ex presidentes latinoamericanos y europeos, entre ellos, Sebasti\u00e1n Pi\u00f1era. La convocatoria -bajo el nombre \u201cUna nueva narrativa para el cambio pol\u00edtico\u201d- tendr\u00e1 como ejes el an\u00e1lisis y la problematizaci\u00f3n del populismo como fen\u00f3meno mundial, el narcotr\u00e1fico, la libertad econ\u00f3mica, el cambio clim\u00e1tico y la educaci\u00f3n.<\/p>\n\n\n\n<p><img decoding=\"async\" loading=\"lazy\" height=\"1200\" width=\"1600\" srcset=\"https:\/\/www.infobae.com\/new-resizer\/cSi0QQX6vs7L-3oY5BEdEmWDZFQ=\/420x315\/filters:format(webp):quality(85)\/cloudfront-us-east-1.images.arcpublishing.com\/infobae\/6OCOYOLIZZHZDPMU2AIVREFI4A.jfif 420w,https:\/\/www.infobae.com\/new-resizer\/vQPxRLAH3sQqnMUSYfswpiBfWDM=\/768x576\/filters:format(webp):quality(85)\/cloudfront-us-east-1.images.arcpublishing.com\/infobae\/6OCOYOLIZZHZDPMU2AIVREFI4A.jfif 768w,https:\/\/www.infobae.com\/new-resizer\/XVJPLlSCbomrmww3mzseUG2l_Bc=\/992x744\/filters:format(webp):quality(85)\/cloudfront-us-east-1.images.arcpublishing.com\/infobae\/6OCOYOLIZZHZDPMU2AIVREFI4A.jfif 992w,https:\/\/www.infobae.com\/new-resizer\/zdEc74F0T4Aatgusa7Zzf8KRsxQ=\/1200x900\/filters:format(webp):quality(85)\/cloudfront-us-east-1.images.arcpublishing.com\/infobae\/6OCOYOLIZZHZDPMU2AIVREFI4A.jfif 1200w,https:\/\/www.infobae.com\/new-resizer\/L6-O9fs-luMNxwF4aeYAs01RcVw=\/1440x1080\/filters:format(webp):quality(85)\/cloudfront-us-east-1.images.arcpublishing.com\/infobae\/6OCOYOLIZZHZDPMU2AIVREFI4A.jfif 1440w\" src=\"https:\/\/www.infobae.com\/new-resizer\/iwPzlRPjRRtexFClvhTE3T5B5E4=\/arc-anglerfish-arc2-prod-infobae\/public\/6OCOYOLIZZHZDPMU2AIVREFI4A.jfif\" alt=\"El encuentro entre Sebasti\u00e1n Pi\u00f1era y dirigentes de Juntos por el Cambio en el Club Alem\u00e1n \">El encuentro entre Sebasti\u00e1n Pi\u00f1era y dirigentes de Juntos por el Cambio en el Club Alem\u00e1n<\/p>\n\n\n\n<p>Fuente: Infobae<\/p>\n","protected":false},"excerpt":{"rendered":"<div class=\"mh-excerpt\"><p>Con cautela, los l\u00edderes de centro-derecha de la regi\u00f3n observan con expectativa las pr\u00f3ximas elecciones presidenciales del 22 de octubre. El ex presidente de Chile,\u00a0Sebasti\u00e1n Pi\u00f1era, coincidi\u00f3 con las ideas de \u201clibertad\u201d del candidato de La Libertad Avanza,\u00a0Javier Milei, aunque aclar\u00f3 que tiene \u201cmuchas discrepancias\u201d con \u00e9l y su estilo de liderazgo. El ex mandatario chileno expres\u00f3 su aprecio por el enfoque de Milei en relaci\u00f3n a la libertad individual y resalt\u00f3 que hay que considerar \u201cseriamente\u201d sus propuestas en el contexto de la historia argentina, donde \u201cel Estado sirva a las personas\u201d y exista un \u201cmayor equilibrio\u201d en el <a class=\"mh-excerpt-more\" href=\"http:\/\/dsrmedios.com.ar\/diario\/archivos\/39665\" title=\"Sebasti\u00e1n Pi\u00f1era respald\u00f3 las ideas del liberalismo aunque marc\u00f3 algunas diferencias con Milei\">[Leer m\u00e1s]<\/a><\/p>\n<\/div>","protected":false},"author":8,"featured_media":39666,"comment_status":"open","ping_status":"closed","sticky":false,"template":"","format":"standard","meta":{"_jetpack_newsletter_access":""},"categories":[6],"tags":[],"jetpack_featured_media_url":"http:\/\/dsrmedios.com.ar\/diario\/wp-content\/uploads\/2023\/09\/images-93.jpg","jetpack_sharing_enabled":true,"jetpack_shortlink":"https:\/\/wp.me\/p9fihK-ajL","_links":{"self":[{"href":"http:\/\/dsrmedios.com.ar\/diario\/wp-json\/wp\/v2\/posts\/39665"}],"collection":[{"href":"http:\/\/dsrmedios.com.ar\/diario\/wp-json\/wp\/v2\/posts"}],"about":[{"href":"http:\/\/dsrmedios.com.ar\/diario\/wp-json\/wp\/v2\/types\/post"}],"author":[{"embeddable":true,"href":"http:\/\/dsrmedios.com.ar\/diario\/wp-json\/wp\/v2\/users\/8"}],"replies":[{"embeddable":true,"href":"http:\/\/dsrmedios.com.ar\/diario\/wp-json\/wp\/v2\/comments?post=39665"}],"version-history":[{"count":1,"href":"http:\/\/dsrmedios.com.ar\/diario\/wp-json\/wp\/v2\/posts\/39665\/revisions"}],"predecessor-version":[{"id":39667,"href":"http:\/\/dsrmedios.com.ar\/diario\/wp-json\/wp\/v2\/posts\/39665\/revisions\/39667"}],"wp:featuredmedia":[{"embeddable":true,"href":"http:\/\/dsrmedios.com.ar\/diario\/wp-json\/wp\/v2\/media\/39666"}],"wp:attachment":[{"href":"http:\/\/dsrmedios.com.ar\/diario\/wp-json\/wp\/v2\/media?parent=39665"}],"wp:term":[{"taxonomy":"category","embeddable":true,"href":"http:\/\/dsrmedios.com.ar\/diario\/wp-json\/wp\/v2\/categories?post=39665"},{"taxonomy":"post_tag","embeddable":true,"href":"http:\/\/dsrmedios.com.ar\/diario\/wp-json\/wp\/v2\/tags?post=39665"}],"curies":[{"name":"wp","href":"https:\/\/api.w.org\/{rel}","templated":true}]}}