{"id":39656,"date":"2023-09-22T12:47:53","date_gmt":"2023-09-22T15:47:53","guid":{"rendered":"http:\/\/dsrmedios.com.ar\/diario\/?p=39656"},"modified":"2023-09-22T12:47:57","modified_gmt":"2023-09-22T15:47:57","slug":"devolucion-del-iva-mas-de-33-millones-de-personas-recibieron-los-reintegros-de-sus-compras-de-alimentos","status":"publish","type":"post","link":"http:\/\/dsrmedios.com.ar\/diario\/archivos\/39656","title":{"rendered":"Devoluci\u00f3n del IVA: m\u00e1s de 3,3 millones de personas recibieron los reintegros de sus compras de alimentos"},"content":{"rendered":"\n<p>Seg\u00fan datos del ministerio de Econom\u00eda, en lo que va de esta semana, m\u00e1s de 3,3 millones de personas recibieron los reintegros de sus compras de alimentos. Se trata del programa \u201cCompre sin IVA\u201d, que el ministro y candidato de Uni\u00f3n por la Patria<strong>\u00a0Sergio Massa\u00a0<\/strong>lanz\u00f3 d\u00edas atr\u00e1s.<a rel=\"noreferrer noopener\" href=\"https:\/\/www.infobae.com\/economia\/2023\/08\/03\/trabas-al-dolar-mep-a-partir-de-hoy-que-operaciones-estan-permitidas-y-quienes-pueden-comprar-la-cotizacion-financiera\/\" target=\"_blank\"><\/a><\/p>\n\n\n\n<p>La medida, detall\u00f3 la AFIP, busca aliviar la carga fiscal en la compra de productos de la canasta b\u00e1sica a trav\u00e9s de la&nbsp;<strong>devoluci\u00f3n del IVA<\/strong>&nbsp;(Impuesto al Valor Agregado) en compras de productos de la canasta b\u00e1sica, hechas con tarjeta de d\u00e9bito y con tope en $18.800 mensuales. Los reintegros se realizan 48 horas despu\u00e9s de realizada la compra.<\/p>\n\n\n\n<p>Seg\u00fan datos oficiales, hasta el momento este es el cronograma de devoluci\u00f3n del programa que entr\u00f3 en vigencia el lunes:<\/p>\n\n\n\n<p>\u2013 18 de septiembre: $847.007 millones<\/p>\n\n\n\n<p>\u2013 19 de septiembre: $1.345.349 millones<\/p>\n\n\n\n<p>\u2013 20 de septiembre: $1.153.906 millones<\/p>\n\n\n\n<p>La cifra total reintegrada hasta ayer jueves fue de casi $5.500 millones, con un promedio de $1.600 pesos por persona.<\/p>\n\n\n\n<p>\u201cA diferencia de lo que ocurr\u00eda con el equipo econ\u00f3mico anterior, que tardaba tres meses en poner en marcha una medida, ahora los anuncios que hace Massa est\u00e1n en vigencia, ejecutados y operativos en 48 horas\u201d, dijo&nbsp;<strong>Guillermo Michel<\/strong>, titular de la Aduana. \u201cA la gente le mejora el poder adquisitivo y al Estado tambi\u00e9n porque hay bancarizaci\u00f3n y se recupera el esfuerzo fiscal. Buscamos ampliar la base imponible\u201d, agreg\u00f3.<\/p>\n\n\n\n<p>Michel aclar\u00f3, adem\u00e1s, que hoy se enviar\u00e1 el proyecto de ley al congreso para que el esquema actual de \u201cCompre sin IVA\u201d, que rige hasta fin de a\u00f1o por decreto, empalme con una ley similar desde el a\u00f1o que viene.<\/p>\n\n\n\n<p><img decoding=\"async\" loading=\"lazy\" alt=\"Seg\u00fan detall\u00f3 la AFIP, Compre sin IVA beneficiar\u00e1 a \u201cm\u00e1s de 20 millones de personas\u201d (REUTERS\/Agustin Marcarian)\" height=\"450\" width=\"800\" src=\"https:\/\/www.infobae.com\/new-resizer\/z6B0bVG99g5CLuvhG9Cs4S0SvS4=\/arc-anglerfish-arc2-prod-infobae\/public\/L5J5DWAFEFEZDF4INT3IPDVJ5Y\" srcset=\"https:\/\/www.infobae.com\/new-resizer\/hebQC7FHpJDUi7JozxGU9EpIYgY=\/420x236\/filters:format(webp):quality(85)\/cloudfront-us-east-1.images.arcpublishing.com\/infobae\/L5J5DWAFEFEZDF4INT3IPDVJ5Y 420w,https:\/\/www.infobae.com\/new-resizer\/dLdB_SklEP1Or03L3A7_43p84l8=\/768x432\/filters:format(webp):quality(85)\/cloudfront-us-east-1.images.arcpublishing.com\/infobae\/L5J5DWAFEFEZDF4INT3IPDVJ5Y 768w,https:\/\/www.infobae.com\/new-resizer\/jcsTTs6uwdUsag4hrFv3YOapuYQ=\/992x558\/filters:format(webp):quality(85)\/cloudfront-us-east-1.images.arcpublishing.com\/infobae\/L5J5DWAFEFEZDF4INT3IPDVJ5Y 992w,https:\/\/www.infobae.com\/new-resizer\/QS4Rvo94f3qxNHJ1WNkb8w5bIs4=\/1200x675\/filters:format(webp):quality(85)\/cloudfront-us-east-1.images.arcpublishing.com\/infobae\/L5J5DWAFEFEZDF4INT3IPDVJ5Y 1200w,https:\/\/www.infobae.com\/new-resizer\/ysrVMmRm4w69g8a8Y8uO9w23ky4=\/1440x810\/filters:format(webp):quality(85)\/cloudfront-us-east-1.images.arcpublishing.com\/infobae\/L5J5DWAFEFEZDF4INT3IPDVJ5Y 1440w\">Seg\u00fan detall\u00f3 la AFIP, Compre sin IVA beneficiar\u00e1 a \u201cm\u00e1s de 20 millones de personas\u201d (REUTERS\/Agustin Marcarian)<\/p>\n\n\n\n<p>Adem\u00e1s, desde hoy funciona en la AFIP una mesa de reclamo, para detallar y cambiar, en caso de que sea necesario, a qu\u00e9 CBU se tiene que hacer el reintegro.<\/p>\n\n\n\n<p>Seg\u00fan detall\u00f3 la AFIP, el programa beneficiar\u00e1 a \u201cm\u00e1s de 20 millones de personas\u201d, entre ellos \u201c<strong>trabajadores y trabajadoras que cobren salarios de hasta $708.000, monotributistas, jubilados y pensionados que perciban hasta seis haberes m\u00ednimos, y titulares de la Asignaci\u00f3n Universal por Hijo (AUH), Tarjeta Alimentar o Potenciar Trabajo.\u201d<\/strong><\/p>\n\n\n\n<p>La medida beneficia a m\u00e1s de 2,3 millones de monotributistas \u201cpuros\u201d, es decir, que no perciben ning\u00fan otro ingreso adicional, 440.000 trabajadoras de Casas Particulares, 7 millones de jubilados, pensionados y 2,5 millones de beneficiarios de la AUH. Adem\u00e1s, abarca a 9 millones de trabajadores en relaci\u00f3n de dependencia con sueldos inferiores a 708.000 pesos.<\/p>\n\n\n\n<h2>Impacto<\/h2>\n\n\n\n<p>Con respecto al impacto de las medidas recientes, un reciente informe del Instituto Argentino de An\u00e1lisis Fiscal (Iaraf) detall\u00f3 que hasta fin de a\u00f1o, las provincias saldr\u00edan ganando. Tom\u00f3 los cambios de Compra sin IVA y tambi\u00e9n con la reforma del impuesto a las ganancias, que impuls\u00f3 Massa y ya tiene media sanci\u00f3n de la C\u00e1mara de Diputados.<\/p>\n\n\n\n<p>Con respecto a Compra sin IVA, el instituto que encabeza&nbsp;<strong>Nad\u00edn Arga\u00f1ar\u00e1s<\/strong>, indic\u00f3 que el reintegro tope de $18.800 a 20 millones de personas aproximadamente, tiene dos cuestiones relevantes:<\/p>\n\n\n\n<p>1) \u201cal aumentar el ingreso disponible de las personas, va a generar un aumento de consumo, que a su vez va a impactar positivamente en la recaudaci\u00f3n\u201d<\/p>\n\n\n\n<p><img decoding=\"async\" loading=\"lazy\" alt=\"Impacto de Compre sin IVA seg\u00fan Iaraf\" height=\"1495\" width=\"1920\" src=\"https:\/\/www.infobae.com\/new-resizer\/CLJvVrugaJKnAqWlKCbO4yGOorw=\/arc-anglerfish-arc2-prod-infobae\/public\/R26KVQQDZFEE5JHSO42ZUTHCFU.jpg\" srcset=\"https:\/\/www.infobae.com\/new-resizer\/mIQchtc2Q48kR1kZF5lIXUBg9l4=\/420x315\/filters:format(webp):quality(85)\/cloudfront-us-east-1.images.arcpublishing.com\/infobae\/R26KVQQDZFEE5JHSO42ZUTHCFU.jpg 420w,https:\/\/www.infobae.com\/new-resizer\/XH0YzzjYOmC3ehQL-W7JE0OeDeE=\/768x576\/filters:format(webp):quality(85)\/cloudfront-us-east-1.images.arcpublishing.com\/infobae\/R26KVQQDZFEE5JHSO42ZUTHCFU.jpg 768w,https:\/\/www.infobae.com\/new-resizer\/q5aj0vt8-X9We0AnKhyyfDHa5wM=\/992x744\/filters:format(webp):quality(85)\/cloudfront-us-east-1.images.arcpublishing.com\/infobae\/R26KVQQDZFEE5JHSO42ZUTHCFU.jpg 992w,https:\/\/www.infobae.com\/new-resizer\/Z0vZ5rQJFuGX8_OQuUGeVljAjc4=\/1200x900\/filters:format(webp):quality(85)\/cloudfront-us-east-1.images.arcpublishing.com\/infobae\/R26KVQQDZFEE5JHSO42ZUTHCFU.jpg 1200w,https:\/\/www.infobae.com\/new-resizer\/imfVLP_Gkw7rdeekxRkoXxxMj84=\/1440x1080\/filters:format(webp):quality(85)\/cloudfront-us-east-1.images.arcpublishing.com\/infobae\/R26KVQQDZFEE5JHSO42ZUTHCFU.jpg 1440w\">Impacto de Compre sin IVA seg\u00fan Iaraf<\/p>\n\n\n\n<p>2) \u201cal ser tan elevado el incentivo para el consumidor, va a aumentar el grado de formalizaci\u00f3n de las ventas previas a la recepci\u00f3n del reintegro. Dado que para recibir el reintegro hay que hacer compras formales, es posible que esa formalizaci\u00f3n sustituya informalizaci\u00f3n previa. Se va a sustituir consumo informal por consumo formal, lo que tambi\u00e9n impacta positivamente en la recaudaci\u00f3n\u201d.<\/p>\n\n\n\n<p>Seg\u00fan el Iaraf, al aumentar el consumo formal aumenta la recaudaci\u00f3n de IVA y de Ganancias, pero tambi\u00e9n de ingresos brutos provincial y de la tasa municipal sobre las ventas. Al igual que con la reforma del impuesto a las ganancias.<\/p>\n\n\n\n<p>\u201cBajo el supuesto que los 20 millones de personas hagan uso pleno del reintegro, el costo mensual ser\u00eda de $376.000 millones, equivalente a $1.128.000 millones (0,63% del PIB) hasta fines de noviembre cuando vence. Cuando las personas consumen $89.500 durante un mes, terminan de recibir los $18.800. Al consumir el reintegro, el fisco nacional, los fiscos provinciales y municipales cobran tributos. En este trabajo se considera un 22% de recaudaci\u00f3n conjunta de IVA y Ganancias, un 5% de ingresos brutos provincial y un 3% de TISH municipal. Es decir que sobre los $376.000 millones mensuales, Naci\u00f3n recauda el 10% (46% de la suma de IVA y Ganancias), Provincias y CABA el 12% (54% de la suma de IVA y Ganancias), Provincias por ingresos brutos el 5% y municipios por TISH municipal el 3%\u201d, explicaron.<\/p>\n\n\n\n<p>Iaraf concluy\u00f3 que debido a que Naci\u00f3n soporta enteramente el costo fiscal del programa \u201cCompre sin IVA\u201d, las provincias y CABA ganar\u00edan recursos con la implementaci\u00f3n conjunta de la reforma de ganancias y del programa, a\u00fan sin considerar una mejora de la formalizaci\u00f3n de las ventas necesarias para obtener el reintegro. \u201cDado que por la reforma de ganancias las provincias y CABA perder\u00edan 0,06% del PIB de ac\u00e1 a fin de a\u00f1o, si el sistema de Compre sin IVA se aplicara plenamente, saldr\u00edan ganando 0,05% del PIB, dado que por el reintegro cobrar\u00edan un extra de 0,11% del PIB. Ahora bien, resulta importante incorporar las posibles ganancias por mayor formalizaci\u00f3n de las ventas\u201d, dijo el instituto fiscal.<\/p>\n\n\n\n<p>Fuente: Infobae<\/p>\n","protected":false},"excerpt":{"rendered":"<div class=\"mh-excerpt\"><p>Seg\u00fan datos del ministerio de Econom\u00eda, en lo que va de esta semana, m\u00e1s de 3,3 millones de personas recibieron los reintegros de sus compras de alimentos. Se trata del programa \u201cCompre sin IVA\u201d, que el ministro y candidato de Uni\u00f3n por la Patria\u00a0Sergio Massa\u00a0lanz\u00f3 d\u00edas atr\u00e1s. La medida, detall\u00f3 la AFIP, busca aliviar la carga fiscal en la compra de productos de la canasta b\u00e1sica a trav\u00e9s de la&nbsp;devoluci\u00f3n del IVA&nbsp;(Impuesto al Valor Agregado) en compras de productos de la canasta b\u00e1sica, hechas con tarjeta de d\u00e9bito y con tope en $18.800 mensuales. Los reintegros se realizan 48 horas <a class=\"mh-excerpt-more\" href=\"http:\/\/dsrmedios.com.ar\/diario\/archivos\/39656\" title=\"Devoluci\u00f3n del IVA: m\u00e1s de 3,3 millones de personas recibieron los reintegros de sus compras de alimentos\">[Leer m\u00e1s]<\/a><\/p>\n<\/div>","protected":false},"author":8,"featured_media":39659,"comment_status":"open","ping_status":"closed","sticky":false,"template":"","format":"standard","meta":{"_jetpack_newsletter_access":""},"categories":[6],"tags":[],"jetpack_featured_media_url":"http:\/\/dsrmedios.com.ar\/diario\/wp-content\/uploads\/2023\/09\/images-91.jpg","jetpack_sharing_enabled":true,"jetpack_shortlink":"https:\/\/wp.me\/p9fihK-ajC","_links":{"self":[{"href":"http:\/\/dsrmedios.com.ar\/diario\/wp-json\/wp\/v2\/posts\/39656"}],"collection":[{"href":"http:\/\/dsrmedios.com.ar\/diario\/wp-json\/wp\/v2\/posts"}],"about":[{"href":"http:\/\/dsrmedios.com.ar\/diario\/wp-json\/wp\/v2\/types\/post"}],"author":[{"embeddable":true,"href":"http:\/\/dsrmedios.com.ar\/diario\/wp-json\/wp\/v2\/users\/8"}],"replies":[{"embeddable":true,"href":"http:\/\/dsrmedios.com.ar\/diario\/wp-json\/wp\/v2\/comments?post=39656"}],"version-history":[{"count":1,"href":"http:\/\/dsrmedios.com.ar\/diario\/wp-json\/wp\/v2\/posts\/39656\/revisions"}],"predecessor-version":[{"id":39660,"href":"http:\/\/dsrmedios.com.ar\/diario\/wp-json\/wp\/v2\/posts\/39656\/revisions\/39660"}],"wp:featuredmedia":[{"embeddable":true,"href":"http:\/\/dsrmedios.com.ar\/diario\/wp-json\/wp\/v2\/media\/39659"}],"wp:attachment":[{"href":"http:\/\/dsrmedios.com.ar\/diario\/wp-json\/wp\/v2\/media?parent=39656"}],"wp:term":[{"taxonomy":"category","embeddable":true,"href":"http:\/\/dsrmedios.com.ar\/diario\/wp-json\/wp\/v2\/categories?post=39656"},{"taxonomy":"post_tag","embeddable":true,"href":"http:\/\/dsrmedios.com.ar\/diario\/wp-json\/wp\/v2\/tags?post=39656"}],"curies":[{"name":"wp","href":"https:\/\/api.w.org\/{rel}","templated":true}]}}