{"id":39650,"date":"2023-09-22T10:05:40","date_gmt":"2023-09-22T13:05:40","guid":{"rendered":"http:\/\/dsrmedios.com.ar\/diario\/?p=39650"},"modified":"2023-09-22T10:05:44","modified_gmt":"2023-09-22T13:05:44","slug":"la-pobreza-crecio-fuerte-el-primer-semestre-segun-mediciones-privadas-que-anticipan-el-dato-oficial","status":"publish","type":"post","link":"http:\/\/dsrmedios.com.ar\/diario\/archivos\/39650","title":{"rendered":"La pobreza creci\u00f3 fuerte el primer semestre seg\u00fan mediciones privadas que anticipan el dato oficial"},"content":{"rendered":"\n<p>A pocos d\u00edas de que el\u00a0<a rel=\"noreferrer noopener\" href=\"https:\/\/www.infobae.com\/tag\/indec\/\" target=\"_blank\">INDEC<\/a>\u00a0difunda la estimaci\u00f3n oficial de pobreza correspondiente al primer semestre del a\u00f1o, proyecciones privadas basadas en las estad\u00edsticas que el propio organismo difundi\u00f3 ayer sobre la distribuci\u00f3n del ingreso en la Argentina arrojan cifras alarmantes.\u00a0<strong>La poblaci\u00f3n\u00a0<\/strong><a rel=\"noreferrer noopener\" href=\"https:\/\/www.infobae.com\/economia\/2023\/09\/21\/pobreza-en-medio-de-la-suba-de-la-inflacion-la-mitad-de-los-hogares-vive-con-menos-de-200000-por-mes\/\" target=\"_blank\"><strong>por debajo de la l\u00ednea de pobreza<\/strong><\/a><strong>\u00a0en la primera mitad del a\u00f1o super\u00f3 el 40%<\/strong>, de acuerdo a dos de los economistas especializados m\u00e1s respetados en esta \u00e1rea.<a rel=\"noreferrer noopener\" href=\"https:\/\/www.infobae.com\/economia\/2023\/09\/22\/el-derrumbe-global-del-mercado-y-la-baja-de-la-soja-complico-el-plan-del-gobierno-de-sostener-el-atraso-cambiario\/\" target=\"_blank\"><\/a><\/p>\n\n\n\n<p>\u201c<strong>Casi seguro por encima de 40% pero por debajo de 41%<\/strong>. Mi estimaci\u00f3n (conservadora) ser\u00eda 40.3%\u201d, anticip\u00f3&nbsp;<strong>Leopoldo Tornarolli,&nbsp;<\/strong>investigador del CEDLAS en materia de asuntos pobreza y desigualdad, quien con los datos del Informe de Distribuci\u00f3n del Ingreso publicados ayer confirm\u00f3 una tendencia que ya advert\u00eda desde hace meses.<\/p>\n\n\n\n<p>Una estimaci\u00f3n similar es la del director de la Maestr\u00eda en Econometr\u00eda de la Universidad Di Tella e investigador del Centro de Investigaci\u00f3n de Finanzas de esa casa de estudios,&nbsp;<strong>Mart\u00edn Gonz\u00e1lez Rozada<\/strong>, quien tras analizar los \u00faltimos datos oficiales de ingresos, corrigi\u00f3 levemente su estimaci\u00f3n previa y&nbsp;<strong>proyect\u00f3 40,1% de pobreza para el primer semestre<\/strong>. Todos los meses, en base a los datos de la Encuesta Permanente de Hogares y los valores de la canasta b\u00e1sica, Rozada actualiza el dato m\u00e1s sensible para cualquier gesti\u00f3n econ\u00f3mica. Si bien existe un margen de error, su c\u00e1lculo es que&nbsp;<strong>el m\u00ednimo que se informar\u00e1 el pr\u00f3ximo mi\u00e9rcoles es de 40%<\/strong>&nbsp;con un techo de hasta 43% de la poblaci\u00f3n.<\/p>\n\n\n\n<p>A ese resultado se lleg\u00f3 tras un primer trimestre con cifras algo m\u00e1s favorables, por debajo de 39%, y un empeoramiento notorio en los siguientes tres meses, en los que habr\u00eda superado 41% al calor de la aceleraci\u00f3n inflacionaria y un menor dinamismo de la actividad econ\u00f3mica. De ah\u00ed que Tornarolli abri\u00f3 un interrogante para el segundo semestre, cuando impactar\u00e1n de lleno los peores \u00edndices de inflaci\u00f3n en m\u00e1s de 30 a\u00f1os.&nbsp;<strong>\u201cEl efecto en la pobreza de devaluaci\u00f3n y nueva aceleraci\u00f3n de inflaci\u00f3n reci\u00e9n lo conoceremos en diciembre\u201d<\/strong>, advirti\u00f3.<\/p>\n\n\n\n<p><img decoding=\"async\" loading=\"lazy\" alt=\"El an\u00e1lisis de Leopoldo Tornarolli, investigador del CEDLAS (Fuente: Leopoldo Tornarolli, CEDLAS)\" height=\"1147\" width=\"1920\" src=\"https:\/\/www.infobae.com\/new-resizer\/NKujBPkuETvmv0mCh1R2BYrvrAc=\/arc-anglerfish-arc2-prod-infobae\/public\/WL7BPAQYYRBSDJTG7PZAUTKNBY.jpg\" srcset=\"https:\/\/www.infobae.com\/new-resizer\/V07wznKlckR_UzketXIJWHaJ8wM=\/992x606\/filters:format(webp):quality(85)\/cloudfront-us-east-1.images.arcpublishing.com\/infobae\/WL7BPAQYYRBSDJTG7PZAUTKNBY.jpg 992w\">El an\u00e1lisis de Leopoldo Tornarolli, investigador del CEDLAS (Fuente: Leopoldo Tornarolli, CEDLAS)<\/p>\n\n\n\n<p>Para esa fecha solo puede esperarse el corolario de la foto que ya sac\u00f3 el INDEC en los primeros seis meses de 2023. Seg\u00fan inform\u00f3 ayer,\u00a0<strong>la mitad de los hogares de la Argentina vivieron en el primer semestre con un ingreso menor a los $200.000 mensuales<\/strong>. Durante el segundo trimestre del a\u00f1o, adem\u00e1s, el organismo estad\u00edstico inform\u00f3 que aument\u00f3 el nivel de desigualdad en el pa\u00eds.<\/p>\n\n\n\n<p>En el informe \u201c<strong>Evoluci\u00f3n de la distribuci\u00f3n del Ingreso<\/strong>\u201d, el organismo estad\u00edstico tambi\u00e9n public\u00f3 que el&nbsp;<strong>coeficiente de Gini<\/strong>, que mide el ingreso per c\u00e1pita familiar,&nbsp;<strong>fue de 0,417 para el segundo trimestre<\/strong>&nbsp;cuando en el mismo trimestre de 2022 el valor fue de 0,414, \u201clo que muestra un leve aumento de la desigualdad en la comparaci\u00f3n interanual\u201d, seg\u00fan mencion\u00f3.<\/p>\n\n\n\n<p>La publicaci\u00f3n incluy\u00f3 una serie de cuadros en los que se destaca el ingreso promedio con el que vivieron durante ese per\u00edodo los diez deciles en lo que el Indec divide a la poblaci\u00f3n. Contando hasta el decil 5 inclusive, los hogares vivieron, durante el segundo trimestre, con un ingreso menor a los $200.000 mensuales mientras que&nbsp;<strong>el 30% del total, lo hizo incluso con una remuneraci\u00f3n inferior a los $140.000 por mes.<\/strong><\/p>\n\n\n\n<p>\u201cEn el caso de los hogares,&nbsp;<strong>los ingresos laborales representaron el 76,1% de los ingresos totales<\/strong>, mientras que los ingresos no laborales alcanzaron el 23,9% restante. El peso de los ingresos no laborales fue mayor para los deciles de ingreso total familiar m\u00e1s bajos: 64,8% en el decil 1 y 15,1% en el 10\u2033, indic\u00f3 el informe.<\/p>\n\n\n\n<p>Es con esos datos que los analistas especializados pueden anticipar incidencia de pobreza e indigencia que publicar\u00e1 el Indec el pr\u00f3ximo mi\u00e9rcoles.<\/p>\n\n\n\n<p>Fuente: Infobae<\/p>\n","protected":false},"excerpt":{"rendered":"<div class=\"mh-excerpt\"><p>A pocos d\u00edas de que el\u00a0INDEC\u00a0difunda la estimaci\u00f3n oficial de pobreza correspondiente al primer semestre del a\u00f1o, proyecciones privadas basadas en las estad\u00edsticas que el propio organismo difundi\u00f3 ayer sobre la distribuci\u00f3n del ingreso en la Argentina arrojan cifras alarmantes.\u00a0La poblaci\u00f3n\u00a0por debajo de la l\u00ednea de pobreza\u00a0en la primera mitad del a\u00f1o super\u00f3 el 40%, de acuerdo a dos de los economistas especializados m\u00e1s respetados en esta \u00e1rea. \u201cCasi seguro por encima de 40% pero por debajo de 41%. Mi estimaci\u00f3n (conservadora) ser\u00eda 40.3%\u201d, anticip\u00f3&nbsp;Leopoldo Tornarolli,&nbsp;investigador del CEDLAS en materia de asuntos pobreza y desigualdad, quien con los datos del <a class=\"mh-excerpt-more\" href=\"http:\/\/dsrmedios.com.ar\/diario\/archivos\/39650\" title=\"La pobreza creci\u00f3 fuerte el primer semestre seg\u00fan mediciones privadas que anticipan el dato oficial\">[Leer m\u00e1s]<\/a><\/p>\n<\/div>","protected":false},"author":8,"featured_media":39654,"comment_status":"open","ping_status":"closed","sticky":false,"template":"","format":"standard","meta":{"_jetpack_newsletter_access":""},"categories":[6],"tags":[],"jetpack_featured_media_url":"http:\/\/dsrmedios.com.ar\/diario\/wp-content\/uploads\/2023\/09\/images-90.jpg","jetpack_sharing_enabled":true,"jetpack_shortlink":"https:\/\/wp.me\/p9fihK-ajw","_links":{"self":[{"href":"http:\/\/dsrmedios.com.ar\/diario\/wp-json\/wp\/v2\/posts\/39650"}],"collection":[{"href":"http:\/\/dsrmedios.com.ar\/diario\/wp-json\/wp\/v2\/posts"}],"about":[{"href":"http:\/\/dsrmedios.com.ar\/diario\/wp-json\/wp\/v2\/types\/post"}],"author":[{"embeddable":true,"href":"http:\/\/dsrmedios.com.ar\/diario\/wp-json\/wp\/v2\/users\/8"}],"replies":[{"embeddable":true,"href":"http:\/\/dsrmedios.com.ar\/diario\/wp-json\/wp\/v2\/comments?post=39650"}],"version-history":[{"count":1,"href":"http:\/\/dsrmedios.com.ar\/diario\/wp-json\/wp\/v2\/posts\/39650\/revisions"}],"predecessor-version":[{"id":39655,"href":"http:\/\/dsrmedios.com.ar\/diario\/wp-json\/wp\/v2\/posts\/39650\/revisions\/39655"}],"wp:featuredmedia":[{"embeddable":true,"href":"http:\/\/dsrmedios.com.ar\/diario\/wp-json\/wp\/v2\/media\/39654"}],"wp:attachment":[{"href":"http:\/\/dsrmedios.com.ar\/diario\/wp-json\/wp\/v2\/media?parent=39650"}],"wp:term":[{"taxonomy":"category","embeddable":true,"href":"http:\/\/dsrmedios.com.ar\/diario\/wp-json\/wp\/v2\/categories?post=39650"},{"taxonomy":"post_tag","embeddable":true,"href":"http:\/\/dsrmedios.com.ar\/diario\/wp-json\/wp\/v2\/tags?post=39650"}],"curies":[{"name":"wp","href":"https:\/\/api.w.org\/{rel}","templated":true}]}}