{"id":39647,"date":"2023-09-22T10:03:28","date_gmt":"2023-09-22T13:03:28","guid":{"rendered":"http:\/\/dsrmedios.com.ar\/diario\/?p=39647"},"modified":"2023-09-22T10:03:31","modified_gmt":"2023-09-22T13:03:31","slug":"se-realizo-el-3-encuentro-del-equipo-tecnico-interdisciplinario-distrital-de-jovenes-en-trama","status":"publish","type":"post","link":"http:\/\/dsrmedios.com.ar\/diario\/archivos\/39647","title":{"rendered":"<strong>Se realiz\u00f3 el 3\u00b0 Encuentro del Equipo T\u00e9cnico Interdisciplinario Distrital de J\u00f3venes en Trama<\/strong>"},"content":{"rendered":"\n<h3>Como cada a\u00f1o, el equipo t\u00e9cnico interdisciplinario distrital de J\u00f3venes en Trama se reuni\u00f3 para compartir una jornada de reflexi\u00f3n, intercambio y balance; en esta ocasi\u00f3n contaron con la participaci\u00f3n del Lic. en Psicolog\u00eda David Vaisman, quien realiz\u00f3 ajustes espec\u00edficos de intervenciones tanto internas como externas y brind\u00f3 orientaciones a nivel institucional.<\/h3>\n\n\n\n<p>A trav\u00e9s de rol play se representaron situaciones ejemplificadoras, descriptas de articulaciones institucionales, y propuestas con conflicto. Tambi\u00e9n llevaron a cabo el an\u00e1lisis FODA (fortalezas, oportunidades, debilidades y amenazas) por cada sede.<\/p>\n\n\n\n<p>Las representantes de las sedes de Villa Maza, Carhu\u00e9, Rivera y San Miguel: Yamila Coronel y Luz Gittlein; Sonia Hegen, Maricel Schiebelbain, Fiama Simonini, Adriana D\u00edaz, Jaqueline Colla y F\u00e1tima Trofimovich; Florencia Trossero y Sof\u00eda Hegel; Luana Rol\u00f3n y Maria Elena Monz\u00f3n, respectivamente, junto a la Directora Distrital del \u00e1rea, Mariana Justel, realizaron el encuentro en la sede de Carhu\u00e9, compartieron un almuerzo e intercambiaron presentes.<\/p>\n","protected":false},"excerpt":{"rendered":"<div class=\"mh-excerpt\"><p>Como cada a\u00f1o, el equipo t\u00e9cnico interdisciplinario distrital de J\u00f3venes en Trama se reuni\u00f3 para compartir una jornada de reflexi\u00f3n, intercambio y balance; en esta ocasi\u00f3n contaron con la participaci\u00f3n del Lic. en Psicolog\u00eda David Vaisman, quien realiz\u00f3 ajustes espec\u00edficos de intervenciones tanto internas como externas y brind\u00f3 orientaciones a nivel institucional. A trav\u00e9s de rol play se representaron situaciones ejemplificadoras, descriptas de articulaciones institucionales, y propuestas con conflicto. Tambi\u00e9n llevaron a cabo el an\u00e1lisis FODA (fortalezas, oportunidades, debilidades y amenazas) por cada sede. Las representantes de las sedes de Villa Maza, Carhu\u00e9, Rivera y San Miguel: Yamila Coronel y <a class=\"mh-excerpt-more\" href=\"http:\/\/dsrmedios.com.ar\/diario\/archivos\/39647\" title=\"Se realiz\u00f3 el 3\u00b0 Encuentro del Equipo T\u00e9cnico Interdisciplinario Distrital de J\u00f3venes en Trama\">[Leer m\u00e1s]<\/a><\/p>\n<\/div>","protected":false},"author":8,"featured_media":39651,"comment_status":"open","ping_status":"closed","sticky":false,"template":"","format":"standard","meta":{"_jetpack_newsletter_access":""},"categories":[18,31,5],"tags":[],"jetpack_featured_media_url":"http:\/\/dsrmedios.com.ar\/diario\/wp-content\/uploads\/2023\/09\/WhatsApp-Image-2023-09-18-at-10.20.18.jpeg","jetpack_sharing_enabled":true,"jetpack_shortlink":"https:\/\/wp.me\/p9fihK-ajt","_links":{"self":[{"href":"http:\/\/dsrmedios.com.ar\/diario\/wp-json\/wp\/v2\/posts\/39647"}],"collection":[{"href":"http:\/\/dsrmedios.com.ar\/diario\/wp-json\/wp\/v2\/posts"}],"about":[{"href":"http:\/\/dsrmedios.com.ar\/diario\/wp-json\/wp\/v2\/types\/post"}],"author":[{"embeddable":true,"href":"http:\/\/dsrmedios.com.ar\/diario\/wp-json\/wp\/v2\/users\/8"}],"replies":[{"embeddable":true,"href":"http:\/\/dsrmedios.com.ar\/diario\/wp-json\/wp\/v2\/comments?post=39647"}],"version-history":[{"count":1,"href":"http:\/\/dsrmedios.com.ar\/diario\/wp-json\/wp\/v2\/posts\/39647\/revisions"}],"predecessor-version":[{"id":39652,"href":"http:\/\/dsrmedios.com.ar\/diario\/wp-json\/wp\/v2\/posts\/39647\/revisions\/39652"}],"wp:featuredmedia":[{"embeddable":true,"href":"http:\/\/dsrmedios.com.ar\/diario\/wp-json\/wp\/v2\/media\/39651"}],"wp:attachment":[{"href":"http:\/\/dsrmedios.com.ar\/diario\/wp-json\/wp\/v2\/media?parent=39647"}],"wp:term":[{"taxonomy":"category","embeddable":true,"href":"http:\/\/dsrmedios.com.ar\/diario\/wp-json\/wp\/v2\/categories?post=39647"},{"taxonomy":"post_tag","embeddable":true,"href":"http:\/\/dsrmedios.com.ar\/diario\/wp-json\/wp\/v2\/tags?post=39647"}],"curies":[{"name":"wp","href":"https:\/\/api.w.org\/{rel}","templated":true}]}}