{"id":39625,"date":"2023-09-20T15:08:00","date_gmt":"2023-09-20T18:08:00","guid":{"rendered":"http:\/\/dsrmedios.com.ar\/diario\/?p=39625"},"modified":"2023-09-20T15:08:03","modified_gmt":"2023-09-20T18:08:03","slug":"un-frigorifico-pampeano-recibe-la-distincion-marca-pais-por-su-labor-para-que-la-carne-sea-orgullo-nacional-e-internacional","status":"publish","type":"post","link":"http:\/\/dsrmedios.com.ar\/diario\/archivos\/39625","title":{"rendered":"Un Frigor\u00edfico pampeano recibe la distinci\u00f3n \u201cMarca Pa\u00eds\u201d por su labor para que la carne sea orgullo nacional e internacional"},"content":{"rendered":"\n<p>En el sal\u00f3n de actos de La Municipalidad de General Pico, Frigor\u00edfico Pico y su exclusiva marca Ohra Pampa tuvieron el honor de ser en la actualidad el \u00fanico frigor\u00edfico en recibir la certificaci\u00f3n \u201cMARCA PA\u00cdS\u201d, un logro que reconoce el trabajo y dedicaci\u00f3n sostenida en el tiempo, poniendo en valor la carne argentina y posicion\u00e1ndola como sin\u00f3nimo de excelencia, aqu\u00ed y en todo el mundo.<\/p>\n\n\n\n<p>Gast\u00f3n Pellegrino, director de Frigor\u00edfico Pico y su exclusiva marca de carne seleccionada Ohra Pampa, tuvo el decoro de recibir tan importante distinci\u00f3n en representaci\u00f3n de las m\u00e1s de 800 familias que forman parte del frigor\u00edfico y de los due\u00f1os del Frigor\u00edfico Pico, en nombre de quienes extendi\u00f3 un firme agradecimiento al Gobierno de La Pampa y al Sindicato de los Trabajadores de la Carne de La Pampa por el acompa\u00f1amiento permanente, sin el cual este galard\u00f3n no ser\u00eda posible, y a las Autoridades Nacionales de Marca Pa\u00eds por tan destacado honor. El directivo continu\u00f3 alentando el trabajo mancomunado con todos los integrantes de la cadena de valor productiva, a fin de seguir honrando la riqueza ganadera argentina. &nbsp;<\/p>\n\n\n\n<p>\u201cMARCA PA\u00cdS\u201d es una herramienta de promoci\u00f3n de la Rep\u00fablica Argentina, que tiene como objetivo el posicionamiento internacional y la promoci\u00f3n del turismo, la cultura, el talento argentino, las exportaciones y el fortalecimiento del orgullo nacional, entre otros. Se trata de una Pol\u00edtica de Estado gestionada por la Secretar\u00eda de Promoci\u00f3n Tur\u00edstica del Ministerio de Turismo y Deportes de la Naci\u00f3n, resultando de gran valor estrat\u00e9gico para el crecimiento y desarrollo nacional en el escenario global.&nbsp;<\/p>\n\n\n\n<p>En este contexto, Frigor\u00edfico Pico, -compa\u00f1\u00eda familiar de capitales nacionales, liderada por Ernesto y Alan Lowenstein, padre e hijo, s\u00e9ptima generaci\u00f3n de apasionados en la b\u00fasqueda de la excelencia de la industria frigor\u00edfica-, se enorgullece de ser galardonada como \u201cMARCA PA\u00cdS\u201d y reafirma su compromiso en seguir apostando al desarrollo del sector, al fomento de la carne argentina como s\u00edmbolo nacional y a la consolidaci\u00f3n de La Pampa como la Provincia Argentina de la Carne de Calidad.<\/p>\n\n\n\n<p>Entre los m\u00e9ritos para tal distinci\u00f3n se destaca su complejo productivo dotado de tecnolog\u00eda de vanguardia, bajo los m\u00e1s altos est\u00e1ndares internacionales, ser de los principales empleadores de la regi\u00f3n, su programa de \u201cEmpleo Inclusivo\u201d generando oportunidades para personas con discapacidad, y ser impulsores de \u201cLa Ruta de la Carne\u201d un ambicioso programa de fomento de La Pampa como destino atractivo para el turismo nacional e internacional, entre otros hitos que contribuyen al fortalecimiento del pa\u00eds.<\/p>\n\n\n\n<p>Durante la ceremonia de entrega, Gast\u00f3n Pellegrino, expres\u00f3: \u201cDesde Frigor\u00edfico Pico nos sentimos honrados de ser el primer frigor\u00edfico en recibir la distinci\u00f3n MARCA PA\u00cdS, y estamos seguros del enorme potencial que la carne pampeana tiene para aportarle al desarrollo del pa\u00eds e incluso para desarrollar mercados y conquistar los paladares m\u00e1s exigentes del mundo. Por un lado, seguiremos fomentando la carne y el asado como tradici\u00f3n arraigada a la cultura argentina que nos distingue en el mundo, y por el otro, estamos trabajando en la promoci\u00f3n de La Pampa, como destino para que los turistas nacionales e internacionales vengan a deleitarse con nuestros sabores \u00fanicos, generando empleo, inversiones y orgullo argentino\u201d.<\/p>\n\n\n\n<p>Maravillada con el potencial tur\u00edstico de La Pampa y de la excelencia de Frigor\u00edfico Pico, la Dra. Yanina Mart\u00ednez, secretaria de Promoci\u00f3n Tur\u00edstica de la Naci\u00f3n, expres\u00f3: \u201cMarca Pa\u00eds busca mostrar los atributos positivos y diferenciales de la Argentina al mundo y tambi\u00e9n la recuperaci\u00f3n del orgullo nacional. Este frigor\u00edfico es un orgullo para el pa\u00eds, porque ayuda al posicionamiento de La Pampa, genera n\u00fameros puestos de trabajo, y a su vez logra una vinculaci\u00f3n con la gastronom\u00eda y el turismo, siendo \u201cLa Ruta de la Carne\u201d un gran factor para atraer turistas. Los felicito por el trabajo que vienen haciendo, por la calidad de los productos, por el compromiso con la seguridad, sanidad y bienestar animal, logrando excelencia productiva\u2026 Por todo esto, los acompa\u00f1aremos desde \u201cMarca Pa\u00eds\u201d con esta articulaci\u00f3n p\u00fablico-privada para seguir generando beneficios para la comunidad, de la mano de todos lo que quieren hacer de La Pampa y General Pico localidades maravillosas\u201d.<\/p>\n\n\n\n<p>Por su parte, Adriana Romero, secretaria de Turismo de la Provincia de La Pampa, felicit\u00f3 al Frigor\u00edfico Pico y agreg\u00f3: \u201cEs muy positivo que un frigor\u00edfico reciba la Marca Pa\u00eds, por la fuerte relaci\u00f3n que existe entre el Turismo, la gastronom\u00eda y la carne pampeana, -una alianza imbatible-, porque la comida tiene el potencial de ayudarnos a construir experiencias memorables y en ese sentido, tenemos una ventaja competitiva, nuestra carne es un producto \u00fanico, identitario. Por eso, celebramos y nos enorgullece esta distinci\u00f3n a este frigor\u00edfico local con el que venimos y continuaremos trabajando para la promoci\u00f3n de La Pampa\u201d.<br>La intendenta de General Pico, Lic. Fernanda Alonso, destac\u00f3 la trayectoria del frigor\u00edfico y su rol como: \u201cFuente de empleo para much\u00edsimas familias, y que tambi\u00e9n con Marca Pa\u00eds logra dar un salto cualitativo que permitir\u00e1 visibilizar la calidad de la carne pampeana y su cuesti\u00f3n cultural. Me enorgullece que esta distinci\u00f3n se otorgue en el municipio, -la casa del pueblo-, y que \u00e9ste sea el \u00e1mbito donde una empresa con decisi\u00f3n sostenida en el tiempo de apostar al desarr<\/p>\n\n\n\n<p>Fuente: sudoesteba<\/p>\n","protected":false},"excerpt":{"rendered":"<div class=\"mh-excerpt\"><p>En el sal\u00f3n de actos de La Municipalidad de General Pico, Frigor\u00edfico Pico y su exclusiva marca Ohra Pampa tuvieron el honor de ser en la actualidad el \u00fanico frigor\u00edfico en recibir la certificaci\u00f3n \u201cMARCA PA\u00cdS\u201d, un logro que reconoce el trabajo y dedicaci\u00f3n sostenida en el tiempo, poniendo en valor la carne argentina y posicion\u00e1ndola como sin\u00f3nimo de excelencia, aqu\u00ed y en todo el mundo. Gast\u00f3n Pellegrino, director de Frigor\u00edfico Pico y su exclusiva marca de carne seleccionada Ohra Pampa, tuvo el decoro de recibir tan importante distinci\u00f3n en representaci\u00f3n de las m\u00e1s de 800 familias que forman parte <a class=\"mh-excerpt-more\" href=\"http:\/\/dsrmedios.com.ar\/diario\/archivos\/39625\" title=\"Un Frigor\u00edfico pampeano recibe la distinci\u00f3n \u201cMarca Pa\u00eds\u201d por su labor para que la carne sea orgullo nacional e internacional\">[Leer m\u00e1s]<\/a><\/p>\n<\/div>","protected":false},"author":8,"featured_media":39629,"comment_status":"open","ping_status":"closed","sticky":false,"template":"","format":"standard","meta":{"_jetpack_newsletter_access":""},"categories":[1],"tags":[],"jetpack_featured_media_url":"http:\/\/dsrmedios.com.ar\/diario\/wp-content\/uploads\/2023\/09\/mercados.jpg","jetpack_sharing_enabled":true,"jetpack_shortlink":"https:\/\/wp.me\/p9fihK-aj7","_links":{"self":[{"href":"http:\/\/dsrmedios.com.ar\/diario\/wp-json\/wp\/v2\/posts\/39625"}],"collection":[{"href":"http:\/\/dsrmedios.com.ar\/diario\/wp-json\/wp\/v2\/posts"}],"about":[{"href":"http:\/\/dsrmedios.com.ar\/diario\/wp-json\/wp\/v2\/types\/post"}],"author":[{"embeddable":true,"href":"http:\/\/dsrmedios.com.ar\/diario\/wp-json\/wp\/v2\/users\/8"}],"replies":[{"embeddable":true,"href":"http:\/\/dsrmedios.com.ar\/diario\/wp-json\/wp\/v2\/comments?post=39625"}],"version-history":[{"count":1,"href":"http:\/\/dsrmedios.com.ar\/diario\/wp-json\/wp\/v2\/posts\/39625\/revisions"}],"predecessor-version":[{"id":39630,"href":"http:\/\/dsrmedios.com.ar\/diario\/wp-json\/wp\/v2\/posts\/39625\/revisions\/39630"}],"wp:featuredmedia":[{"embeddable":true,"href":"http:\/\/dsrmedios.com.ar\/diario\/wp-json\/wp\/v2\/media\/39629"}],"wp:attachment":[{"href":"http:\/\/dsrmedios.com.ar\/diario\/wp-json\/wp\/v2\/media?parent=39625"}],"wp:term":[{"taxonomy":"category","embeddable":true,"href":"http:\/\/dsrmedios.com.ar\/diario\/wp-json\/wp\/v2\/categories?post=39625"},{"taxonomy":"post_tag","embeddable":true,"href":"http:\/\/dsrmedios.com.ar\/diario\/wp-json\/wp\/v2\/tags?post=39625"}],"curies":[{"name":"wp","href":"https:\/\/api.w.org\/{rel}","templated":true}]}}