{"id":39620,"date":"2023-09-20T15:02:04","date_gmt":"2023-09-20T18:02:04","guid":{"rendered":"http:\/\/dsrmedios.com.ar\/diario\/?p=39620"},"modified":"2023-09-20T15:02:08","modified_gmt":"2023-09-20T18:02:08","slug":"el-arquero-de-la-seleccion-argentina-que-quiere-river-si-se-va-franco-armani","status":"publish","type":"post","link":"http:\/\/dsrmedios.com.ar\/diario\/archivos\/39620","title":{"rendered":"El arquero de la Selecci\u00f3n Argentina que quiere River si se va Franco Armani"},"content":{"rendered":"\n<p>Sin lugar a dudas que, en un trascurso donde los resultados no se le dieron a&nbsp;<strong>River&nbsp;<\/strong>y qued\u00f3 eliminado de la&nbsp;<strong>Copa Libertadores<\/strong>&nbsp;ante&nbsp;<strong>Inter&nbsp;<\/strong>y de la&nbsp;<strong>Copa Argentina&nbsp;<\/strong>frente a&nbsp;<strong>Talleres<\/strong>, uno de los m\u00e1s apuntados fue<strong>&nbsp;Franco Armani<\/strong>, qui\u00e9n parece estar lejos de su mejor momento y su estad\u00eda en el Millonario, por cuestiones de edad, podr\u00eda estar llegando a su fin.<\/p>\n\n\n\n<p>El arquero cumple 37 a\u00f1os en un mes y por esta raz\u00f3n desde la dirigencia del&nbsp;<strong>Millonario&nbsp;<\/strong>ya se empezaron a mover para buscar un sucesor que est\u00e9 a la altura de poder ocupar el arco de uno de los equipos m\u00e1s importantes de&nbsp;<strong>Argentina<\/strong>. Durante las \u00faltimas horas resurgi\u00f3 un nombre que ya hab\u00eda sonado en el club y que gusta mucho puertas adentro.<\/p>\n\n\n\n<p><strong>Walter Ben\u00edtez<\/strong>&nbsp;ser\u00eda uno de los apuntados que tiene&nbsp;<strong>River&nbsp;<\/strong>en caso de que&nbsp;<strong>Franco Armani<\/strong>&nbsp;termine saliendo del club en el pr\u00f3ximo mercado de pases. El arquero del&nbsp;<strong>PSV&nbsp;<\/strong>de&nbsp;<strong>Pa\u00edses Bajos<\/strong>&nbsp;est\u00e1 asentado hace un tiempo en Europa y fue citado por&nbsp;<strong>Lionel Scaloni&nbsp;<\/strong>para formar parte de la<strong>&nbsp;Selecci\u00f3n Argentina<\/strong>&nbsp;en la \u00faltima doble fecha de&nbsp;<strong>Eliminatorias Sudamericanas<\/strong>.<\/p>\n\n\n\n<p>Lo que complica su llegada es que est\u00e1 tasado en&nbsp;<strong>12 millones de d\u00f3lares<\/strong>, un n\u00famero imposible de imaginar para nuestro f\u00fatbol pero que desde el Millonario no se quieren dar por vencidos e intentar\u00e1n negociar.<\/p>\n\n\n\n<h2>Los n\u00fameros de Walter Ben\u00edtez<\/h2>\n\n\n\n<ul>\n<li><strong>51 partidos disputados<\/strong><\/li>\n\n\n\n<li><strong>&nbsp;56 goles en contra<\/strong><\/li>\n\n\n\n<li><strong>\u00a0Valla invicta en 17 encuentros<\/strong><\/li>\n<\/ul>\n\n\n\n<p>Fuente: minutouno<\/p>\n","protected":false},"excerpt":{"rendered":"<div class=\"mh-excerpt\"><p>Sin lugar a dudas que, en un trascurso donde los resultados no se le dieron a&nbsp;River&nbsp;y qued\u00f3 eliminado de la&nbsp;Copa Libertadores&nbsp;ante&nbsp;Inter&nbsp;y de la&nbsp;Copa Argentina&nbsp;frente a&nbsp;Talleres, uno de los m\u00e1s apuntados fue&nbsp;Franco Armani, qui\u00e9n parece estar lejos de su mejor momento y su estad\u00eda en el Millonario, por cuestiones de edad, podr\u00eda estar llegando a su fin. El arquero cumple 37 a\u00f1os en un mes y por esta raz\u00f3n desde la dirigencia del&nbsp;Millonario&nbsp;ya se empezaron a mover para buscar un sucesor que est\u00e9 a la altura de poder ocupar el arco de uno de los equipos m\u00e1s importantes de&nbsp;Argentina. Durante las <a class=\"mh-excerpt-more\" href=\"http:\/\/dsrmedios.com.ar\/diario\/archivos\/39620\" title=\"El arquero de la Selecci\u00f3n Argentina que quiere River si se va Franco Armani\">[Leer m\u00e1s]<\/a><\/p>\n<\/div>","protected":false},"author":8,"featured_media":39621,"comment_status":"open","ping_status":"closed","sticky":false,"template":"","format":"standard","meta":{"_jetpack_newsletter_access":""},"categories":[2],"tags":[],"jetpack_featured_media_url":"http:\/\/dsrmedios.com.ar\/diario\/wp-content\/uploads\/2023\/09\/arqueros-la-seleccion-argentinajpg.webp","jetpack_sharing_enabled":true,"jetpack_shortlink":"https:\/\/wp.me\/p9fihK-aj2","_links":{"self":[{"href":"http:\/\/dsrmedios.com.ar\/diario\/wp-json\/wp\/v2\/posts\/39620"}],"collection":[{"href":"http:\/\/dsrmedios.com.ar\/diario\/wp-json\/wp\/v2\/posts"}],"about":[{"href":"http:\/\/dsrmedios.com.ar\/diario\/wp-json\/wp\/v2\/types\/post"}],"author":[{"embeddable":true,"href":"http:\/\/dsrmedios.com.ar\/diario\/wp-json\/wp\/v2\/users\/8"}],"replies":[{"embeddable":true,"href":"http:\/\/dsrmedios.com.ar\/diario\/wp-json\/wp\/v2\/comments?post=39620"}],"version-history":[{"count":1,"href":"http:\/\/dsrmedios.com.ar\/diario\/wp-json\/wp\/v2\/posts\/39620\/revisions"}],"predecessor-version":[{"id":39622,"href":"http:\/\/dsrmedios.com.ar\/diario\/wp-json\/wp\/v2\/posts\/39620\/revisions\/39622"}],"wp:featuredmedia":[{"embeddable":true,"href":"http:\/\/dsrmedios.com.ar\/diario\/wp-json\/wp\/v2\/media\/39621"}],"wp:attachment":[{"href":"http:\/\/dsrmedios.com.ar\/diario\/wp-json\/wp\/v2\/media?parent=39620"}],"wp:term":[{"taxonomy":"category","embeddable":true,"href":"http:\/\/dsrmedios.com.ar\/diario\/wp-json\/wp\/v2\/categories?post=39620"},{"taxonomy":"post_tag","embeddable":true,"href":"http:\/\/dsrmedios.com.ar\/diario\/wp-json\/wp\/v2\/tags?post=39620"}],"curies":[{"name":"wp","href":"https:\/\/api.w.org\/{rel}","templated":true}]}}