{"id":39616,"date":"2023-09-20T15:03:20","date_gmt":"2023-09-20T18:03:20","guid":{"rendered":"http:\/\/dsrmedios.com.ar\/diario\/?p=39616"},"modified":"2023-09-20T15:03:23","modified_gmt":"2023-09-20T18:03:23","slug":"patricia-bullrich-pretende-que-docentes-jubilados-den-clases-si-hay-paro","status":"publish","type":"post","link":"http:\/\/dsrmedios.com.ar\/diario\/archivos\/39616","title":{"rendered":"Patricia Bullrich pretende que docentes jubilados den clases si hay paro"},"content":{"rendered":"\n<p>En un nuevo paso por&nbsp;<em>LN+<\/em>, la candidata presidencial del macrismo,&nbsp;<strong>Patricia Bullrich,<\/strong>&nbsp;dio continuidad a su&nbsp;avanzada antisindical y ahora prometi\u00f3 acudir a la Corte Suprema de Justicia y quitar la personer\u00eda gremial a los sindicatos docentes que convoquen a paros.<\/p>\n\n\n\n<p>Desconociendo el derecho constitucional a la huelga,&nbsp;la abanderada de Juntos por el Cambio desaf\u00edo a los docentes, un blanco recurrente del macrismo y propuso, como \u00fanica pol\u00edtica educativa en un eventual gobierno suyo, perseguir a los trabajadores.<\/p>\n\n\n\n<p>Lejos de prometer mayor inversi\u00f3n en educaci\u00f3n, abrir m\u00e1s escuelas, mejorar el equipamiento o garantizar la continuidad del programa Conectar Igualdad que elimin\u00f3 en su momento la gesti\u00f3n de&nbsp;<strong>Mauricio Macri<\/strong>,&nbsp;Bullrich se limit\u00f3 a amenazar a los docentes.<\/p>\n\n\n\n<p>&#8220;En educaci\u00f3n se tienen que cumplir 190 d\u00edas de clases, sino est\u00e1 en peligro el futuro de nuestros chicos&#8221;, asegur\u00f3 Bullrich en di\u00e1logo con&nbsp;<strong>Eduardo Feinman<\/strong>&nbsp;y, consultada ante la eventualidad de paros dispar\u00f3: &#8220;llegaremos hasta la Corte Suprema de Justicia, haremos las causas penales, les sacaremos la personer\u00eda gremial, haremos todo lo que tenemos que hacer para que nunca m\u00e1s un chico en la Argentina no tenga los 190 d\u00edas de clases&#8221;<\/p>\n\n\n\n<p>Y hasta lanz\u00f3: &#8220;los gremios, cuando paren los colegios,\u00a0haremos como se hace en muchos pas\u00edes del mundo y llamaremos a los docentes jubilados&#8221;.<\/p>\n\n\n\n<p>Fuente: minutouno<\/p>\n","protected":false},"excerpt":{"rendered":"<div class=\"mh-excerpt\"><p>En un nuevo paso por&nbsp;LN+, la candidata presidencial del macrismo,&nbsp;Patricia Bullrich,&nbsp;dio continuidad a su&nbsp;avanzada antisindical y ahora prometi\u00f3 acudir a la Corte Suprema de Justicia y quitar la personer\u00eda gremial a los sindicatos docentes que convoquen a paros. Desconociendo el derecho constitucional a la huelga,&nbsp;la abanderada de Juntos por el Cambio desaf\u00edo a los docentes, un blanco recurrente del macrismo y propuso, como \u00fanica pol\u00edtica educativa en un eventual gobierno suyo, perseguir a los trabajadores. Lejos de prometer mayor inversi\u00f3n en educaci\u00f3n, abrir m\u00e1s escuelas, mejorar el equipamiento o garantizar la continuidad del programa Conectar Igualdad que elimin\u00f3 en su <a class=\"mh-excerpt-more\" href=\"http:\/\/dsrmedios.com.ar\/diario\/archivos\/39616\" title=\"Patricia Bullrich pretende que docentes jubilados den clases si hay paro\">[Leer m\u00e1s]<\/a><\/p>\n<\/div>","protected":false},"author":8,"featured_media":36916,"comment_status":"open","ping_status":"closed","sticky":false,"template":"","format":"standard","meta":{"_jetpack_newsletter_access":""},"categories":[6],"tags":[],"jetpack_featured_media_url":"http:\/\/dsrmedios.com.ar\/diario\/wp-content\/uploads\/2023\/07\/600x400_patricia-bullrich-presidenta-pro-967467-115321.webp","jetpack_sharing_enabled":true,"jetpack_shortlink":"https:\/\/wp.me\/p9fihK-aiY","_links":{"self":[{"href":"http:\/\/dsrmedios.com.ar\/diario\/wp-json\/wp\/v2\/posts\/39616"}],"collection":[{"href":"http:\/\/dsrmedios.com.ar\/diario\/wp-json\/wp\/v2\/posts"}],"about":[{"href":"http:\/\/dsrmedios.com.ar\/diario\/wp-json\/wp\/v2\/types\/post"}],"author":[{"embeddable":true,"href":"http:\/\/dsrmedios.com.ar\/diario\/wp-json\/wp\/v2\/users\/8"}],"replies":[{"embeddable":true,"href":"http:\/\/dsrmedios.com.ar\/diario\/wp-json\/wp\/v2\/comments?post=39616"}],"version-history":[{"count":1,"href":"http:\/\/dsrmedios.com.ar\/diario\/wp-json\/wp\/v2\/posts\/39616\/revisions"}],"predecessor-version":[{"id":39623,"href":"http:\/\/dsrmedios.com.ar\/diario\/wp-json\/wp\/v2\/posts\/39616\/revisions\/39623"}],"wp:featuredmedia":[{"embeddable":true,"href":"http:\/\/dsrmedios.com.ar\/diario\/wp-json\/wp\/v2\/media\/36916"}],"wp:attachment":[{"href":"http:\/\/dsrmedios.com.ar\/diario\/wp-json\/wp\/v2\/media?parent=39616"}],"wp:term":[{"taxonomy":"category","embeddable":true,"href":"http:\/\/dsrmedios.com.ar\/diario\/wp-json\/wp\/v2\/categories?post=39616"},{"taxonomy":"post_tag","embeddable":true,"href":"http:\/\/dsrmedios.com.ar\/diario\/wp-json\/wp\/v2\/tags?post=39616"}],"curies":[{"name":"wp","href":"https:\/\/api.w.org\/{rel}","templated":true}]}}