{"id":39611,"date":"2023-09-20T14:55:23","date_gmt":"2023-09-20T17:55:23","guid":{"rendered":"http:\/\/dsrmedios.com.ar\/diario\/?p=39611"},"modified":"2023-09-20T14:55:28","modified_gmt":"2023-09-20T17:55:28","slug":"se-derrumbaron-las-exportaciones-bonaerenses-de-productos-primarios","status":"publish","type":"post","link":"http:\/\/dsrmedios.com.ar\/diario\/archivos\/39611","title":{"rendered":"Se derrumbaron las exportaciones bonaerenses de productos primarios"},"content":{"rendered":"\n<p>La Direcci\u00f3n Provincial de Estad\u00edstica public\u00f3 el informe sobre&nbsp;<strong>exportaciones<\/strong>&nbsp;bonaerenses con los datos actualizados a julio de 2023. Ah\u00ed se puede ver el efecto nocivo que tuvo&nbsp;<a href=\"https:\/\/infocielo.com\/agro\/por-la-sequia-la-provincia-recibira-8500-millones-dolares-menos-que-2022-n765777\" target=\"_blank\" rel=\"noreferrer noopener\">la sequ\u00eda<\/a>&nbsp;en el comercio exterior de la provincia de Buenos Aires (y el pa\u00eds). Sin embargo, no todas son malas noticias.<\/p>\n\n\n\n<p>En t\u00e9rminos generales,\u00a0<strong>las exportaciones bonaerenses en julio de 2023 alcanzaron los 2.414 millones de d\u00f3lares. Esto significa una ca\u00edda interanual del 16,8 por ciento<\/strong>\u00a0que corta una racha alcista que ven\u00eda desde 2020. Sin embargo, la cifra de ventas es un 21,3% superior a la que se registr\u00f3 en 2019.<\/p>\n\n\n\n<p>La baja interanual registrada entre 2023 y 2022 se explic\u00f3 mayormente por la ca\u00edda de los productos primarios y de las manos de obra de origen agropecuario. Especialmente,&nbsp;<strong>se desplomaron las ventas de ma\u00edz (-36,3%), soja (-23,7%), trigo (-83,2%), aceite de soja (-33,6%) y de girasol (-34,5%)<\/strong>. En n\u00fameros, las exportaciones bonaerenses de productos primarios fueron por un total de 369 millones de d\u00f3lares en julio de 2023 mientras que el a\u00f1o pasado hab\u00edan llegado a los USD 669 millones.<\/p>\n\n\n\n<figure class=\"wp-block-image\"><img decoding=\"async\" src=\"https:\/\/media.infocielo.com\/p\/83fa4079e049889dc000fb6872423800\/adjuntos\/299\/imagenes\/001\/717\/0001717119\/exportaciones-bonaerenses-juliopng.png?2023-09-20-10-36-44\" alt=\"Exportaciones totales de la provincia de Buenos Aires a julio de 2023. Serie 2019-2023.\" title=\"Exportaciones totales de la provincia de Buenos Aires a julio de 2023. Serie 2019-2023.\"\/><\/figure>\n\n\n\n<p>Exportaciones totales de la provincia de Buenos Aires a julio de 2023. Serie 2019-2023.<\/p>\n\n\n\n<p>Ante estas cifras, el ministro de Hacienda y Finanzas de la Provincia,&nbsp;<strong>Pablo L\u00f3pez<\/strong>, asegur\u00f3 que el objetivo del Gobierno &#8220;es seguir trabajando conjuntamente con todos los sectores productivos, para&nbsp;<strong>garantizar que, una vez terminado el efecto de la sequ\u00eda, se retome el sendero de expansi\u00f3n comercial<\/strong>&nbsp;observado en 2021 y 2022&#8243;.<\/p>\n\n\n\n<h2>La industria sigue por buen camino<\/h2>\n\n\n\n<p>En contraposici\u00f3n con el campo,&nbsp;<strong>las manufacturas de origen industrial mantuvieron una tendencia de crecimiento. En julio de 2023 significaron 992 millones de d\u00f3lares, es decir, un 4,2 por ciento m\u00e1s que el a\u00f1o pasado<\/strong>. De esta manera, fueron el rubro con mayor peso del mes representando el 41,1% del total exportado.<\/p>\n\n\n\n<p><strong><a rel=\"noreferrer noopener\" href=\"https:\/\/infocielo.com\/politica-y-economia\/la-industria-automotriz-argentina-marcha-ruedas-n770990\" target=\"_blank\">Los rubros destacados entre las exportaciones industriales fueron veh\u00edculos<\/a><\/strong>\u00a0para transporte de mercanc\u00edas con un aumento interanual del 14,9% y veh\u00edculos para transporte de personas con una suba del 279,4%.<\/p>\n\n\n\n<p>Fuente: Infocielo<\/p>\n","protected":false},"excerpt":{"rendered":"<div class=\"mh-excerpt\"><p>La Direcci\u00f3n Provincial de Estad\u00edstica public\u00f3 el informe sobre&nbsp;exportaciones&nbsp;bonaerenses con los datos actualizados a julio de 2023. Ah\u00ed se puede ver el efecto nocivo que tuvo&nbsp;la sequ\u00eda&nbsp;en el comercio exterior de la provincia de Buenos Aires (y el pa\u00eds). Sin embargo, no todas son malas noticias. En t\u00e9rminos generales,\u00a0las exportaciones bonaerenses en julio de 2023 alcanzaron los 2.414 millones de d\u00f3lares. Esto significa una ca\u00edda interanual del 16,8 por ciento\u00a0que corta una racha alcista que ven\u00eda desde 2020. Sin embargo, la cifra de ventas es un 21,3% superior a la que se registr\u00f3 en 2019. La baja interanual registrada entre <a class=\"mh-excerpt-more\" href=\"http:\/\/dsrmedios.com.ar\/diario\/archivos\/39611\" title=\"Se derrumbaron las exportaciones bonaerenses de productos primarios\">[Leer m\u00e1s]<\/a><\/p>\n<\/div>","protected":false},"author":8,"featured_media":39612,"comment_status":"open","ping_status":"closed","sticky":false,"template":"","format":"standard","meta":{"_jetpack_newsletter_access":""},"categories":[6],"tags":[],"jetpack_featured_media_url":"http:\/\/dsrmedios.com.ar\/diario\/wp-content\/uploads\/2023\/09\/exportaciones-retenciones-granosjpg.webp","jetpack_sharing_enabled":true,"jetpack_shortlink":"https:\/\/wp.me\/p9fihK-aiT","_links":{"self":[{"href":"http:\/\/dsrmedios.com.ar\/diario\/wp-json\/wp\/v2\/posts\/39611"}],"collection":[{"href":"http:\/\/dsrmedios.com.ar\/diario\/wp-json\/wp\/v2\/posts"}],"about":[{"href":"http:\/\/dsrmedios.com.ar\/diario\/wp-json\/wp\/v2\/types\/post"}],"author":[{"embeddable":true,"href":"http:\/\/dsrmedios.com.ar\/diario\/wp-json\/wp\/v2\/users\/8"}],"replies":[{"embeddable":true,"href":"http:\/\/dsrmedios.com.ar\/diario\/wp-json\/wp\/v2\/comments?post=39611"}],"version-history":[{"count":1,"href":"http:\/\/dsrmedios.com.ar\/diario\/wp-json\/wp\/v2\/posts\/39611\/revisions"}],"predecessor-version":[{"id":39615,"href":"http:\/\/dsrmedios.com.ar\/diario\/wp-json\/wp\/v2\/posts\/39611\/revisions\/39615"}],"wp:featuredmedia":[{"embeddable":true,"href":"http:\/\/dsrmedios.com.ar\/diario\/wp-json\/wp\/v2\/media\/39612"}],"wp:attachment":[{"href":"http:\/\/dsrmedios.com.ar\/diario\/wp-json\/wp\/v2\/media?parent=39611"}],"wp:term":[{"taxonomy":"category","embeddable":true,"href":"http:\/\/dsrmedios.com.ar\/diario\/wp-json\/wp\/v2\/categories?post=39611"},{"taxonomy":"post_tag","embeddable":true,"href":"http:\/\/dsrmedios.com.ar\/diario\/wp-json\/wp\/v2\/tags?post=39611"}],"curies":[{"name":"wp","href":"https:\/\/api.w.org\/{rel}","templated":true}]}}