{"id":39609,"date":"2023-09-20T14:51:17","date_gmt":"2023-09-20T17:51:17","guid":{"rendered":"http:\/\/dsrmedios.com.ar\/diario\/?p=39609"},"modified":"2023-09-20T14:51:21","modified_gmt":"2023-09-20T17:51:21","slug":"el-oficialismo-acelera-por-el-impuesto-a-las-ganancias-en-el-senado","status":"publish","type":"post","link":"http:\/\/dsrmedios.com.ar\/diario\/archivos\/39609","title":{"rendered":"El oficialismo acelera por el Impuesto a las Ganancias en el Senado"},"content":{"rendered":"\n<p>La reforma del<strong><a href=\"https:\/\/infocielo.com\/politica-y-economia\/diputados-dio-media-sancion-al-proyecto-que-elimina-el-impuesto-las-ganancias-n771898\" target=\"_blank\" rel=\"noreferrer noopener\">&nbsp;Impuesto a las Ganancias&nbsp;<\/a><\/strong>que impulsa el ministro de Econom\u00eda,&nbsp;<strong>Sergio Massa<\/strong>, podr\u00eda obtener impulso en el Senado antes de lo previsto si el oficialismo logra introducir el proyecto de ley en una de las comisiones claves de la C\u00e1mara alta.<\/p>\n\n\n\n<p><strong>Es que los representantes de Uni\u00f3n por la Patria llevar\u00e1n la propuesta votada por Diputados a la Comisi\u00f3n de Presupuesto y Hacienda del Senado que se re\u00fane este jueves a las 16:00.<\/strong><\/p>\n\n\n\n<p>La intenci\u00f3n de los senadores de UP es que el expediente pueda ser tratado una vez que se finalice el tratamiento de otro proyecto de ley con aprobaci\u00f3n en la C\u00e1mara baja, que es el Sistema integral de cobertura y promoci\u00f3n de cr\u00e9ditos hipotecarios.<\/p>\n\n\n\n<p>De lograr sortear esa instancia, la reforma para la eliminaci\u00f3n del Impuesto a las Ganancias para trabajadores y jubilados de la cuarta categor\u00eda&nbsp;<strong>podr\u00eda llegar al recinto el pr\u00f3ximo jueves 28 de septiembre<\/strong>.<\/p>\n\n\n\n<h2>La reforma al Impuesto a las Ganancias con media sanci\u00f3n en Diputados<\/h2>\n\n\n\n<p>Tras m\u00e1s de ocho horas de debate, la C\u00e1mara de Diputados aprob\u00f3 y envi\u00f3 al Senado el proyecto de ley que modifica el Impuesto a las Ganancias.<\/p>\n\n\n\n<p>El proyecto de ley de reforma del Impuesto a las Ganancias elimina la cuarta categor\u00eda que grava los sueldos de los empleados y crea un tributo sobre los altos ingresos que se pagar\u00e1 cuando se cobren haberes superiores a los 15 salarios m\u00ednimos, vital y m\u00f3vil (SMVM) mensuales.<\/p>\n\n\n\n<p><strong>La sanci\u00f3n de la norma cont\u00f3 con el aval de Uni\u00f3n por la Patria, partidos provinciales, los libertarios de Javier Mieli, la Izquierda y parte del interbloque Federal. Adem\u00e1s y aunque votaron en contra, fue clave el aporte de un sector e Evoluci\u00f3n Radical que responde a Emiliano Yacobitti al garantizar el qu\u00f3rum que oblig\u00f3 al resto de la oposici\u00f3n a sentarse en el recinto.<\/strong><\/p>\n\n\n\n<figure class=\"wp-block-image\"><img decoding=\"async\" src=\"https:\/\/media.infocielo.com\/p\/74f300a8cf38230f0a281a26d9dec0b9\/adjuntos\/299\/imagenes\/001\/716\/0001716878\/sergio-massa-sindicalistas-palco-camara-diputados-impuesto-las-gananciasjpg.jpg?2023-09-20-06-14-56\" alt=\"El oficialismo acelera por el Impuesto a las Ganancias en el Senado\" title=\"El oficialismo acelera por el Impuesto a las Ganancias en el Senado\"\/><\/figure>\n\n\n\n<p>El oficialismo acelera por el Impuesto a las Ganancias en el Senado<\/p>\n\n\n\n<p>Foto: NA\/Juan Vargas.<\/p>\n\n\n\n<p>El ministro de Econom\u00eda, Sergio Massa, estuvo en el Congreso y en el \u00faltimo tramo del debate en el recinto de sesiones junto a los sindicalistas H\u00e9ctor Daer, Pablo Moyano, y Carlos Acu\u00f1a, escuchando los \u00faltimos discursos previo a la votaci\u00f3n de esa iniciativa promovida por el oficialismo.<\/p>\n\n\n\n<p>Fuente: Infocielo<\/p>\n","protected":false},"excerpt":{"rendered":"<div class=\"mh-excerpt\"><p>La reforma del&nbsp;Impuesto a las Ganancias&nbsp;que impulsa el ministro de Econom\u00eda,&nbsp;Sergio Massa, podr\u00eda obtener impulso en el Senado antes de lo previsto si el oficialismo logra introducir el proyecto de ley en una de las comisiones claves de la C\u00e1mara alta. Es que los representantes de Uni\u00f3n por la Patria llevar\u00e1n la propuesta votada por Diputados a la Comisi\u00f3n de Presupuesto y Hacienda del Senado que se re\u00fane este jueves a las 16:00. La intenci\u00f3n de los senadores de UP es que el expediente pueda ser tratado una vez que se finalice el tratamiento de otro proyecto de ley con <a class=\"mh-excerpt-more\" href=\"http:\/\/dsrmedios.com.ar\/diario\/archivos\/39609\" title=\"El oficialismo acelera por el Impuesto a las Ganancias en el Senado\">[Leer m\u00e1s]<\/a><\/p>\n<\/div>","protected":false},"author":8,"featured_media":39585,"comment_status":"open","ping_status":"closed","sticky":false,"template":"","format":"standard","meta":{"_jetpack_newsletter_access":""},"categories":[6],"tags":[],"jetpack_featured_media_url":"http:\/\/dsrmedios.com.ar\/diario\/wp-content\/uploads\/2023\/09\/images-88.jpg","jetpack_sharing_enabled":true,"jetpack_shortlink":"https:\/\/wp.me\/p9fihK-aiR","_links":{"self":[{"href":"http:\/\/dsrmedios.com.ar\/diario\/wp-json\/wp\/v2\/posts\/39609"}],"collection":[{"href":"http:\/\/dsrmedios.com.ar\/diario\/wp-json\/wp\/v2\/posts"}],"about":[{"href":"http:\/\/dsrmedios.com.ar\/diario\/wp-json\/wp\/v2\/types\/post"}],"author":[{"embeddable":true,"href":"http:\/\/dsrmedios.com.ar\/diario\/wp-json\/wp\/v2\/users\/8"}],"replies":[{"embeddable":true,"href":"http:\/\/dsrmedios.com.ar\/diario\/wp-json\/wp\/v2\/comments?post=39609"}],"version-history":[{"count":1,"href":"http:\/\/dsrmedios.com.ar\/diario\/wp-json\/wp\/v2\/posts\/39609\/revisions"}],"predecessor-version":[{"id":39610,"href":"http:\/\/dsrmedios.com.ar\/diario\/wp-json\/wp\/v2\/posts\/39609\/revisions\/39610"}],"wp:featuredmedia":[{"embeddable":true,"href":"http:\/\/dsrmedios.com.ar\/diario\/wp-json\/wp\/v2\/media\/39585"}],"wp:attachment":[{"href":"http:\/\/dsrmedios.com.ar\/diario\/wp-json\/wp\/v2\/media?parent=39609"}],"wp:term":[{"taxonomy":"category","embeddable":true,"href":"http:\/\/dsrmedios.com.ar\/diario\/wp-json\/wp\/v2\/categories?post=39609"},{"taxonomy":"post_tag","embeddable":true,"href":"http:\/\/dsrmedios.com.ar\/diario\/wp-json\/wp\/v2\/tags?post=39609"}],"curies":[{"name":"wp","href":"https:\/\/api.w.org\/{rel}","templated":true}]}}