{"id":39603,"date":"2023-09-20T14:47:19","date_gmt":"2023-09-20T17:47:19","guid":{"rendered":"http:\/\/dsrmedios.com.ar\/diario\/?p=39603"},"modified":"2023-09-20T14:47:23","modified_gmt":"2023-09-20T17:47:23","slug":"los-candidatos-a-vicepresidente-debatiran-esta-noche","status":"publish","type":"post","link":"http:\/\/dsrmedios.com.ar\/diario\/archivos\/39603","title":{"rendered":"Los candidatos a vicepresidente debatir\u00e1n esta noche"},"content":{"rendered":"\n<p>Los<strong>&nbsp;candidatos a vicepresidente de las cinco fuerzas pol\u00edticas&nbsp;<\/strong>que competir\u00e1n en las elecciones presidenciales del 22 de octubre&nbsp;<strong>debatir\u00e1n esta noche por primera vez<\/strong>, convocados por el programa &#8220;A dos voces&#8221; en el canal de cable Todo Noticias (TN).<\/p>\n\n\n\n<p>Agust\u00edn Rossi (Uni\u00f3n por la Patria), Luis Petri (Juntos por el Cambio), Victoria Villarruel (La Libertad Avanza), Florencio Randazzo (Hacemos por nuestro pa\u00eds) y Nicol\u00e1s del Ca\u00f1o (Frente de Izquierda) -los compa\u00f1eros de f\u00f3rmula de Sergio Massa, Patricia Bullrich, Javier Milei, Juan Schiaretti y Myriam Bregman, respectivamente- debatir\u00e1n desde las 22 en los estudios de TN, bajo<strong>&nbsp;la conducci\u00f3n de los periodistas Marcelo Bonelli y Edgardo Alfano<\/strong>.<\/p>\n\n\n\n<p>Ser\u00e1 el primer debate por TV con vistas a la elecci\u00f3n de octubre, previo al cruce de los candidatos a jefe de Gobierno porte\u00f1o que se realizar\u00e1 el pr\u00f3ximo mi\u00e9rcoles 27 y a<strong>&nbsp;los debates presidenciales del 1 y 8 de octubre<\/strong>, que se realizar\u00e1n en Santiago del Estero y la facultad de Derecho de la Universidad de Buenos Aires, respectivamente.<\/p>\n\n\n\n<p>Seg\u00fan explicaron los organizadores de TN, el programa iniciar\u00e1 esta noche con un video explicativo de las reglas que deber\u00e1n respetar los candidatos a vicepresidente. Cada uno ubicado en su atril,&nbsp;<strong>tendr\u00e1 en primera instancia un minuto para presentarse y aportar su visi\u00f3n general de la campa\u00f1a<\/strong>.<\/p>\n\n\n\n<figure class=\"wp-block-image\"><a href=\"javascript:void(0);\"><img decoding=\"async\" src=\"https:\/\/www.telam.com.ar\/thumbs\/bluesteel\/advf\/imagenes\/2023\/08\/64ea24b63d66e_1200.jpg\" alt=\"Los temas centrales del debate sern economa rol del Estado y poltica de seguridad Foto Archivo \"\/><\/a><figcaption class=\"wp-element-caption\">Los temas centrales del debate ser\u00e1n econom\u00eda, rol del Estado y pol\u00edtica de seguridad \/ Foto: Archivo.<\/figcaption><\/figure>\n\n\n\n<p>La organizaci\u00f3n del debate, en coordinaci\u00f3n con los equipos de asesores de los participantes, definieron tres temas para debatir:&nbsp;<strong>econom\u00eda<\/strong>, inflaci\u00f3n y trabajo;&nbsp;<strong>rol del Estado<\/strong>&nbsp;y conflictividad social; y&nbsp;<strong>pol\u00edtica de seguridad<\/strong>, defensa y justicia.<\/p>\n\n\n\n<p>Seg\u00fan se precis\u00f3, cada pol\u00edtico tendr\u00e1 un minuto para abordar la tem\u00e1tica, 30 segundos de derecho a r\u00e9plica y ocho minutos de discusi\u00f3n conjunta.<\/p>\n\n\n\n<p>El&nbsp;<strong>orden de inicio se defini\u00f3 a trav\u00e9s de un sorteo<\/strong>&nbsp;que se llev\u00f3 adelante el mi\u00e9rcoles 13 de septiembre.<\/p>\n\n\n\n<p>El debate tendr\u00e1 tambi\u00e9n un<strong>&nbsp;bloque de preguntas en el que los candidatos se interrogar\u00e1n mutuamente<\/strong>&nbsp;y tendr\u00e1n un minuto para contestar.<\/p>\n\n\n\n<blockquote class=\"wp-block-quote\">\n<p>Los candidatos tendr\u00e1n, en primera instancia, un minuto para presentarse y aportar su visi\u00f3n general de la campa\u00f1a<\/p>\n<\/blockquote>\n\n\n\n<p>El orden ser\u00e1 fijado por la cantidad de votos que obtuvo el espacio pol\u00edtico en las PASO y cada uno podr\u00e1 ser elegido dos veces como m\u00e1ximo para responder preguntas.<\/p>\n\n\n\n<p>Finalmente, en el bloque de cierre,<strong>\u00a0los conductores anunciar\u00e1n un minuto final para cada candidato<\/strong>, y en un sorteo determin\u00f3 que ir\u00e1n en el siguiente orden: Del Ca\u00f1o, Rossi, Villarruel, Randazzo y Petri.<\/p>\n\n\n\n<p>Fuente: TELAM<\/p>\n","protected":false},"excerpt":{"rendered":"<div class=\"mh-excerpt\"><p>Los&nbsp;candidatos a vicepresidente de las cinco fuerzas pol\u00edticas&nbsp;que competir\u00e1n en las elecciones presidenciales del 22 de octubre&nbsp;debatir\u00e1n esta noche por primera vez, convocados por el programa &#8220;A dos voces&#8221; en el canal de cable Todo Noticias (TN). Agust\u00edn Rossi (Uni\u00f3n por la Patria), Luis Petri (Juntos por el Cambio), Victoria Villarruel (La Libertad Avanza), Florencio Randazzo (Hacemos por nuestro pa\u00eds) y Nicol\u00e1s del Ca\u00f1o (Frente de Izquierda) -los compa\u00f1eros de f\u00f3rmula de Sergio Massa, Patricia Bullrich, Javier Milei, Juan Schiaretti y Myriam Bregman, respectivamente- debatir\u00e1n desde las 22 en los estudios de TN, bajo&nbsp;la conducci\u00f3n de los periodistas Marcelo Bonelli <a class=\"mh-excerpt-more\" href=\"http:\/\/dsrmedios.com.ar\/diario\/archivos\/39603\" title=\"Los candidatos a vicepresidente debatir\u00e1n esta noche\">[Leer m\u00e1s]<\/a><\/p>\n<\/div>","protected":false},"author":8,"featured_media":39605,"comment_status":"open","ping_status":"closed","sticky":false,"template":"","format":"standard","meta":{"_jetpack_newsletter_access":""},"categories":[6],"tags":[],"jetpack_featured_media_url":"http:\/\/dsrmedios.com.ar\/diario\/wp-content\/uploads\/2023\/09\/650af9a511039_450.jpg","jetpack_sharing_enabled":true,"jetpack_shortlink":"https:\/\/wp.me\/p9fihK-aiL","_links":{"self":[{"href":"http:\/\/dsrmedios.com.ar\/diario\/wp-json\/wp\/v2\/posts\/39603"}],"collection":[{"href":"http:\/\/dsrmedios.com.ar\/diario\/wp-json\/wp\/v2\/posts"}],"about":[{"href":"http:\/\/dsrmedios.com.ar\/diario\/wp-json\/wp\/v2\/types\/post"}],"author":[{"embeddable":true,"href":"http:\/\/dsrmedios.com.ar\/diario\/wp-json\/wp\/v2\/users\/8"}],"replies":[{"embeddable":true,"href":"http:\/\/dsrmedios.com.ar\/diario\/wp-json\/wp\/v2\/comments?post=39603"}],"version-history":[{"count":1,"href":"http:\/\/dsrmedios.com.ar\/diario\/wp-json\/wp\/v2\/posts\/39603\/revisions"}],"predecessor-version":[{"id":39606,"href":"http:\/\/dsrmedios.com.ar\/diario\/wp-json\/wp\/v2\/posts\/39603\/revisions\/39606"}],"wp:featuredmedia":[{"embeddable":true,"href":"http:\/\/dsrmedios.com.ar\/diario\/wp-json\/wp\/v2\/media\/39605"}],"wp:attachment":[{"href":"http:\/\/dsrmedios.com.ar\/diario\/wp-json\/wp\/v2\/media?parent=39603"}],"wp:term":[{"taxonomy":"category","embeddable":true,"href":"http:\/\/dsrmedios.com.ar\/diario\/wp-json\/wp\/v2\/categories?post=39603"},{"taxonomy":"post_tag","embeddable":true,"href":"http:\/\/dsrmedios.com.ar\/diario\/wp-json\/wp\/v2\/tags?post=39603"}],"curies":[{"name":"wp","href":"https:\/\/api.w.org\/{rel}","templated":true}]}}