{"id":39593,"date":"2023-09-20T14:45:28","date_gmt":"2023-09-20T17:45:28","guid":{"rendered":"http:\/\/dsrmedios.com.ar\/diario\/?p=39593"},"modified":"2023-09-20T14:45:32","modified_gmt":"2023-09-20T17:45:32","slug":"media-sancion-para-la-ley-que-fija-un-dia-para-recordar-a-los-heroes-del-ara-san-juan","status":"publish","type":"post","link":"http:\/\/dsrmedios.com.ar\/diario\/archivos\/39593","title":{"rendered":"Media sanci\u00f3n para la ley que fija un d\u00eda para recordar a los h\u00e9roes del ARA San Juan"},"content":{"rendered":"\n<p>La aprobaci\u00f3n en la C\u00e1mara de Diputados del proyecto que instituye el&nbsp;<strong>15 de noviembre&nbsp;<\/strong>de cada a\u00f1o como el &#8220;D\u00eda Nacional por la memoria de los 44 h\u00e9roes del Submarino ARA San Juan&#8221; fue celebrada por Luis Tagliapietra, padre de uno de los tripulantes fallecidos, quien expres\u00f3 su deseo de que &#8220;el tr\u00e1mite sea aprobado r\u00e1pido en el Senado y no pase al a\u00f1o pr\u00f3ximo&#8221;.<\/p>\n\n\n\n<p>&#8220;Fue una noticia inesperada, la verdad yo cre\u00eda que ya no iba a salir, despu\u00e9s de tanta lucha, porque esto llev\u00f3 mucho tiempo, un trabajo de muchos a\u00f1os&#8221;, dijo Tagliapietra en declaraciones a T\u00e9lam.<\/p>\n\n\n\n<p>El martes, tras la aprobaci\u00f3n de la media sanci\u00f3n en Diputados del proyecto que modifica el Impuesto a las Ganancias e impulsa la creaci\u00f3n de nuevas universidades, se aprobaron tambi\u00e9n otras iniciativas como la de instituir el 15 de noviembre de cada a\u00f1o como el D\u00eda Nacional por la Memoria de los 44 H\u00e9roes del Submarino ARA San Juan.<\/p>\n\n\n\n<p>&#8220;Ojal\u00e1 que ahora el Senado tramite r\u00e1pido el proyecto y no tengamos que esperar al a\u00f1o pr\u00f3ximo.&nbsp;<strong>Esperamos que en el Senado tomen el tema con el mismo compromiso<\/strong>&nbsp;porque es algo muy positivo en torno a la memoria&#8221;, a\u00f1adi\u00f3 Tagliapietra.<\/p>\n\n\n\n<p>El pap\u00e1 de Alejandro, quien ten\u00eda 27 a\u00f1os al momento de la desaparici\u00f3n del buque &#8211;<strong>el 15 de noviembre de 2017<\/strong>&#8211; a\u00f1adi\u00f3 en di\u00e1logo con esta agencia que &#8220;es fundamental recordarlos porque si bien hab\u00eda una resoluci\u00f3n de hace algunos a\u00f1os que hablaba del tratamiento del tema en las escuelas, a veces se cumpl\u00eda y otras no&#8221;.<\/p>\n\n\n\n<p>&#8220;Esto le dar\u00e1 otro marco para que puedan ser recordarlos, y formalmente homenajeados. Nunca pedimos m\u00e1s que eso los familiares:&nbsp;<strong>memoria, verdad y justicia<\/strong>&#8220;, apunt\u00f3.<\/p>\n\n\n\n<p>El proyecto sostiene en su art\u00edculo 1: &#8220;Instit\u00fayase el d\u00eda 15 de noviembre de cada a\u00f1o como D\u00eda Nacional por la memoria de los 44 h\u00e9roes del Submarino Ara San Juan&#8221;.<\/p>\n\n\n\n<p>En el segundo art\u00edculo precisa que durante ese d\u00eda, &#8220;el Poder Ejecutivo Nacional, a trav\u00e9s de la autoridad de aplicaci\u00f3n que determine, promover\u00e1 la realizaci\u00f3n de acciones y actividades conmemorativas&#8221;.<\/p>\n\n\n\n<p><strong>El 15 de noviembre de 2017 desapareci\u00f3 del radar el ARA San Juan con 44 tripulantes a bordo, quienes perdieron la vida tras sucumbir el nav\u00edo cerca de Golfo San Jorge.<\/strong><\/p>\n\n\n\n<p>Los restos del buque no fueron encontrados hasta 368 d\u00edas despu\u00e9s de iniciada la b\u00fasqueda.<\/p>\n\n\n\n<h2>Otros &#8220;d\u00edas nacionales&#8221; que se aprobaron<\/h2>\n\n\n\n<p>El martes tambi\u00e9n obtuvo media sanci\u00f3n el proyecto para declarar al<strong>&nbsp;17 de junio como el D\u00eda Nacional de los Trabajadores Desaparecidos en el Mar<\/strong>, en memoria de las v\u00edctimas del hundimiento del buque Repunte y de todas las v\u00edctimas de tragedias mientras desarrollaban sus actividades laborales embarcados.<\/p>\n\n\n\n<p>Tambi\u00e9n se aprobaron otras iniciativas como la reafirmaci\u00f3n y defensa de los derechos soberanos del Mar Argentino; el 4 de agosto de cada a\u00f1o como &#8220;D\u00eda de los Derechos de Soberan\u00eda sobre la Plataforma Continental&#8221;; y el 31 de octubre de cada a\u00f1o como el &#8220;D\u00eda de las Iglesias Evang\u00e9licas y Protestantes&#8221;.<\/p>\n\n\n\n<p>Fuente: TELAM<\/p>\n","protected":false},"excerpt":{"rendered":"<div class=\"mh-excerpt\"><p>La aprobaci\u00f3n en la C\u00e1mara de Diputados del proyecto que instituye el&nbsp;15 de noviembre&nbsp;de cada a\u00f1o como el &#8220;D\u00eda Nacional por la memoria de los 44 h\u00e9roes del Submarino ARA San Juan&#8221; fue celebrada por Luis Tagliapietra, padre de uno de los tripulantes fallecidos, quien expres\u00f3 su deseo de que &#8220;el tr\u00e1mite sea aprobado r\u00e1pido en el Senado y no pase al a\u00f1o pr\u00f3ximo&#8221;. &#8220;Fue una noticia inesperada, la verdad yo cre\u00eda que ya no iba a salir, despu\u00e9s de tanta lucha, porque esto llev\u00f3 mucho tiempo, un trabajo de muchos a\u00f1os&#8221;, dijo Tagliapietra en declaraciones a T\u00e9lam. El martes, <a class=\"mh-excerpt-more\" href=\"http:\/\/dsrmedios.com.ar\/diario\/archivos\/39593\" title=\"Media sanci\u00f3n para la ley que fija un d\u00eda para recordar a los h\u00e9roes del ARA San Juan\">[Leer m\u00e1s]<\/a><\/p>\n<\/div>","protected":false},"author":8,"featured_media":39142,"comment_status":"open","ping_status":"closed","sticky":false,"template":"","format":"standard","meta":{"_jetpack_newsletter_access":""},"categories":[6],"tags":[],"jetpack_featured_media_url":"http:\/\/dsrmedios.com.ar\/diario\/wp-content\/uploads\/2023\/09\/ara-san-juan.jpg","jetpack_sharing_enabled":true,"jetpack_shortlink":"https:\/\/wp.me\/p9fihK-aiB","_links":{"self":[{"href":"http:\/\/dsrmedios.com.ar\/diario\/wp-json\/wp\/v2\/posts\/39593"}],"collection":[{"href":"http:\/\/dsrmedios.com.ar\/diario\/wp-json\/wp\/v2\/posts"}],"about":[{"href":"http:\/\/dsrmedios.com.ar\/diario\/wp-json\/wp\/v2\/types\/post"}],"author":[{"embeddable":true,"href":"http:\/\/dsrmedios.com.ar\/diario\/wp-json\/wp\/v2\/users\/8"}],"replies":[{"embeddable":true,"href":"http:\/\/dsrmedios.com.ar\/diario\/wp-json\/wp\/v2\/comments?post=39593"}],"version-history":[{"count":1,"href":"http:\/\/dsrmedios.com.ar\/diario\/wp-json\/wp\/v2\/posts\/39593\/revisions"}],"predecessor-version":[{"id":39602,"href":"http:\/\/dsrmedios.com.ar\/diario\/wp-json\/wp\/v2\/posts\/39593\/revisions\/39602"}],"wp:featuredmedia":[{"embeddable":true,"href":"http:\/\/dsrmedios.com.ar\/diario\/wp-json\/wp\/v2\/media\/39142"}],"wp:attachment":[{"href":"http:\/\/dsrmedios.com.ar\/diario\/wp-json\/wp\/v2\/media?parent=39593"}],"wp:term":[{"taxonomy":"category","embeddable":true,"href":"http:\/\/dsrmedios.com.ar\/diario\/wp-json\/wp\/v2\/categories?post=39593"},{"taxonomy":"post_tag","embeddable":true,"href":"http:\/\/dsrmedios.com.ar\/diario\/wp-json\/wp\/v2\/tags?post=39593"}],"curies":[{"name":"wp","href":"https:\/\/api.w.org\/{rel}","templated":true}]}}