{"id":39575,"date":"2023-09-20T09:39:31","date_gmt":"2023-09-20T12:39:31","guid":{"rendered":"http:\/\/dsrmedios.com.ar\/diario\/?p=39575"},"modified":"2023-09-20T09:39:35","modified_gmt":"2023-09-20T12:39:35","slug":"se-viene-la-fiesta-de-la-primavera-en-monte-hermoso-22-al-24-de-setiembre","status":"publish","type":"post","link":"http:\/\/dsrmedios.com.ar\/diario\/archivos\/39575","title":{"rendered":"Se viene la Fiesta de la Primavera en Monte Hermoso 22 al 24 de setiembre"},"content":{"rendered":"\n<p>Con todas las actividades concentradas en Plaza Parque General San Mart\u00edn, Monte Hermoso ya tiene todo listo para recibir a miles de adolescentes y familias para disfrutar del 22 al 24 de septiembre de la 29\u00b0 Fiesta Nacional de la Primavera.<\/p>\n\n\n\n<p>Habr\u00e1 dos escenarios, el principal y otro secundario; el Patio Gastron\u00f3mico con 18 puestos de beer y food trucks y una Feria de Emprendedores con m\u00e1s de 25 stands.<\/p>\n\n\n\n<p>Adem\u00e1s, en el marco de la fiesta se lanzar\u00e1 el 11\u00b0 Enduro de Monte Hermoso, uno de los eventos m\u00e1s esperados del mes de octubre.<\/p>\n\n\n\n<p>&#x1f4c5; VIERNES 22<\/p>\n\n\n\n<p>*13 hs. Apertura Patio Gastron\u00f3mico.<\/p>\n\n\n\n<p>*De 14 a 19 hs. en el escenario secundario: DJ en vivo\/ Competencia de Freestyle\/ Gonzi Mathi.<\/p>\n\n\n\n<p>*19 hs. Soldadores sin Careta en el escenario principal.<\/p>\n\n\n\n<p>*20 hs. Barrio Viejo, liderada por Daniel Osvaldo, en el escenario principal.<\/p>\n\n\n\n<p>&#x1f4c6; S\u00c1BADO 23<\/p>\n\n\n\n<p>*12 hs. Apertura Patio Gastron\u00f3mico.<\/p>\n\n\n\n<p>*De 14 a 19 hs en el escenario secundario: DJ en vivo\/ La Biyuya en vivo\/<\/p>\n\n\n\n<p>Competencia del Puerto Freestyle.<\/p>\n\n\n\n<p>*18 hs. Lanzamiento 11\u00b0 Enduro de Monte Hermoso en el Centro de Convenciones con pilotos, organizadores y autoridades.<\/p>\n\n\n\n<p>*19 hs. Manu dal Santo en el escenario principal.<\/p>\n\n\n\n<p>*20 hs. FMK en el escenario principal.<\/p>\n\n\n\n<p>&#x1f4c6; DOMINGO 24<\/p>\n\n\n\n<p>*12 hs. Apertura Patio Gastron\u00f3mico.<\/p>\n\n\n\n<p>*De 14 a 19 hs en el escenario secundario: DJ en vivo\/ Carboxilados e Hipoac\u00fastico en vivo.<\/p>\n\n\n\n<p>*19 hs. Santiago Motorizado en escenario principal.<\/p>\n\n\n\n<p>*20hs. Cruzando el charco en escenario principal.<\/p>\n","protected":false},"excerpt":{"rendered":"<div class=\"mh-excerpt\"><p>Con todas las actividades concentradas en Plaza Parque General San Mart\u00edn, Monte Hermoso ya tiene todo listo para recibir a miles de adolescentes y familias para disfrutar del 22 al 24 de septiembre de la 29\u00b0 Fiesta Nacional de la Primavera. Habr\u00e1 dos escenarios, el principal y otro secundario; el Patio Gastron\u00f3mico con 18 puestos de beer y food trucks y una Feria de Emprendedores con m\u00e1s de 25 stands. Adem\u00e1s, en el marco de la fiesta se lanzar\u00e1 el 11\u00b0 Enduro de Monte Hermoso, uno de los eventos m\u00e1s esperados del mes de octubre. &#x1f4c5; VIERNES 22 *13 hs. <a class=\"mh-excerpt-more\" href=\"http:\/\/dsrmedios.com.ar\/diario\/archivos\/39575\" title=\"Se viene la Fiesta de la Primavera en Monte Hermoso 22 al 24 de setiembre\">[Leer m\u00e1s]<\/a><\/p>\n<\/div>","protected":false},"author":5,"featured_media":3411,"comment_status":"open","ping_status":"closed","sticky":false,"template":"","format":"standard","meta":{"_jetpack_newsletter_access":""},"categories":[18,7],"tags":[],"jetpack_featured_media_url":"http:\/\/dsrmedios.com.ar\/diario\/wp-content\/uploads\/2018\/01\/monte-hermoso.jpg","jetpack_sharing_enabled":true,"jetpack_shortlink":"https:\/\/wp.me\/p9fihK-aij","_links":{"self":[{"href":"http:\/\/dsrmedios.com.ar\/diario\/wp-json\/wp\/v2\/posts\/39575"}],"collection":[{"href":"http:\/\/dsrmedios.com.ar\/diario\/wp-json\/wp\/v2\/posts"}],"about":[{"href":"http:\/\/dsrmedios.com.ar\/diario\/wp-json\/wp\/v2\/types\/post"}],"author":[{"embeddable":true,"href":"http:\/\/dsrmedios.com.ar\/diario\/wp-json\/wp\/v2\/users\/5"}],"replies":[{"embeddable":true,"href":"http:\/\/dsrmedios.com.ar\/diario\/wp-json\/wp\/v2\/comments?post=39575"}],"version-history":[{"count":1,"href":"http:\/\/dsrmedios.com.ar\/diario\/wp-json\/wp\/v2\/posts\/39575\/revisions"}],"predecessor-version":[{"id":39576,"href":"http:\/\/dsrmedios.com.ar\/diario\/wp-json\/wp\/v2\/posts\/39575\/revisions\/39576"}],"wp:featuredmedia":[{"embeddable":true,"href":"http:\/\/dsrmedios.com.ar\/diario\/wp-json\/wp\/v2\/media\/3411"}],"wp:attachment":[{"href":"http:\/\/dsrmedios.com.ar\/diario\/wp-json\/wp\/v2\/media?parent=39575"}],"wp:term":[{"taxonomy":"category","embeddable":true,"href":"http:\/\/dsrmedios.com.ar\/diario\/wp-json\/wp\/v2\/categories?post=39575"},{"taxonomy":"post_tag","embeddable":true,"href":"http:\/\/dsrmedios.com.ar\/diario\/wp-json\/wp\/v2\/tags?post=39575"}],"curies":[{"name":"wp","href":"https:\/\/api.w.org\/{rel}","templated":true}]}}