{"id":39573,"date":"2023-09-20T09:26:59","date_gmt":"2023-09-20T12:26:59","guid":{"rendered":"http:\/\/dsrmedios.com.ar\/diario\/?p=39573"},"modified":"2023-09-20T09:27:01","modified_gmt":"2023-09-20T12:27:01","slug":"cuenta-dni-se-suma-al-programa-compre-sin-iva","status":"publish","type":"post","link":"http:\/\/dsrmedios.com.ar\/diario\/archivos\/39573","title":{"rendered":"Cuenta DNI se suma al programa compre sin IVA"},"content":{"rendered":"\n<p>La billetera digital gratuita de Banco Provincia de Buenos Aires se suma al programa Compre sin IVA, impulsado por el Ministerio de Econom\u00eda, beneficio que se acumula con los descuentos que ya ofrece la banca bonaerense y que permiten un ahorro mensual de hasta $78.800 por persona.<\/p>\n\n\n\n<p>\u201cEsta medida que lleva adelante el ministro Sergio Massa va a tener un impacto directo en el bolsillo de las familias bonaerenses, llevando alivio a una de las preocupaciones que tienen todos los d\u00edas los trabajadores y los sectores medios de la provincia\u201d, resalt\u00f3 el gobernador Axel Kicillof al confirmar la incorporaci\u00f3n de Cuenta DNI al programa nacional.<\/p>\n\n\n\n<p>La medida del Gobierno nacional reintegra en concepto de IVA el 21% de las compras a determinadas personas seg\u00fan su nivel de ingresos, en comercios seleccionados y en productos particulares por hasta $18.800 por mes.<\/p>\n\n\n\n<p>De esta manera, las personas usuarias de la billetera digital gratuita de Banco Provincia que cumplan con los requisitos impuestos por la AFIP pueden obtener un nuevo ahorro mensual cada vez que pagan sus compras de productos incluidos en la canasta b\u00e1sica a trav\u00e9s de la aplicaci\u00f3n en cualquiera de sus modalidades, como QR o Clave DNI.<\/p>\n","protected":false},"excerpt":{"rendered":"<div class=\"mh-excerpt\"><p>La billetera digital gratuita de Banco Provincia de Buenos Aires se suma al programa Compre sin IVA, impulsado por el Ministerio de Econom\u00eda, beneficio que se acumula con los descuentos que ya ofrece la banca bonaerense y que permiten un ahorro mensual de hasta $78.800 por persona. \u201cEsta medida que lleva adelante el ministro Sergio Massa va a tener un impacto directo en el bolsillo de las familias bonaerenses, llevando alivio a una de las preocupaciones que tienen todos los d\u00edas los trabajadores y los sectores medios de la provincia\u201d, resalt\u00f3 el gobernador Axel Kicillof al confirmar la incorporaci\u00f3n de <a class=\"mh-excerpt-more\" href=\"http:\/\/dsrmedios.com.ar\/diario\/archivos\/39573\" title=\"Cuenta DNI se suma al programa compre sin IVA\">[Leer m\u00e1s]<\/a><\/p>\n<\/div>","protected":false},"author":5,"featured_media":36696,"comment_status":"open","ping_status":"closed","sticky":false,"template":"","format":"standard","meta":{"_jetpack_newsletter_access":""},"categories":[18,6],"tags":[],"jetpack_featured_media_url":"http:\/\/dsrmedios.com.ar\/diario\/wp-content\/uploads\/2023\/07\/tarjeta-debito-reintegrojpg.webp","jetpack_sharing_enabled":true,"jetpack_shortlink":"https:\/\/wp.me\/p9fihK-aih","_links":{"self":[{"href":"http:\/\/dsrmedios.com.ar\/diario\/wp-json\/wp\/v2\/posts\/39573"}],"collection":[{"href":"http:\/\/dsrmedios.com.ar\/diario\/wp-json\/wp\/v2\/posts"}],"about":[{"href":"http:\/\/dsrmedios.com.ar\/diario\/wp-json\/wp\/v2\/types\/post"}],"author":[{"embeddable":true,"href":"http:\/\/dsrmedios.com.ar\/diario\/wp-json\/wp\/v2\/users\/5"}],"replies":[{"embeddable":true,"href":"http:\/\/dsrmedios.com.ar\/diario\/wp-json\/wp\/v2\/comments?post=39573"}],"version-history":[{"count":1,"href":"http:\/\/dsrmedios.com.ar\/diario\/wp-json\/wp\/v2\/posts\/39573\/revisions"}],"predecessor-version":[{"id":39574,"href":"http:\/\/dsrmedios.com.ar\/diario\/wp-json\/wp\/v2\/posts\/39573\/revisions\/39574"}],"wp:featuredmedia":[{"embeddable":true,"href":"http:\/\/dsrmedios.com.ar\/diario\/wp-json\/wp\/v2\/media\/36696"}],"wp:attachment":[{"href":"http:\/\/dsrmedios.com.ar\/diario\/wp-json\/wp\/v2\/media?parent=39573"}],"wp:term":[{"taxonomy":"category","embeddable":true,"href":"http:\/\/dsrmedios.com.ar\/diario\/wp-json\/wp\/v2\/categories?post=39573"},{"taxonomy":"post_tag","embeddable":true,"href":"http:\/\/dsrmedios.com.ar\/diario\/wp-json\/wp\/v2\/tags?post=39573"}],"curies":[{"name":"wp","href":"https:\/\/api.w.org\/{rel}","templated":true}]}}