{"id":39556,"date":"2023-09-19T21:43:07","date_gmt":"2023-09-20T00:43:07","guid":{"rendered":"http:\/\/dsrmedios.com.ar\/diario\/?p=39556"},"modified":"2023-09-19T21:43:10","modified_gmt":"2023-09-20T00:43:10","slug":"la-inflacion-mayorista-aumento-187-en-agosto-mas-de-6-puntos-por-arriba-de-los-precios-al-consumidor","status":"publish","type":"post","link":"http:\/\/dsrmedios.com.ar\/diario\/archivos\/39556","title":{"rendered":"La inflaci\u00f3n mayorista aument\u00f3 18,7% en agosto, m\u00e1s de 6 puntos por arriba de los precios al consumidor"},"content":{"rendered":"\n<p>El nivel general del\u00a0<strong>\u00cdndice de precios internos al por mayor (IPIM)\u00a0<\/strong>registr\u00f3 un aumento de 18,7% en agosto de 2023 respecto del mes anterior. De esta manera, el valor promedio de los productos comercializados en el mercado mayorista tuvo una suba de 6,3 puntos porcentuales por encima de la inflaci\u00f3n.<a rel=\"noreferrer noopener\" href=\"https:\/\/www.infobae.com\/economia\/2023\/09\/19\/la-economia-cayo-28-en-el-segundo-trimestre-fuerte-impacto-de-la-sequia-en-las-exportaciones-y-baja-del-consumo-por-la-inflacion\/\" target=\"_blank\"><\/a><\/p>\n\n\n\n<p>La variaci\u00f3n es consecuencia de la suba de 17,6% en los \u201cProductos nacionales\u201d y de 30,2% en los \u201cProductos importados\u201d.<\/p>\n\n\n\n<p>Por otra parte, el nivel general del \u00cdndice de&nbsp;<strong>precios internos b\u00e1sicos al por mayor (IPIB)&nbsp;<\/strong>-excluye el efecto impositivo del IPIM- mostr\u00f3 un ascenso de 19,0% en el mismo per\u00edodo. En este caso, la variaci\u00f3n se explica por la suba de 17,9% en los \u201cProductos nacionales\u201d y de 30,3% en los \u201cProductos importados\u201d.<\/p>\n\n\n\n<p>Asimismo, el nivel general del<strong>&nbsp;\u00cdndice de precios b\u00e1sicos del productor (IPP)&nbsp;<\/strong>-toma s\u00f3lo los productos de producci\u00f3n nacional- registr\u00f3 un incremento de 17,9% en el mismo per\u00edodo, como consecuencia de la suba de 17,7% en los \u201cProductos primarios\u201d y de 18,0% en los \u201cProductos manufacturados y energ\u00eda el\u00e9ctrica\u201d.<\/p>\n\n\n\n<p><img decoding=\"async\" loading=\"lazy\" alt=\"Precios mayoristas\" height=\"1379\" width=\"1920\" src=\"https:\/\/www.infobae.com\/new-resizer\/CXy-Ft0XhVnViGM5OJnsyhI51GY=\/arc-anglerfish-arc2-prod-infobae\/public\/625537YAOJHV3FXXQEJ3S4ORYE.jpg\" srcset=\"https:\/\/www.infobae.com\/new-resizer\/hCteOAO7iJ9BZ-xZ1Ut24PRGrjM=\/420x315\/filters:format(webp):quality(85)\/cloudfront-us-east-1.images.arcpublishing.com\/infobae\/625537YAOJHV3FXXQEJ3S4ORYE.jpg 420w,https:\/\/www.infobae.com\/new-resizer\/R67wMl3xq-ZVduLVH6q2dUxwABo=\/768x576\/filters:format(webp):quality(85)\/cloudfront-us-east-1.images.arcpublishing.com\/infobae\/625537YAOJHV3FXXQEJ3S4ORYE.jpg 768w,https:\/\/www.infobae.com\/new-resizer\/fOFjG2JMP5MFn2O5GWj3Ns9wlnM=\/992x744\/filters:format(webp):quality(85)\/cloudfront-us-east-1.images.arcpublishing.com\/infobae\/625537YAOJHV3FXXQEJ3S4ORYE.jpg 992w,https:\/\/www.infobae.com\/new-resizer\/f0Pvnn1RCPLUFO-SNTzJLsHFwrE=\/1200x900\/filters:format(webp):quality(85)\/cloudfront-us-east-1.images.arcpublishing.com\/infobae\/625537YAOJHV3FXXQEJ3S4ORYE.jpg 1200w,https:\/\/www.infobae.com\/new-resizer\/vo3tOYhDE3IOVY6cH_XKYXl-mGM=\/1440x1080\/filters:format(webp):quality(85)\/cloudfront-us-east-1.images.arcpublishing.com\/infobae\/625537YAOJHV3FXXQEJ3S4ORYE.jpg 1440w\">Precios mayoristas<\/p>\n\n\n\n<p>Los valores acumulados tambi\u00e9n superan el ritmo de incremento de la inflaci\u00f3n general. Los datos publicados por el Instituto Nacional de Estad\u00edsticas y Censos (Indec), muestran que el IPIM aument\u00f3 87,2% en lo que va del 2023 (contra 80,2% del IPC) y subi\u00f3 133,4% en los \u00faltimos doce meses (agosto de 2022 vs agosto de 2023), mientras que la inflaci\u00f3n tuvo una variaci\u00f3n del 124,4%..<\/p>\n\n\n\n<h2>Los productos de mayor suba<\/h2>\n\n\n\n<p>M\u00e1s all\u00e1 de los \u00edndice generales, el estudio del organismo nacional permite conocer el detalle del avance de precios de algunas categor\u00edas de productos espec\u00edficos.<\/p>\n\n\n\n<p>Entre los primarios, se destac\u00f3 el encarecimiento de los&nbsp;<strong>productos agropecuarios<\/strong>, que tuvieron un incremento del 22,4% en agosto.<\/p>\n\n\n\n<p>Dentro de la rama de manufacturados, sobresalieron las&nbsp;<strong>m\u00e1quinas y aparatos el\u00e9ctricos&nbsp;<\/strong>(31,5%), los<em>&nbsp;equipos para medicina<\/em>&nbsp;(29,4%) y los<strong>&nbsp;productos met\u00e1licos<\/strong>&nbsp;(23,7%), entre otros.<\/p>\n\n\n\n<h2>La suba de los materiales<\/h2>\n\n\n\n<p>El<strong>&nbsp;\u00cdndice del costo de la construcci\u00f3n (ICC)<\/strong>&nbsp;en el&nbsp;<strong>Gran Buenos Aires<\/strong>&nbsp;correspondiente a agosto de 2023 registr\u00f3 una suba de 14,7% respecto al mes anterior. Por tanto, tambi\u00e9n aument\u00f3 por encima de la inflaci\u00f3n general, que avanz\u00f3 12,4% en el octavo mes del a\u00f1o.<\/p>\n\n\n\n<p><img decoding=\"async\" loading=\"lazy\" alt=\"Los materiales tuvieron un ajuste del 22,2% en el octavo mes del a\u00f1o.\" height=\"706\" width=\"1000\" src=\"https:\/\/www.infobae.com\/new-resizer\/fxxxcNx4ZQy6eZ4cETAv7M0svNQ=\/arc-anglerfish-arc2-prod-infobae\/public\/QDCYNJ54XZBBHJ3PXCRETQMIXM.jpg\" srcset=\"https:\/\/www.infobae.com\/new-resizer\/hVn_FKTh7x37MjOTB44isKwI4mQ=\/420x280\/filters:format(webp):quality(85)\/cloudfront-us-east-1.images.arcpublishing.com\/infobae\/QDCYNJ54XZBBHJ3PXCRETQMIXM.jpg 420w,https:\/\/www.infobae.com\/new-resizer\/z104DNSL1injzgsNMqtx82ozk-Q=\/768x512\/filters:format(webp):quality(85)\/cloudfront-us-east-1.images.arcpublishing.com\/infobae\/QDCYNJ54XZBBHJ3PXCRETQMIXM.jpg 768w,https:\/\/www.infobae.com\/new-resizer\/SwMWeE0nPYrSfV--O1p-c3nSOmY=\/992x661\/filters:format(webp):quality(85)\/cloudfront-us-east-1.images.arcpublishing.com\/infobae\/QDCYNJ54XZBBHJ3PXCRETQMIXM.jpg 992w,https:\/\/www.infobae.com\/new-resizer\/zNsuqjt1gRGzb0-4dwU7TbdZcYA=\/1200x800\/filters:format(webp):quality(85)\/cloudfront-us-east-1.images.arcpublishing.com\/infobae\/QDCYNJ54XZBBHJ3PXCRETQMIXM.jpg 1200w,https:\/\/www.infobae.com\/new-resizer\/vFXqs5E6cswT1G0E-VsXPHfUNVg=\/1440x960\/filters:format(webp):quality(85)\/cloudfront-us-east-1.images.arcpublishing.com\/infobae\/QDCYNJ54XZBBHJ3PXCRETQMIXM.jpg 1440w\">Los materiales tuvieron un ajuste del 22,2% en el octavo mes del a\u00f1o.<\/p>\n\n\n\n<p>El resultado surge como consecuencia de un alza de 22,2% en el cap\u00edtulo \u201cmateriales\u201d -impulsado por la suba del d\u00f3lar-, de 8,1% en el cap\u00edtulo \u201cmano de obra\u201d y de 9,6% en el cap\u00edtulo \u201cgastos generales\u201d<\/p>\n\n\n\n<p>Es importante aclarar que el \u00edtem de mano de obra incorpora los nuevos valores establecidos por el acuerdo salarial de la&nbsp;<strong>Uni\u00f3n Obrera de la Construcci\u00f3n de la Rep\u00fablica Argentina (Uocra)<\/strong>, aplicable a las categor\u00edas laborales previstas en el Convenio Colectivo de Trabajo 76\/75 desde agosto de 2023.<\/p>\n\n\n\n<p>Adem\u00e1s, el\u00a0<strong>Ente Nacional Regulador de la Electricidad (ENRE)<\/strong>\u00a0aprob\u00f3 un incremento de tarifas el\u00e9ctricas a partir del 1 de agosto a las distribuidoras Edenor y Edesur, en el marco de las revisiones tarifarias integrales de ambas empresas; el cap\u00edtulo \u201cgastos generales\u201d incorpora estos nuevos valores tarifarios<\/p>\n\n\n\n<p>Dentro de cada segmento (materiales, mano de obra y gastos), sobresalen \u00edtems con subas por encima del promedio. Entre los materiales, hubo tres categor\u00edas que registraron aumentos por encima del 30% en agosto. Se trata de los aparatos de control el\u00e9ctrico (34,2%9, las electrobombas (33,4%) y los \u201ccables y conductores de media y baja tensi\u00f3n\u201d (32,5%).<\/p>\n\n\n\n<p><img decoding=\"async\" loading=\"lazy\" alt=\"Precios mayoristas\" height=\"744\" width=\"1920\" src=\"https:\/\/www.infobae.com\/new-resizer\/xVVdMt1i-q0HGZZm3kc99NPV1kU=\/arc-anglerfish-arc2-prod-infobae\/public\/REKILUEP7BE3JHDPFADYEVXBKM.jpg\" srcset=\"https:\/\/www.infobae.com\/new-resizer\/gADuY5E0sfr0MouF8CQ78OcWNaE=\/420x187\/filters:format(webp):quality(85)\/cloudfront-us-east-1.images.arcpublishing.com\/infobae\/REKILUEP7BE3JHDPFADYEVXBKM.jpg 420w,https:\/\/www.infobae.com\/new-resizer\/2-PItLq09lXREqNxa-OdCHPMmVU=\/768x341\/filters:format(webp):quality(85)\/cloudfront-us-east-1.images.arcpublishing.com\/infobae\/REKILUEP7BE3JHDPFADYEVXBKM.jpg 768w,https:\/\/www.infobae.com\/new-resizer\/r8rTPopL62J6hkGP7O8zqkgbZh0=\/992x441\/filters:format(webp):quality(85)\/cloudfront-us-east-1.images.arcpublishing.com\/infobae\/REKILUEP7BE3JHDPFADYEVXBKM.jpg 992w,https:\/\/www.infobae.com\/new-resizer\/Go-iJpo_DuNAyKgamSxiA5OVv5g=\/1200x533\/filters:format(webp):quality(85)\/cloudfront-us-east-1.images.arcpublishing.com\/infobae\/REKILUEP7BE3JHDPFADYEVXBKM.jpg 1200w\">Precios mayoristas<\/p>\n\n\n\n<p>Dentro de la rama de gastos generales, lo que m\u00e1s subi\u00f3 fue el alquiler de contenedores tipo volquete (14,7%), seguido por las retroexcavadoras (12,1%) y las palas cargadoras (9,6%).<\/p>\n\n\n\n<p>Los incrementos medidos en mano de obra fueron bastante parejos. El costo de la mano de obra asalariada avanz\u00f3 8% y el de los subcontratos aument\u00f3 8,7%, de acuerdo a los datos relevados por el Indec.<\/p>\n\n\n\n<p>Fuente: infobae<\/p>\n","protected":false},"excerpt":{"rendered":"<div class=\"mh-excerpt\"><p>El nivel general del\u00a0\u00cdndice de precios internos al por mayor (IPIM)\u00a0registr\u00f3 un aumento de 18,7% en agosto de 2023 respecto del mes anterior. De esta manera, el valor promedio de los productos comercializados en el mercado mayorista tuvo una suba de 6,3 puntos porcentuales por encima de la inflaci\u00f3n. La variaci\u00f3n es consecuencia de la suba de 17,6% en los \u201cProductos nacionales\u201d y de 30,2% en los \u201cProductos importados\u201d. Por otra parte, el nivel general del \u00cdndice de&nbsp;precios internos b\u00e1sicos al por mayor (IPIB)&nbsp;-excluye el efecto impositivo del IPIM- mostr\u00f3 un ascenso de 19,0% en el mismo per\u00edodo. En este <a class=\"mh-excerpt-more\" href=\"http:\/\/dsrmedios.com.ar\/diario\/archivos\/39556\" title=\"La inflaci\u00f3n mayorista aument\u00f3 18,7% en agosto, m\u00e1s de 6 puntos por arriba de los precios al consumidor\">[Leer m\u00e1s]<\/a><\/p>\n<\/div>","protected":false},"author":8,"featured_media":39557,"comment_status":"open","ping_status":"closed","sticky":false,"template":"","format":"standard","meta":{"_jetpack_newsletter_access":""},"categories":[6],"tags":[],"jetpack_featured_media_url":"http:\/\/dsrmedios.com.ar\/diario\/wp-content\/uploads\/2023\/09\/images-86.jpg","jetpack_sharing_enabled":true,"jetpack_shortlink":"https:\/\/wp.me\/p9fihK-ai0","_links":{"self":[{"href":"http:\/\/dsrmedios.com.ar\/diario\/wp-json\/wp\/v2\/posts\/39556"}],"collection":[{"href":"http:\/\/dsrmedios.com.ar\/diario\/wp-json\/wp\/v2\/posts"}],"about":[{"href":"http:\/\/dsrmedios.com.ar\/diario\/wp-json\/wp\/v2\/types\/post"}],"author":[{"embeddable":true,"href":"http:\/\/dsrmedios.com.ar\/diario\/wp-json\/wp\/v2\/users\/8"}],"replies":[{"embeddable":true,"href":"http:\/\/dsrmedios.com.ar\/diario\/wp-json\/wp\/v2\/comments?post=39556"}],"version-history":[{"count":1,"href":"http:\/\/dsrmedios.com.ar\/diario\/wp-json\/wp\/v2\/posts\/39556\/revisions"}],"predecessor-version":[{"id":39558,"href":"http:\/\/dsrmedios.com.ar\/diario\/wp-json\/wp\/v2\/posts\/39556\/revisions\/39558"}],"wp:featuredmedia":[{"embeddable":true,"href":"http:\/\/dsrmedios.com.ar\/diario\/wp-json\/wp\/v2\/media\/39557"}],"wp:attachment":[{"href":"http:\/\/dsrmedios.com.ar\/diario\/wp-json\/wp\/v2\/media?parent=39556"}],"wp:term":[{"taxonomy":"category","embeddable":true,"href":"http:\/\/dsrmedios.com.ar\/diario\/wp-json\/wp\/v2\/categories?post=39556"},{"taxonomy":"post_tag","embeddable":true,"href":"http:\/\/dsrmedios.com.ar\/diario\/wp-json\/wp\/v2\/tags?post=39556"}],"curies":[{"name":"wp","href":"https:\/\/api.w.org\/{rel}","templated":true}]}}