{"id":39548,"date":"2023-09-19T21:32:55","date_gmt":"2023-09-20T00:32:55","guid":{"rendered":"http:\/\/dsrmedios.com.ar\/diario\/?p=39548"},"modified":"2023-09-19T21:32:57","modified_gmt":"2023-09-20T00:32:57","slug":"bullrich-relanzo-su-campana-en-cordoba-con-el-respaldo-de-macri-y-pidio-volver-al-puerta-a-puerta-como-estrategia-electoral","status":"publish","type":"post","link":"http:\/\/dsrmedios.com.ar\/diario\/archivos\/39548","title":{"rendered":"Bullrich relanz\u00f3 su campa\u00f1a en C\u00f3rdoba con el respaldo de Macri y pidi\u00f3 volver al \u201cpuerta a puerta\u201d como estrategia electoral"},"content":{"rendered":"\n<p>Este martes por la tarde,<strong>&nbsp;Mauricio Macri<\/strong>&nbsp;recorri\u00f3 la zona del Buen Pastor en la capital cordobesa. Se sent\u00f3 en una mesa con un grupo de vecinas para conversar, hizo una caminata, y entre fotos y aut\u00f3grafos respondi\u00f3 sobre el tratamiento de ganancias en Diputados. \u201cEs como lo dijo Patricia, esto es un mamarracho electoral que solamente contribuye a acercarnos m\u00e1s a la hiperinflaci\u00f3n, porque un Gobierno que ha fundido a la Argentina sigue imprimiendo billetes para seguir con esta fiesta. Por suerte a esto le falta poco y a partir del 10 de diciembre, con Patricia, retomaremos una agenda inteligente, productiva, de crecimiento con el mundo, con serenidad y con la verdad\u201d, se\u00f1al\u00f3 y, sobre las \u00faltimas medidas econ\u00f3micas anunciadas por el Gobierno Nacional, dijo: \u201cSon una irresponsabilidad tras otra. Est\u00e1n llevando al Pa\u00eds a la hiperinflaci\u00f3n\u201d.<\/p>\n\n\n\n<p><img decoding=\"async\" loading=\"lazy\" alt=\"Mauricio Macri junto a vecinas de C\u00f3rdoba\" height=\"1080\" width=\"1920\" src=\"https:\/\/www.infobae.com\/new-resizer\/M0a6nJnpOYevwkYXACIGNQF0-dY=\/arc-anglerfish-arc2-prod-infobae\/public\/KV3NZHJA5BGSPMSWIIQ7Q24AS4.jpg\" srcset=\"https:\/\/www.infobae.com\/new-resizer\/Zkph8mb0RoQm89i1h4EDsi5SsNk=\/420x236\/filters:format(webp):quality(85)\/cloudfront-us-east-1.images.arcpublishing.com\/infobae\/KV3NZHJA5BGSPMSWIIQ7Q24AS4.jpg 420w,https:\/\/www.infobae.com\/new-resizer\/wf6SC86GnfX4UVzJrEsYcDUe0LQ=\/768x432\/filters:format(webp):quality(85)\/cloudfront-us-east-1.images.arcpublishing.com\/infobae\/KV3NZHJA5BGSPMSWIIQ7Q24AS4.jpg 768w,https:\/\/www.infobae.com\/new-resizer\/U2rx7LD5rpR2NbRbnnRefeXqnvg=\/992x558\/filters:format(webp):quality(85)\/cloudfront-us-east-1.images.arcpublishing.com\/infobae\/KV3NZHJA5BGSPMSWIIQ7Q24AS4.jpg 992w,https:\/\/www.infobae.com\/new-resizer\/QOGbMgwZuTrKEx1vDby5ZDBzDy4=\/1200x675\/filters:format(webp):quality(85)\/cloudfront-us-east-1.images.arcpublishing.com\/infobae\/KV3NZHJA5BGSPMSWIIQ7Q24AS4.jpg 1200w,https:\/\/www.infobae.com\/new-resizer\/CEUV7yz3Dxcweab5ErjZ9fBsKgk=\/1440x810\/filters:format(webp):quality(85)\/cloudfront-us-east-1.images.arcpublishing.com\/infobae\/KV3NZHJA5BGSPMSWIIQ7Q24AS4.jpg 1440w\">Mauricio Macri junto a vecinas de C\u00f3rdoba<\/p>\n\n\n\n<p>Luego de los \u201cruidos\u201d en la interna de la coalici\u00f3n, por los gui\u00f1os del l\u00edder del partido amarillo al candidato de la Libertad Avanza, Macri aclar\u00f3:&nbsp;<strong>\u201cYo nunca tuve dudas en apoyar a Patricia\u201d<\/strong>.<\/p>\n\n\n\n<p>Desde el espacio de Juntos por el Cambio conf\u00edan en que es posible hacer una buena elecci\u00f3n. El ex Presidente analiz\u00f3 el posible escenario en el que gobernar\u00eda Bullrich en el caso de ganar en octubre: \u201cLa diferencia con el 2015 es que ahora vamos a tener doce gobernadores, mayor\u00eda en la C\u00e1mara de Diputados y un volumen importante en la C\u00e1mara de Senadores. Nada que ver con el 2015, cuando yo estaba en minor\u00eda con todo\u201d.<\/p>\n\n\n\n<p><img decoding=\"async\" loading=\"lazy\" alt=\"La actividad de Mauricio Macri esta tarde en C\u00f3rdoba (Mario Sar)\" height=\"1280\" width=\"1920\" src=\"https:\/\/www.infobae.com\/new-resizer\/svu-7O92a4DBgU27BD_b_ic9Jfs=\/arc-anglerfish-arc2-prod-infobae\/public\/5FKSD53KA5C45EI65AIKTOWNHY.jpg\" srcset=\"https:\/\/www.infobae.com\/new-resizer\/VJliiQzJyFZNWXQVXT-JePdImPI=\/420x280\/filters:format(webp):quality(85)\/cloudfront-us-east-1.images.arcpublishing.com\/infobae\/5FKSD53KA5C45EI65AIKTOWNHY.jpg 420w,https:\/\/www.infobae.com\/new-resizer\/ZGFD0yAY44GZ4o43ZSLyrpuqEgs=\/768x512\/filters:format(webp):quality(85)\/cloudfront-us-east-1.images.arcpublishing.com\/infobae\/5FKSD53KA5C45EI65AIKTOWNHY.jpg 768w,https:\/\/www.infobae.com\/new-resizer\/T88qX1P6sKRVVQtiJlH1yBIYqKA=\/992x661\/filters:format(webp):quality(85)\/cloudfront-us-east-1.images.arcpublishing.com\/infobae\/5FKSD53KA5C45EI65AIKTOWNHY.jpg 992w,https:\/\/www.infobae.com\/new-resizer\/pz6aT1rpKdr5o3hikoJ1M2x44oU=\/1200x800\/filters:format(webp):quality(85)\/cloudfront-us-east-1.images.arcpublishing.com\/infobae\/5FKSD53KA5C45EI65AIKTOWNHY.jpg 1200w,https:\/\/www.infobae.com\/new-resizer\/Rj57O7BX0c6LEYCMPDyqRe9Ryro=\/1440x960\/filters:format(webp):quality(85)\/cloudfront-us-east-1.images.arcpublishing.com\/infobae\/5FKSD53KA5C45EI65AIKTOWNHY.jpg 1440w\">La actividad de Mauricio Macri esta tarde en C\u00f3rdoba (Mario Sar)<\/p>\n\n\n\n<p>Horas antes \u2014en la localidad de Jes\u00fas Mar\u00eda\u2014, Macri dijo: \u201cYo estuve ah\u00ed, tenes que desembarcar con cuatro mil personas que, lo ideal, es que hayan tenido una experiencia previa. Que sepan que van a encontrar un Estado totalmente tomado por los talibanes de La C\u00e1mpora, que no van a dejar que este cambio avance\u201d.<\/p>\n\n\n\n<p>El futuro de Juntos por el Cambio depende del resultado que el espacio logre en las generales. En su recorrido, el l\u00edder del partido dijo que el \u00fanico camino hacia adelante es trabajando.<\/p>\n\n\n\n<h2>Macri marca el rumbo de la \u201cPatoneta\u201d en C\u00f3rdoba<\/h2>\n\n\n\n<p>El m\u00e9todo del timbreo llev\u00f3 a Mauricio Macri a la presidencia y, desde el a\u00f1o 2015. su partido obtuvo s\u00f3lo victorias en los comicios nacionales y en los de medio t\u00e9rmino en esta provincia, hasta la irrupci\u00f3n de Javier Milei. La necesidad de recuperar los puntos de la coalici\u00f3n que se fueron al libertario, conducen a JxC a reformular la estrategia para acercar su mensaje a la gente.<\/p>\n\n\n\n<p>Bullrich reuni\u00f3 este lunes a la dirigencia local con un mensaje claro: volver al puerta a puerta y que las propuestas lleguen a cada rinc\u00f3n. En esta l\u00ednea Macri se arremang\u00f3 y recorre el interior para militar la campa\u00f1a de Patricia armando agenda, hablando con la gente y realizando apariciones espont\u00e1neas en lugares p\u00fablicos.<\/p>\n\n\n\n<p><img decoding=\"async\" loading=\"lazy\" alt=\"La candidata presidencial junto a dirigentes cordobeces\n\" height=\"576\" width=\"1024\" src=\"https:\/\/www.infobae.com\/new-resizer\/yxn1bl70CuTJ28WQIvWkrNanCDw=\/arc-anglerfish-arc2-prod-infobae\/public\/HZEC4URLXJAJJJGBWDHMDGC2GY.jpeg\" srcset=\"https:\/\/www.infobae.com\/new-resizer\/G-1HmU6It5O87l71cSDwFIkCY_c=\/420x236\/filters:format(webp):quality(85)\/cloudfront-us-east-1.images.arcpublishing.com\/infobae\/HZEC4URLXJAJJJGBWDHMDGC2GY.jpeg 420w,https:\/\/www.infobae.com\/new-resizer\/qqioOqaTFBe4j5lcbcm_b-0SCTc=\/768x432\/filters:format(webp):quality(85)\/cloudfront-us-east-1.images.arcpublishing.com\/infobae\/HZEC4URLXJAJJJGBWDHMDGC2GY.jpeg 768w,https:\/\/www.infobae.com\/new-resizer\/7LvIuQJjmjHK1z_8ThalbvQs1CU=\/992x558\/filters:format(webp):quality(85)\/cloudfront-us-east-1.images.arcpublishing.com\/infobae\/HZEC4URLXJAJJJGBWDHMDGC2GY.jpeg 992w,https:\/\/www.infobae.com\/new-resizer\/vje02TJrfCcx-sy23_usvKZ1JV4=\/1200x675\/filters:format(webp):quality(85)\/cloudfront-us-east-1.images.arcpublishing.com\/infobae\/HZEC4URLXJAJJJGBWDHMDGC2GY.jpeg 1200w,https:\/\/www.infobae.com\/new-resizer\/1wwzdbfchocVqlnuBf2r-BPnhTA=\/1440x810\/filters:format(webp):quality(85)\/cloudfront-us-east-1.images.arcpublishing.com\/infobae\/HZEC4URLXJAJJJGBWDHMDGC2GY.jpeg 1440w\">La candidata presidencial junto a dirigentes cordobeces<\/p>\n\n\n\n<h2>Agenda C\u00f3rdoba<\/h2>\n\n\n\n<p>El recorrido del dirigente del PRO inici\u00f3 en la ciudad de Villa Allende y luego continu\u00f3 por Jes\u00fas Mar\u00eda, distrito que gobierna el primer candidato a Diputado Nacional por C\u00f3rdoba, Luis Picat. Luego desembarc\u00f3 en el barrio de Nueva C\u00f3rdoba y continu\u00f3 la gira por Villa Carlos Paz. El mi\u00e9rcoles seguir\u00e1 el recorrido por el interior para saludar al nuevo intendente de Oncativo, que dio el batacazo desplazando al peronismo, y terminar\u00e1 en Villa Mar\u00eda para apoyar a su candidato, el Legislador Dar\u00edo Capitani, en donde habr\u00e1 elecciones el pr\u00f3ximo 1\u00ba de Octubre.<\/p>\n\n\n\n<p>Desde la coalici\u00f3n local destacan como autocr\u00edtica que, haber abandonado el contacto personal con los electores y haber desatendido a la dirigencia del interior, fue el \u201cTal\u00f3n de Aquiles\u201d que los llev\u00f3 a la situaci\u00f3n actual. Conf\u00edan en que retomar el m\u00e9todo de origen y apuntalar el segundo distrito m\u00e1s grande del pa\u00eds, los puede llevar a obtener buenos resultados.<\/p>\n\n\n\n<p>En la gira por el territorio estuvo Soher El Sukar\u00eda, dirigente del ri\u00f1\u00f3n del PRO cordob\u00e9s quien sostuvo: \u201cMauricio est\u00e1 comprometido con la campa\u00f1a, sabe que C\u00f3rdoba siempre lo acompa\u00f1\u00f3 y quiere volver a hablar con la gente\u201d.<\/p>\n\n\n\n<figure class=\"wp-block-image\"><img decoding=\"async\" src=\"https:\/\/www.infobae.com\/new-resizer\/9kEnqxgfyPJB0Sr6ViYJZocWubw=\/arc-anglerfish-arc2-prod-infobae\/public\/TONUS2QN5FFK5F3L2EOZC53VWU.jpg\" alt=\"Parte del recorrido del ex Presidente por la provincia de C\u00f3rdoba este martes (Mario Sar)\"\/><\/figure>\n\n\n\n<p>Fuente: infobae<\/p>\n","protected":false},"excerpt":{"rendered":"<div class=\"mh-excerpt\"><p>Este martes por la tarde,&nbsp;Mauricio Macri&nbsp;recorri\u00f3 la zona del Buen Pastor en la capital cordobesa. Se sent\u00f3 en una mesa con un grupo de vecinas para conversar, hizo una caminata, y entre fotos y aut\u00f3grafos respondi\u00f3 sobre el tratamiento de ganancias en Diputados. \u201cEs como lo dijo Patricia, esto es un mamarracho electoral que solamente contribuye a acercarnos m\u00e1s a la hiperinflaci\u00f3n, porque un Gobierno que ha fundido a la Argentina sigue imprimiendo billetes para seguir con esta fiesta. Por suerte a esto le falta poco y a partir del 10 de diciembre, con Patricia, retomaremos una agenda inteligente, productiva, <a class=\"mh-excerpt-more\" href=\"http:\/\/dsrmedios.com.ar\/diario\/archivos\/39548\" title=\"Bullrich relanz\u00f3 su campa\u00f1a en C\u00f3rdoba con el respaldo de Macri y pidi\u00f3 volver al \u201cpuerta a puerta\u201d como estrategia electoral\">[Leer m\u00e1s]<\/a><\/p>\n<\/div>","protected":false},"author":8,"featured_media":36916,"comment_status":"open","ping_status":"closed","sticky":false,"template":"","format":"standard","meta":{"_jetpack_newsletter_access":""},"categories":[6],"tags":[],"jetpack_featured_media_url":"http:\/\/dsrmedios.com.ar\/diario\/wp-content\/uploads\/2023\/07\/600x400_patricia-bullrich-presidenta-pro-967467-115321.webp","jetpack_sharing_enabled":true,"jetpack_shortlink":"https:\/\/wp.me\/p9fihK-ahS","_links":{"self":[{"href":"http:\/\/dsrmedios.com.ar\/diario\/wp-json\/wp\/v2\/posts\/39548"}],"collection":[{"href":"http:\/\/dsrmedios.com.ar\/diario\/wp-json\/wp\/v2\/posts"}],"about":[{"href":"http:\/\/dsrmedios.com.ar\/diario\/wp-json\/wp\/v2\/types\/post"}],"author":[{"embeddable":true,"href":"http:\/\/dsrmedios.com.ar\/diario\/wp-json\/wp\/v2\/users\/8"}],"replies":[{"embeddable":true,"href":"http:\/\/dsrmedios.com.ar\/diario\/wp-json\/wp\/v2\/comments?post=39548"}],"version-history":[{"count":1,"href":"http:\/\/dsrmedios.com.ar\/diario\/wp-json\/wp\/v2\/posts\/39548\/revisions"}],"predecessor-version":[{"id":39549,"href":"http:\/\/dsrmedios.com.ar\/diario\/wp-json\/wp\/v2\/posts\/39548\/revisions\/39549"}],"wp:featuredmedia":[{"embeddable":true,"href":"http:\/\/dsrmedios.com.ar\/diario\/wp-json\/wp\/v2\/media\/36916"}],"wp:attachment":[{"href":"http:\/\/dsrmedios.com.ar\/diario\/wp-json\/wp\/v2\/media?parent=39548"}],"wp:term":[{"taxonomy":"category","embeddable":true,"href":"http:\/\/dsrmedios.com.ar\/diario\/wp-json\/wp\/v2\/categories?post=39548"},{"taxonomy":"post_tag","embeddable":true,"href":"http:\/\/dsrmedios.com.ar\/diario\/wp-json\/wp\/v2\/tags?post=39548"}],"curies":[{"name":"wp","href":"https:\/\/api.w.org\/{rel}","templated":true}]}}