{"id":39543,"date":"2023-09-19T21:24:30","date_gmt":"2023-09-20T00:24:30","guid":{"rendered":"http:\/\/dsrmedios.com.ar\/diario\/?p=39543"},"modified":"2023-09-19T21:24:32","modified_gmt":"2023-09-20T00:24:32","slug":"ante-la-onu-alberto-fernandez-pidio-levantar-los-bloqueos-a-cuba-y-venezuela-y-critico-al-fmi","status":"publish","type":"post","link":"http:\/\/dsrmedios.com.ar\/diario\/archivos\/39543","title":{"rendered":"Ante la ONU, Alberto Fern\u00e1ndez pidi\u00f3 levantar los bloqueos a Cuba y Venezuela y critic\u00f3 al FMI"},"content":{"rendered":"\n<p>El presidente<strong>&nbsp;Alberto Fern\u00e1ndez<\/strong>&nbsp;brind\u00f3 este martes un discurso ante la Asamblea General de la ONU con fuertes cr\u00edticas al Fondo Monetario Internacional, a ra\u00edz de la suba de tasas y la aplicaci\u00f3n de sobrecargas a pa\u00edses endeudados como Argentina. Tambi\u00e9n volvi\u00f3 a condenar \u201cel bloqueo contra Cuba\u201d y las sanciones sobre Venezuela.<\/p>\n\n\n\n<p>El Presidente volvi\u00f3 a mencionar los problemas que afronta el mundo, entre ellos, el cambio clim\u00e1tico y las consecuencias de la pandemia: \u201cAl hablar ante esta Asamblea, me siento en la obligaci\u00f3n de expresarme con absoluta franqueza. Los problemas del mundo exigen soluciones. Ya diagnosticamos los problemas. No podemos seguir hablando de ellos mientras caminamos en una cornisa. Los riesgos de perpetuar este presente son muy altos\u201d.<\/p>\n\n\n\n<p>\u201cEs hora de promover la justicia social en el mundo\u201d, resalt\u00f3 al apuntar contra el FMI, organismo internacional al que cuestion\u00f3 durante su discurso: \u201cNo puede subir sus intereses cada vez que la Reserva Federal americana sube sus tasas para contener la inflaci\u00f3n de su pa\u00eds. En ese contexto, resulta vergonzoso que a\u00fan hoy apliquen sobrecargos a muchos pa\u00edses a los que ya se les vuelve insoportable cargar la mochila de la deuda externa. Ir\u00f3nicamente, financian a Ucrania en medio de la guerra, y en medio de&nbsp;<strong>la guerra le aplican sobrecargos a los intereses que le cobran<\/strong>. Necesitamos un nuevo marco de tratamiento de las deudas soberanas que tenga como norte el desarrollo con justicia social. La experiencia muestra que cuando se asfixia a un pueblo con la eterna condena del endeudamiento, sus fuerzas fenecen, las crisis sociales se potencian y las deudas se vuelven incobrables\u201d.<\/p>\n\n\n\n<p>Sobre Argentina,\u00a0<strong>record\u00f3 el cumplimiento de 40 a\u00f1os en democracia\u00a0<\/strong>donde \u201cla promoci\u00f3n y protecci\u00f3n de los derechos humanos han sido parte fundamental del camino transitado\u201d. Y a\u00f1adi\u00f3: \u201cHoy UNESCO declar\u00f3 Patrimonio Mundial al Museo Sitio de Memoria ESMA, un centro clandestino de detenci\u00f3n, tortura y exterminio en el que la dictadura perpetr\u00f3 sus mayores atrocidades. Preservando activa la memoria que quieren ocultar los negacionistas, evitaremos que ese tiempo de dolor se repita. Frente a esos delitos de lesa humanidad nuestra salida no fue la venganza sino la Justicia\u201d.<\/p>\n\n\n\n<p>\u201cNuestra regi\u00f3n se encuentra frente a una oportunidad hist\u00f3rica. Cuenta con la energ\u00eda y los alimentos que el mundo demanda. Nuestro desarrollo depende de que tengamos la capacidad de aprovechar esos recursos. Es preciso que trabajemos conjuntamente para llevar a cabo obras de infraestructura que nos permitan competir industrialmente desde esta regi\u00f3n\u201d, resalt\u00f3.<\/p>\n\n\n\n<p>En el \u00faltimo tramo de su alocuci\u00f3n, record\u00f3 que Argentina se opone \u201ca la utilizaci\u00f3n de medidas unilaterales de coerci\u00f3n y a la adopci\u00f3n de pr\u00e1cticas comerciales discriminatorias\u201d. \u201c<strong>La perpetuaci\u00f3n del bloqueo contra Cuba es inadmisible\u201d,&nbsp;<\/strong>sentenci\u00f3.<\/p>\n\n\n\n<p><img decoding=\"async\" loading=\"lazy\" alt=\"El Presidente intervino en el 77\u00ba Per\u00edodo de sesiones de la Asamblea General de la ONU\n\" height=\"1282\" width=\"1920\" src=\"https:\/\/www.infobae.com\/new-resizer\/lZuHHgfdVYde868z5QBZAOWKbDk=\/arc-anglerfish-arc2-prod-infobae\/public\/HLSHJ6X4BZAEXJ2CCF7ZM45E2M.jpg\" srcset=\"https:\/\/www.infobae.com\/new-resizer\/InptDZHRuRG5o9bwqbrn1DTKPzY=\/420x280\/filters:format(webp):quality(85)\/cloudfront-us-east-1.images.arcpublishing.com\/infobae\/HLSHJ6X4BZAEXJ2CCF7ZM45E2M.jpg 420w,https:\/\/www.infobae.com\/new-resizer\/2a3o9gSxEfh8nP-oK28o3whDmys=\/768x512\/filters:format(webp):quality(85)\/cloudfront-us-east-1.images.arcpublishing.com\/infobae\/HLSHJ6X4BZAEXJ2CCF7ZM45E2M.jpg 768w,https:\/\/www.infobae.com\/new-resizer\/tMwOUiroXMlhksdOi35j3dC4HH4=\/992x661\/filters:format(webp):quality(85)\/cloudfront-us-east-1.images.arcpublishing.com\/infobae\/HLSHJ6X4BZAEXJ2CCF7ZM45E2M.jpg 992w,https:\/\/www.infobae.com\/new-resizer\/STLxTP4G4pRiubMBRMn8yGaUarQ=\/1200x800\/filters:format(webp):quality(85)\/cloudfront-us-east-1.images.arcpublishing.com\/infobae\/HLSHJ6X4BZAEXJ2CCF7ZM45E2M.jpg 1200w,https:\/\/www.infobae.com\/new-resizer\/NasG5Y3WxcmZvnXxwkyKrwVlmSg=\/1440x960\/filters:format(webp):quality(85)\/cloudfront-us-east-1.images.arcpublishing.com\/infobae\/HLSHJ6X4BZAEXJ2CCF7ZM45E2M.jpg 1440w\">El Presidente intervino en el 77\u00ba Per\u00edodo de sesiones de la Asamblea General de la ONU<\/p>\n\n\n\n<p>\u201cA\u00f1o tras a\u00f1o esta Asamblea General reclama por una abrumadora mayor\u00eda la necesidad de poner fin a dicho bloqueo. Asimismo, solicitamos una vez m\u00e1s la exclusi\u00f3n de Cuba de la lista de pa\u00edses que supuestamente patrocinan el terrorismo internacional\u201d, agreg\u00f3 Fern\u00e1ndez.<\/p>\n\n\n\n<p>El mandatario argentino replic\u00f3 su postura con Venezuela: \u201cDeben cesar de inmediato las sanciones impuestas por los Estados Unidos. Su prolongaci\u00f3n en el tiempo solo lastim\u00f3 las condiciones de vida para sus habitantes y condujo al exilio a millones de venezolanos que emigraron de su patria buscando una vida mejor\u201d.<\/p>\n\n\n\n<p>\u201cQuiero reafirmar tambi\u00e9n los leg\u00edtimos e imprescriptibles derechos\u00a0<strong>de soberan\u00eda de la Rep\u00fablica Argentina sobre las Islas Malvinas<\/strong>, Georgias del Sur, Sandwich del Sur y los espacios mar\u00edtimos circundantes. Forman parte integrante del territorio nacional argentino y se encuentran ocupados ilegalmente por el Reino Unido desde hace casi dos siglos. De conformidad con las resoluciones de esta Asamblea General y su Comit\u00e9 Especial de Descolonizaci\u00f3n, la forma de resolver la situaci\u00f3n colonial de las Islas es a trav\u00e9s de las negociaciones de soberan\u00eda entre la Argentina y el Reino Unido\u201d, agreg\u00f3.<\/p>\n\n\n\n<p>En ese sentido, apunt\u00f3 contra el Reino Unido por negarse a \u201dreanudar las negociaciones. Cuestionamos que siga desarrollando actividades unilaterales de exploraci\u00f3n y explotaci\u00f3n de recursos naturales en el \u00e1rea en disputa contradiciendo as\u00ed la resoluci\u00f3n 31\/49 de esta Asamblea, as\u00ed como tambi\u00e9n con su presencia militar en el Atl\u00e1ntico Sur\u201d.<\/p>\n\n\n\n<p>En la previa a su exposici\u00f3n, Alberto Fern\u00e1ndez particip\u00f3 de una reuni\u00f3n sobre el sistema financiero internacional que fue convocada por la Uni\u00f3n Europea, a trav\u00e9s del presidente espa\u00f1ol Pedro S\u00e1nchez. Entre los asistentes estuvo sentada la titular del Fondo Monetario Internacional, Kristalina Georgieva. El mandatario argentino, cuando le toc\u00f3 intervenir, mostr\u00f3 reparos sobre el funcionamiento del FMI y de otros organismos de cr\u00e9dito globales y critic\u00f3 a los Fondos de Inversi\u00f3n.<\/p>\n\n\n\n<p>Fuente: infobae<\/p>\n","protected":false},"excerpt":{"rendered":"<div class=\"mh-excerpt\"><p>El presidente&nbsp;Alberto Fern\u00e1ndez&nbsp;brind\u00f3 este martes un discurso ante la Asamblea General de la ONU con fuertes cr\u00edticas al Fondo Monetario Internacional, a ra\u00edz de la suba de tasas y la aplicaci\u00f3n de sobrecargas a pa\u00edses endeudados como Argentina. Tambi\u00e9n volvi\u00f3 a condenar \u201cel bloqueo contra Cuba\u201d y las sanciones sobre Venezuela. El Presidente volvi\u00f3 a mencionar los problemas que afronta el mundo, entre ellos, el cambio clim\u00e1tico y las consecuencias de la pandemia: \u201cAl hablar ante esta Asamblea, me siento en la obligaci\u00f3n de expresarme con absoluta franqueza. Los problemas del mundo exigen soluciones. Ya diagnosticamos los problemas. No podemos <a class=\"mh-excerpt-more\" href=\"http:\/\/dsrmedios.com.ar\/diario\/archivos\/39543\" title=\"Ante la ONU, Alberto Fern\u00e1ndez pidi\u00f3 levantar los bloqueos a Cuba y Venezuela y critic\u00f3 al FMI\">[Leer m\u00e1s]<\/a><\/p>\n<\/div>","protected":false},"author":8,"featured_media":39439,"comment_status":"open","ping_status":"closed","sticky":false,"template":"","format":"standard","meta":{"_jetpack_newsletter_access":""},"categories":[6],"tags":[],"jetpack_featured_media_url":"http:\/\/dsrmedios.com.ar\/diario\/wp-content\/uploads\/2023\/09\/8014203087001w-1-300x167-1.jpg","jetpack_sharing_enabled":true,"jetpack_shortlink":"https:\/\/wp.me\/p9fihK-ahN","_links":{"self":[{"href":"http:\/\/dsrmedios.com.ar\/diario\/wp-json\/wp\/v2\/posts\/39543"}],"collection":[{"href":"http:\/\/dsrmedios.com.ar\/diario\/wp-json\/wp\/v2\/posts"}],"about":[{"href":"http:\/\/dsrmedios.com.ar\/diario\/wp-json\/wp\/v2\/types\/post"}],"author":[{"embeddable":true,"href":"http:\/\/dsrmedios.com.ar\/diario\/wp-json\/wp\/v2\/users\/8"}],"replies":[{"embeddable":true,"href":"http:\/\/dsrmedios.com.ar\/diario\/wp-json\/wp\/v2\/comments?post=39543"}],"version-history":[{"count":1,"href":"http:\/\/dsrmedios.com.ar\/diario\/wp-json\/wp\/v2\/posts\/39543\/revisions"}],"predecessor-version":[{"id":39544,"href":"http:\/\/dsrmedios.com.ar\/diario\/wp-json\/wp\/v2\/posts\/39543\/revisions\/39544"}],"wp:featuredmedia":[{"embeddable":true,"href":"http:\/\/dsrmedios.com.ar\/diario\/wp-json\/wp\/v2\/media\/39439"}],"wp:attachment":[{"href":"http:\/\/dsrmedios.com.ar\/diario\/wp-json\/wp\/v2\/media?parent=39543"}],"wp:term":[{"taxonomy":"category","embeddable":true,"href":"http:\/\/dsrmedios.com.ar\/diario\/wp-json\/wp\/v2\/categories?post=39543"},{"taxonomy":"post_tag","embeddable":true,"href":"http:\/\/dsrmedios.com.ar\/diario\/wp-json\/wp\/v2\/tags?post=39543"}],"curies":[{"name":"wp","href":"https:\/\/api.w.org\/{rel}","templated":true}]}}