{"id":39531,"date":"2023-09-19T21:16:53","date_gmt":"2023-09-20T00:16:53","guid":{"rendered":"http:\/\/dsrmedios.com.ar\/diario\/?p=39531"},"modified":"2023-09-19T21:16:57","modified_gmt":"2023-09-20T00:16:57","slug":"massa-sigue-en-diputados-el-debate-por-ganancias-y-hablaria-ante-los-trabajadores-que-se-movilizaron","status":"publish","type":"post","link":"http:\/\/dsrmedios.com.ar\/diario\/archivos\/39531","title":{"rendered":"Massa sigue en Diputados el debate por Ganancias y hablar\u00eda ante los trabajadores que se movilizaron"},"content":{"rendered":"\n<p>El ministro de Econom\u00eda y candidato presidencial de UxP,&nbsp;<strong>Sergio Massa<\/strong>, lleg\u00f3 al Congreso para presenciar la aprobaci\u00f3n del proyecto.<\/p>\n\n\n\n<p>Durante el tramo final del debate se encontraba reunido con la presidenta de la C\u00e1mara,&nbsp;<strong>Cecilia Moreau<\/strong>, el director general de Aduana&nbsp;<strong>Guillermo Michel&nbsp;<\/strong>y el titular de AFIP&nbsp;<strong>Carlos Castagneto<\/strong>.<\/p>\n\n\n\n<p>Seg\u00fan explicaron desde el entorno de Massa, se encontraban trabajando \u201cen el env\u00edo de la ley que reintegra el IVA a los monotributistas, jubilados y trabajadores\u201d.<\/p>\n\n\n\n<p><img decoding=\"async\" loading=\"lazy\" alt=\"Sergio Massa junto a la presidenta de la C\u00e1mara de Diputados, Cecilia Moreau, el director general de Aduana Guillermo Michel y el titular de AFIP Carlos Castagneto\" height=\"1080\" width=\"1920\" src=\"https:\/\/www.infobae.com\/new-resizer\/WQ5PlNvl4e0WEjPjUPdm2S1E7LY=\/arc-anglerfish-arc2-prod-infobae\/public\/RC74GMPHLZBCJJJZR5WSUTSRIA.jpg\" srcset=\"https:\/\/www.infobae.com\/new-resizer\/HrdVhIVhFJZ5s-HMiwdanIDlsnM=\/420x236\/filters:format(webp):quality(85)\/cloudfront-us-east-1.images.arcpublishing.com\/infobae\/RC74GMPHLZBCJJJZR5WSUTSRIA.jpg 420w,https:\/\/www.infobae.com\/new-resizer\/Agn2_P1tEspVfaSgXzXG6h880wQ=\/768x432\/filters:format(webp):quality(85)\/cloudfront-us-east-1.images.arcpublishing.com\/infobae\/RC74GMPHLZBCJJJZR5WSUTSRIA.jpg 768w,https:\/\/www.infobae.com\/new-resizer\/cWFI6WVroLj6yVn8QjQ9fXe7OMI=\/992x558\/filters:format(webp):quality(85)\/cloudfront-us-east-1.images.arcpublishing.com\/infobae\/RC74GMPHLZBCJJJZR5WSUTSRIA.jpg 992w,https:\/\/www.infobae.com\/new-resizer\/CpaEfiYIWRdoG4_TpxmfiPZh21A=\/1200x675\/filters:format(webp):quality(85)\/cloudfront-us-east-1.images.arcpublishing.com\/infobae\/RC74GMPHLZBCJJJZR5WSUTSRIA.jpg 1200w,https:\/\/www.infobae.com\/new-resizer\/pZejk3QAI_SoDCh7bFJYqgmSLo4=\/1440x810\/filters:format(webp):quality(85)\/cloudfront-us-east-1.images.arcpublishing.com\/infobae\/RC74GMPHLZBCJJJZR5WSUTSRIA.jpg 1440w\">Sergio Massa junto a la presidenta de la C\u00e1mara de Diputados, Cecilia Moreau, el director general de Aduana Guillermo Michel y el titular de AFIP Carlos Castagneto<\/p>\n\n\n\n<p><\/p>\n\n\n\n<p>El diputado radical por C\u00f3rdoba&nbsp;<strong>Marcos Carasso<\/strong>&nbsp;cuestion\u00f3 a los sindicatos que se movilizaron en las inmediaciones del Congreso \u201csin inmortales a la gente que afectan\u201d y luego se cruz\u00f3 con los gremialistas que lo abuchearon desde los palcos.<\/p>\n\n\n\n<p>\u201cEst\u00e1n gritando porque est\u00e1n nerviosos. C\u00e1llense la boca, ac\u00e1 tenemos que hablar los diputados. Lo que tienen que hacer es ir al Ministerio de Econom\u00eda cuando se da la inflaci\u00f3n. 12,4%, no los veo nunca\u201d, grit\u00f3 el legislador de la UCR.<\/p>\n\n\n\n<p><\/p>\n\n\n\n<p>El&nbsp;<strong>socialismo&nbsp;<\/strong>confirm\u00f3 que votar\u00e1 a favor del proyecto a pesar de que no hab\u00eda dado qu\u00f3rum al inicio de la sesi\u00f3n. \u201cEl socialismo hace m\u00e1s de 20 a\u00f1os que viene planteando la necesidad de una reforma impositiva integral que apunte a la justicia distributiva\u201d, dijo&nbsp;<strong>Enrique Est\u00e9vez<\/strong><\/p>\n\n\n\n<p><\/p>\n\n\n\n<h2>Milei calific\u00f3 los impuestos como un \u201crobo\u201d y dijo que Ganancias es \u201cun delirio\u201d<\/h2>\n\n\n\n<p>El l\u00edder de La Libertad Avanza comenz\u00f3 su discurso se\u00f1alando que \u201cel Estados es una organizaci\u00f3n criminal que vive de los impuestos y, por lo tanto,&nbsp;<strong>todos los impuestos son un robo<\/strong>\u201d.<\/p>\n\n\n\n<p>\u201cLos impuestos son una r\u00e9mora de la esclavitud, la esclavitud no es ni m\u00e1s ni menos que 100% de impuestos, bajar impuestos es devolver libertad a los ciudadanos\u201d, dijo.<\/p>\n\n\n\n<p><img decoding=\"async\" loading=\"lazy\" alt=\"Javier Milei asegur\u00f3 que todos los impuestos son &quot;un robo&quot;\" height=\"1080\" width=\"1920\" src=\"https:\/\/www.infobae.com\/new-resizer\/m33fVynGxo9J4esyYUoEilwC-pM=\/arc-anglerfish-arc2-prod-infobae\/public\/DY2QZJRNXJAVLBDQRG3E7LYKYU.jpg\" srcset=\"https:\/\/www.infobae.com\/new-resizer\/r2ds14XfzR66mSA8PqRXX1-qjUs=\/420x236\/filters:format(webp):quality(85)\/cloudfront-us-east-1.images.arcpublishing.com\/infobae\/DY2QZJRNXJAVLBDQRG3E7LYKYU.jpg 420w,https:\/\/www.infobae.com\/new-resizer\/DCU6bK0VWIqRneqFv18v3ylyaBY=\/768x432\/filters:format(webp):quality(85)\/cloudfront-us-east-1.images.arcpublishing.com\/infobae\/DY2QZJRNXJAVLBDQRG3E7LYKYU.jpg 768w,https:\/\/www.infobae.com\/new-resizer\/U8by8moL4Swhr-pTGpxu7OdQIQ8=\/992x558\/filters:format(webp):quality(85)\/cloudfront-us-east-1.images.arcpublishing.com\/infobae\/DY2QZJRNXJAVLBDQRG3E7LYKYU.jpg 992w,https:\/\/www.infobae.com\/new-resizer\/I_DVGEpmN-NKjDn5SiU9yxguhqE=\/1200x675\/filters:format(webp):quality(85)\/cloudfront-us-east-1.images.arcpublishing.com\/infobae\/DY2QZJRNXJAVLBDQRG3E7LYKYU.jpg 1200w,https:\/\/www.infobae.com\/new-resizer\/K_tFcfhCrEHDs8ILk4gS2uiLxw0=\/1440x810\/filters:format(webp):quality(85)\/cloudfront-us-east-1.images.arcpublishing.com\/infobae\/DY2QZJRNXJAVLBDQRG3E7LYKYU.jpg 1440w\">Javier Milei asegur\u00f3 que todos los impuestos son &#8220;un robo&#8221;<\/p>\n\n\n\n<p>Por otro lado, ante las cr\u00edticas de Juntos por el Cambio sobre el agravamiento del d\u00e9ficit fiscal, simplemente llam\u00f3 a \u201cbajar el gasto p\u00fablico\u201d.<\/p>\n\n\n\n<p>\u201cPero como hay gente a la que no le gusta bajar el gasto, aparece el problema del financiamiento. Con los mercados de deuda cerrados y el nivel de presi\u00f3n fiscal, eso se va a traducir en emisi\u00f3n que a la postre se va a traducir en inflaci\u00f3n\u201d, explic\u00f3.<\/p>\n\n\n\n<p>Por otro lado, minimiz\u00f3 el debate en torno al oportunismo pol\u00edtico del anuncio del Gobierno: \u201c<strong>S\u00ed, el Gobierno va a intentar sacar un r\u00e9dito electoral, va a creer que la gente es tonta<\/strong>. Pero pese a que la gente es subestimada sistem\u00e1ticamente por la casta pol\u00edtica parece que la gente est\u00e1 reaccionando\u201d.<\/p>\n\n\n\n<p>Y apunt\u00f3 en duros t\u00e9rminos contra Juntos por el Cambio: \u201cLes recuerdo que le aprobaron el Presupuesto con d\u00e9ficit fiscal, que es inmoral, le han avalado la locura del FMI o han hecho leyes ustedes mismos como la ley de G\u00f3ndolas o de Alquileres, que son ataques directos al derecho de propiedad\u201d.<\/p>\n\n\n\n<p>\u201cEstamos frente a un cambio de \u00e9poca, est\u00e1 apareciendo una nueva fuerza que grita libertad.<strong>&nbsp;Nosotros vamos a acompa\u00f1ar esta baja de impuestos<\/strong>\u201d, concluy\u00f3.<\/p>\n\n\n\n<figure class=\"wp-block-image\"><img decoding=\"async\" src=\"https:\/\/www.infobae.com\/new-resizer\/MjFA0di-eTj0ujtKEscitf8UbGo=\/arc-anglerfish-arc2-prod-infobae\/public\/OTZPXIL62NBVLMOH4JUHA6D4DY.JPG\" alt=\"\"\/><\/figure>\n\n\n\n<p><\/p>\n\n\n\n<h2>La Coalici\u00f3n C\u00edvica apunt\u00f3 contra Milei<\/h2>\n\n\n\n<p>El jefe del bloque de la Coalici\u00f3n C\u00edvica, Juan Manuel L\u00f3pez, se pregunt\u00f3 por qu\u00e9 Milei y los libertarios, \u201cque supuestamente no son keynesianos\u201d, apoyan una iniciativa que expande el gasto p\u00fablico.<\/p>\n\n\n\n<p>\u201cEs porque quieren llegar en el medio del caos. Porque&nbsp;<strong>el plan fantasioso de la dolarizaci\u00f3n necesita de una hiperinflaci\u00f3n al principio<\/strong>, de m\u00ednima. La sociedad debe saber que el objetivo es deliberadamente la hiperinflaci\u00f3n, por eso dieron qu\u00f3rum y por eso votan a favor\u201d, argument\u00f3.<\/p>\n\n\n\n<p>Y concluy\u00f3: \u201cAlgunos tiran del mantel, otros en su mesianismo extremo<strong>&nbsp;quieren llegar en el medio del caos<\/strong>, nosotros no queremos mentir\u201d.<\/p>\n\n\n\n<p><img decoding=\"async\" loading=\"lazy\" height=\"1080\" width=\"1920\" srcset=\"https:\/\/www.infobae.com\/new-resizer\/guFCynrCh7uWlFO0q22qyVihofk=\/420x236\/filters:format(webp):quality(85)\/cloudfront-us-east-1.images.arcpublishing.com\/infobae\/X4KIUSJZABFVBAQUDRO6ZFPWVI.jpg 420w,https:\/\/www.infobae.com\/new-resizer\/2CnCCAbzyds6PWoV2D17MR9unlY=\/768x432\/filters:format(webp):quality(85)\/cloudfront-us-east-1.images.arcpublishing.com\/infobae\/X4KIUSJZABFVBAQUDRO6ZFPWVI.jpg 768w,https:\/\/www.infobae.com\/new-resizer\/JD4dkLL5hjwnffKcnU-QQq1ZPrI=\/992x558\/filters:format(webp):quality(85)\/cloudfront-us-east-1.images.arcpublishing.com\/infobae\/X4KIUSJZABFVBAQUDRO6ZFPWVI.jpg 992w,https:\/\/www.infobae.com\/new-resizer\/tXeDk4FJE_aZKtJJZdKYjT_d-Os=\/1200x675\/filters:format(webp):quality(85)\/cloudfront-us-east-1.images.arcpublishing.com\/infobae\/X4KIUSJZABFVBAQUDRO6ZFPWVI.jpg 1200w,https:\/\/www.infobae.com\/new-resizer\/re2rr8YNRWlez8aneTVLeJv8rig=\/1440x810\/filters:format(webp):quality(85)\/cloudfront-us-east-1.images.arcpublishing.com\/infobae\/X4KIUSJZABFVBAQUDRO6ZFPWVI.jpg 1440w\" src=\"https:\/\/www.infobae.com\/new-resizer\/pUoNour-5iGKbSWrcM8yZNP4VaE=\/arc-anglerfish-arc2-prod-infobae\/public\/X4KIUSJZABFVBAQUDRO6ZFPWVI.jpg\" alt=\"Juan Manuel L\u00f3pez, de la Coalici\u00f3n C\u00edvica\">Juan Manuel L\u00f3pez, de la Coalici\u00f3n C\u00edvica<\/p>\n\n\n\n<p><strong>Luciano Laspina<\/strong>, uno de los economistas m\u00e1s cercanos a Patricia Bullrich, se\u00f1al\u00f3 que si consideramos la masa total de trabajadores esta medida \u201c<strong>solo beneficia al 5% de los que tienen mayores ingresos<\/strong>\u201d.<\/p>\n\n\n\n<p>\u201cEn un pa\u00eds al borde de la hiperinflaci\u00f3n, esto equivale a emitir un cheque de 1.250.000 para los 800 mil trabajadores con los salarios m\u00e1s altos de la Argentina. Esto demuestra que\u00a0<strong>es una concesi\u00f3n a los jerarcas sindicales<\/strong>, un conjunto de dirigentes que ya no representan a los trabajadores\u201d, afirm\u00f3.<\/p>\n\n\n\n<h2>Desde JxC aseguraron que la reforma es \u201cregresiva\u201d<\/h2>\n\n\n\n<p>La oposici\u00f3n record\u00f3 que durante el gobierno de Cristina Kirchner, en 2013, se alcanz\u00f3 el pico de trabajadores afectados por el impuesto a las Ganancias, cerca de 2.800.000.<\/p>\n\n\n\n<p>\u201cCasi todos los pa\u00edses del mundo tienen impuestos a las Ganancias o a las Rentas. Es uno de los m\u00e1s progresivos porque pagan m\u00e1s quienes m\u00e1s ganan\u201d, se\u00f1al\u00f3&nbsp;<strong>Alejandro Cacace<\/strong>, de Evoluci\u00f3n.<\/p>\n\n\n\n<p>Por otro lado, explicaron que al \u201c<strong>80 por ciento de los trabajadores esta medida no los beneficia en nada<\/strong>\u201d.<\/p>\n\n\n\n<p>\u201cNos preocupa el d\u00e9ficit fiscal, si no es compensada con una reducci\u00f3n del gasto p\u00fablico, despu\u00e9s termina emitiendo dinero y entonces lo que se da con una mano, se lo sacan con la otra mano a trav\u00e9s de la inflaci\u00f3n\u201d, dijo.<\/p>\n\n\n\n<p>Adem\u00e1s, le contest\u00f3 a Heller: \u201c<strong>Durante cuatro a\u00f1os aumentaron 20 impuestos y ahora proponen una reforma fiscal que se aplica para el pr\u00f3ximo gobierno cuando ya no est\u00e1n<\/strong>. Es electoralista, antidemocr\u00e1tico e irresponsable\u201d.<\/p>\n\n\n\n<p><img decoding=\"async\" loading=\"lazy\" height=\"1080\" width=\"1920\" srcset=\"https:\/\/www.infobae.com\/new-resizer\/MqmpDKRMf1IP-cvejC153o_VREQ=\/420x236\/filters:format(webp):quality(85)\/cloudfront-us-east-1.images.arcpublishing.com\/infobae\/ZVE3ZJWMW5CM3BFYRYSK7SCNWM.jpg 420w,https:\/\/www.infobae.com\/new-resizer\/lBiqWQ1hCol3aFdbxttx9tFsP-0=\/768x432\/filters:format(webp):quality(85)\/cloudfront-us-east-1.images.arcpublishing.com\/infobae\/ZVE3ZJWMW5CM3BFYRYSK7SCNWM.jpg 768w,https:\/\/www.infobae.com\/new-resizer\/S0k1jtFiAkdjsY7SmBTXGTojbEw=\/992x558\/filters:format(webp):quality(85)\/cloudfront-us-east-1.images.arcpublishing.com\/infobae\/ZVE3ZJWMW5CM3BFYRYSK7SCNWM.jpg 992w,https:\/\/www.infobae.com\/new-resizer\/yena1pJ3F6Bxb5nZp23FkN1ScRY=\/1200x675\/filters:format(webp):quality(85)\/cloudfront-us-east-1.images.arcpublishing.com\/infobae\/ZVE3ZJWMW5CM3BFYRYSK7SCNWM.jpg 1200w,https:\/\/www.infobae.com\/new-resizer\/nUgiSIlcryyF8hAtXdCyyOifXaU=\/1440x810\/filters:format(webp):quality(85)\/cloudfront-us-east-1.images.arcpublishing.com\/infobae\/ZVE3ZJWMW5CM3BFYRYSK7SCNWM.jpg 1440w\" src=\"https:\/\/www.infobae.com\/new-resizer\/QYlRzKsa9r4GX1tenkqalO_knEU=\/arc-anglerfish-arc2-prod-infobae\/public\/ZVE3ZJWMW5CM3BFYRYSK7SCNWM.jpg\" alt=\"Alejandro Cacace, del bloque Evoluci\u00f3n\">Alejandro Cacace, del bloque Evoluci\u00f3n<\/p>\n\n\n\n<p><strong>Carlos Heller<\/strong>, como miembro informante del proyecto oficialista, fue el primero en hacer uso de la palabra para detallar los alcances de la medida.<\/p>\n\n\n\n<p>\u201c<strong>Hemos escuchado que esta era una medida electoralista. \u00bfQu\u00e9 quiere decir? \u00bfQue es buena para la gente? Enbuenahora<\/strong>\u201d, asegur\u00f3. Y agreg\u00f3: \u201cEl argumento del d\u00e9ficit fiscal no es v\u00e1lido, no se pueden resolver los problemas del d\u00e9ficit haciendo caer el peso sobre la gente. Las pol\u00edticas p\u00fablicas tienen que apuntar a que los que m\u00e1s tienen aporten para resolver los problemas de los que menos tienen\u201d.<\/p>\n\n\n\n<p>\u201cEstos cambios representan una mejora del poder adquisitivo del 21%. Se trata de una herramienta altamente progresiva y dinamizadora del mercado interno\u201d, concluy\u00f3.<\/p>\n\n\n\n<h2>Una parte de Juntos por el Cambio baj\u00f3 a dar qu\u00f3rum<\/h2>\n\n\n\n<p>Los diputados de Evoluci\u00f3n,<strong>&nbsp;Emiliano Yacobitti, Gabriela Brouwer de Koning y Danya Tavela<\/strong>&nbsp;se sentaron en sus bancas a pesar del rechazo que hab\u00edan adelantado desde el interbloque que integran. Seg\u00fan detallaron a&nbsp;<strong>Infobae<\/strong>, votar\u00e1n en contra del proyecto. Tambi\u00e9n explicaron que dado que el qu\u00f3rum estaba garantizado por otras fuerzas, \u201cse volvi\u00f3 algo abstracto\u201d. Por esa raz\u00f3n bajaron al recinto.<\/p>\n\n\n\n<p>Adem\u00e1s, dieron qu\u00f3rum, tal como hab\u00edan adelantado esta ma\u00f1ana,&nbsp;<strong>Javier Milei y Victoria Villarruel.<\/strong><\/p>\n\n\n\n<p><\/p>\n\n\n\n<p>Desde el&nbsp;<strong>interbloque Federal<\/strong>&nbsp;adelantaron que presentar\u00e1n un proyecto para que&nbsp;<strong>el 30% de lo recaudado con el impuesto al Cheque sea coparticipado a las provincias&nbsp;<\/strong>para as\u00ed compensar el impacto de la eliminaci\u00f3n de Ganancias en las arcas provinciales (m\u00e1s de la mitad de los fondos son coparticipables).<\/p>\n\n\n\n<p>Los votos de tres diputados del interbloque Federal (<strong>Alejandro \u201cTopo\u201d Rodr\u00edguez, Natalia De la Sota y Graciela Cama\u00f1o<\/strong>) son clave para que el oficialismo alcance el&nbsp;<strong>qu\u00f3rum&nbsp;<\/strong>sin complicaciones.<\/p>\n\n\n\n<p><img decoding=\"async\" loading=\"lazy\" height=\"1080\" width=\"1920\" srcset=\"https:\/\/www.infobae.com\/new-resizer\/qzDUj8Iljf3prDvPIRGw3La_Zkg=\/420x236\/filters:format(webp):quality(85)\/cloudfront-us-east-1.images.arcpublishing.com\/infobae\/5Z7SJKV2LJD5BE22LWP3A7T5NQ.jpg 420w,https:\/\/www.infobae.com\/new-resizer\/dL61kX4E0JNr0AEN64ppv0rgzfI=\/768x432\/filters:format(webp):quality(85)\/cloudfront-us-east-1.images.arcpublishing.com\/infobae\/5Z7SJKV2LJD5BE22LWP3A7T5NQ.jpg 768w,https:\/\/www.infobae.com\/new-resizer\/3PSisNWzcfbW9WXfpznCaMYyRrY=\/992x558\/filters:format(webp):quality(85)\/cloudfront-us-east-1.images.arcpublishing.com\/infobae\/5Z7SJKV2LJD5BE22LWP3A7T5NQ.jpg 992w,https:\/\/www.infobae.com\/new-resizer\/HDM91bUNopWQ0lpr-SyTKYokskU=\/1200x675\/filters:format(webp):quality(85)\/cloudfront-us-east-1.images.arcpublishing.com\/infobae\/5Z7SJKV2LJD5BE22LWP3A7T5NQ.jpg 1200w,https:\/\/www.infobae.com\/new-resizer\/uuKUMb5A-MhkkbIhT7P0LpbySl4=\/1440x810\/filters:format(webp):quality(85)\/cloudfront-us-east-1.images.arcpublishing.com\/infobae\/5Z7SJKV2LJD5BE22LWP3A7T5NQ.jpg 1440w\" src=\"https:\/\/www.infobae.com\/new-resizer\/8cEKp1KmiooQPC34E0K2ApORd3U=\/arc-anglerfish-arc2-prod-infobae\/public\/5Z7SJKV2LJD5BE22LWP3A7T5NQ.jpg\" alt=\"C\u00e1mara de Diputados\">C\u00e1mara de Diputados<\/p>\n\n\n\n<p>Fuente: Infobae<\/p>\n","protected":false},"excerpt":{"rendered":"<div class=\"mh-excerpt\"><p>El ministro de Econom\u00eda y candidato presidencial de UxP,&nbsp;Sergio Massa, lleg\u00f3 al Congreso para presenciar la aprobaci\u00f3n del proyecto. Durante el tramo final del debate se encontraba reunido con la presidenta de la C\u00e1mara,&nbsp;Cecilia Moreau, el director general de Aduana&nbsp;Guillermo Michel&nbsp;y el titular de AFIP&nbsp;Carlos Castagneto. Seg\u00fan explicaron desde el entorno de Massa, se encontraban trabajando \u201cen el env\u00edo de la ley que reintegra el IVA a los monotributistas, jubilados y trabajadores\u201d. Sergio Massa junto a la presidenta de la C\u00e1mara de Diputados, Cecilia Moreau, el director general de Aduana Guillermo Michel y el titular de AFIP Carlos Castagneto El <a class=\"mh-excerpt-more\" href=\"http:\/\/dsrmedios.com.ar\/diario\/archivos\/39531\" title=\"Massa sigue en Diputados el debate por Ganancias y hablar\u00eda ante los trabajadores que se movilizaron\">[Leer m\u00e1s]<\/a><\/p>\n<\/div>","protected":false},"author":8,"featured_media":31416,"comment_status":"open","ping_status":"closed","sticky":false,"template":"","format":"standard","meta":{"_jetpack_newsletter_access":""},"categories":[6],"tags":[],"jetpack_featured_media_url":"http:\/\/dsrmedios.com.ar\/diario\/wp-content\/uploads\/2023\/04\/CULIKXKBYJ5VYCFKH4L7XKC57Q.jpg","jetpack_sharing_enabled":true,"jetpack_shortlink":"https:\/\/wp.me\/p9fihK-ahB","_links":{"self":[{"href":"http:\/\/dsrmedios.com.ar\/diario\/wp-json\/wp\/v2\/posts\/39531"}],"collection":[{"href":"http:\/\/dsrmedios.com.ar\/diario\/wp-json\/wp\/v2\/posts"}],"about":[{"href":"http:\/\/dsrmedios.com.ar\/diario\/wp-json\/wp\/v2\/types\/post"}],"author":[{"embeddable":true,"href":"http:\/\/dsrmedios.com.ar\/diario\/wp-json\/wp\/v2\/users\/8"}],"replies":[{"embeddable":true,"href":"http:\/\/dsrmedios.com.ar\/diario\/wp-json\/wp\/v2\/comments?post=39531"}],"version-history":[{"count":1,"href":"http:\/\/dsrmedios.com.ar\/diario\/wp-json\/wp\/v2\/posts\/39531\/revisions"}],"predecessor-version":[{"id":39539,"href":"http:\/\/dsrmedios.com.ar\/diario\/wp-json\/wp\/v2\/posts\/39531\/revisions\/39539"}],"wp:featuredmedia":[{"embeddable":true,"href":"http:\/\/dsrmedios.com.ar\/diario\/wp-json\/wp\/v2\/media\/31416"}],"wp:attachment":[{"href":"http:\/\/dsrmedios.com.ar\/diario\/wp-json\/wp\/v2\/media?parent=39531"}],"wp:term":[{"taxonomy":"category","embeddable":true,"href":"http:\/\/dsrmedios.com.ar\/diario\/wp-json\/wp\/v2\/categories?post=39531"},{"taxonomy":"post_tag","embeddable":true,"href":"http:\/\/dsrmedios.com.ar\/diario\/wp-json\/wp\/v2\/tags?post=39531"}],"curies":[{"name":"wp","href":"https:\/\/api.w.org\/{rel}","templated":true}]}}