{"id":39529,"date":"2023-09-18T09:13:37","date_gmt":"2023-09-18T12:13:37","guid":{"rendered":"http:\/\/dsrmedios.com.ar\/diario\/?p=39529"},"modified":"2023-09-18T09:13:40","modified_gmt":"2023-09-18T12:13:40","slug":"los-jubilados-del-pami-recibiran-un-bono-de-15-000-por-tres-meses","status":"publish","type":"post","link":"http:\/\/dsrmedios.com.ar\/diario\/archivos\/39529","title":{"rendered":"Los jubilados del PAMI recibir\u00e1n un bono de $15.000 por tres meses"},"content":{"rendered":"\n<p>Esta medida que impactar\u00e1 en 3 millones afiliados de PAMI, se acreditar\u00e1 de manera autom\u00e1tica sin la necesidad de realizar ning\u00fan tr\u00e1mite.<a href=\"https:\/\/media.infocielo.com\/p\/fa07efd20e7e6f8627208449464413f9\/adjuntos\/299\/imagenes\/000\/949\/0000949297\/pamijpg.jpg\"><\/a><\/p>\n\n\n\n<p>Llega un nuevo beneficio para los afiliados de la obra social<strong><a href=\"https:\/\/infocielo.com\/pami-a3072\" target=\"_blank\" rel=\"noreferrer noopener\">&nbsp;PAMI&nbsp;<\/a><\/strong>que tengan m\u00e1s de 60 a\u00f1os y perciban hasta un haber m\u00ednimo y medio. Se trata de la universalizaci\u00f3n del<a href=\"https:\/\/infocielo.com\/programa-alimentario-a27661\" target=\"_blank\" rel=\"noreferrer noopener\">&nbsp;Programa Alimentario&nbsp;<\/a>que aumentar\u00e1 en su valor y llegar\u00e1 a m\u00e1s personas.<\/p>\n\n\n\n<p>Esta medida anunciada por el ministro de Econom\u00eda,&nbsp;<a href=\"https:\/\/infocielo.com\/sergio-massa\" target=\"_blank\" rel=\"noreferrer noopener\">Sergio Massa<\/a>&nbsp;y la directora ejecutiva de PAMI,&nbsp;<strong>Luana Volnovich,<\/strong>&nbsp;implica el&nbsp;<strong>cobro de un refuerzo de $15.000 correspondiente a los meses de septiembre, octubre y noviembre.<\/strong><\/p>\n\n\n\n<h2><\/h2>\n\n\n\n<p>La universalizaci\u00f3n de este programa implic\u00f3 triplicar la cantidad de personas beneficiarias pasando de 1.000.000 a 3.000.000, alcanzando a todos los afiliados que perciban hasta un haber m\u00ednimo y medio.<\/p>\n\n\n\n<p>Seg\u00fan lo detallado<strong>, este<\/strong><strong>&nbsp;beneficio se acreditar\u00e1 de manera autom\u00e1tica&nbsp;<\/strong>junto a la jubilaci\u00f3n correspondiente al mes sin la necesidad de que el afiliado realice ning\u00fan tr\u00e1mite y e<strong>l monto ser\u00e1 abonado de acuerdo a la terminaci\u00f3n del DNI<\/strong>&nbsp;a partir de los primeros d\u00edas de octubre y continuar\u00e1 seg\u00fan indica el calendario de pago.<\/p>\n\n\n\n<h2><\/h2>\n","protected":false},"excerpt":{"rendered":"<div class=\"mh-excerpt\"><p>Esta medida que impactar\u00e1 en 3 millones afiliados de PAMI, se acreditar\u00e1 de manera autom\u00e1tica sin la necesidad de realizar ning\u00fan tr\u00e1mite. Llega un nuevo beneficio para los afiliados de la obra social&nbsp;PAMI&nbsp;que tengan m\u00e1s de 60 a\u00f1os y perciban hasta un haber m\u00ednimo y medio. Se trata de la universalizaci\u00f3n del&nbsp;Programa Alimentario&nbsp;que aumentar\u00e1 en su valor y llegar\u00e1 a m\u00e1s personas. Esta medida anunciada por el ministro de Econom\u00eda,&nbsp;Sergio Massa&nbsp;y la directora ejecutiva de PAMI,&nbsp;Luana Volnovich,&nbsp;implica el&nbsp;cobro de un refuerzo de $15.000 correspondiente a los meses de septiembre, octubre y noviembre. La universalizaci\u00f3n de este programa implic\u00f3 triplicar la <a class=\"mh-excerpt-more\" href=\"http:\/\/dsrmedios.com.ar\/diario\/archivos\/39529\" title=\"Los jubilados del PAMI recibir\u00e1n un bono de $15.000 por tres meses\">[Leer m\u00e1s]<\/a><\/p>\n<\/div>","protected":false},"author":5,"featured_media":5995,"comment_status":"open","ping_status":"closed","sticky":false,"template":"","format":"standard","meta":{"_jetpack_newsletter_access":""},"categories":[18,31],"tags":[],"jetpack_featured_media_url":"http:\/\/dsrmedios.com.ar\/diario\/wp-content\/uploads\/2018\/05\/jubilados.jpg","jetpack_sharing_enabled":true,"jetpack_shortlink":"https:\/\/wp.me\/p9fihK-ahz","_links":{"self":[{"href":"http:\/\/dsrmedios.com.ar\/diario\/wp-json\/wp\/v2\/posts\/39529"}],"collection":[{"href":"http:\/\/dsrmedios.com.ar\/diario\/wp-json\/wp\/v2\/posts"}],"about":[{"href":"http:\/\/dsrmedios.com.ar\/diario\/wp-json\/wp\/v2\/types\/post"}],"author":[{"embeddable":true,"href":"http:\/\/dsrmedios.com.ar\/diario\/wp-json\/wp\/v2\/users\/5"}],"replies":[{"embeddable":true,"href":"http:\/\/dsrmedios.com.ar\/diario\/wp-json\/wp\/v2\/comments?post=39529"}],"version-history":[{"count":1,"href":"http:\/\/dsrmedios.com.ar\/diario\/wp-json\/wp\/v2\/posts\/39529\/revisions"}],"predecessor-version":[{"id":39530,"href":"http:\/\/dsrmedios.com.ar\/diario\/wp-json\/wp\/v2\/posts\/39529\/revisions\/39530"}],"wp:featuredmedia":[{"embeddable":true,"href":"http:\/\/dsrmedios.com.ar\/diario\/wp-json\/wp\/v2\/media\/5995"}],"wp:attachment":[{"href":"http:\/\/dsrmedios.com.ar\/diario\/wp-json\/wp\/v2\/media?parent=39529"}],"wp:term":[{"taxonomy":"category","embeddable":true,"href":"http:\/\/dsrmedios.com.ar\/diario\/wp-json\/wp\/v2\/categories?post=39529"},{"taxonomy":"post_tag","embeddable":true,"href":"http:\/\/dsrmedios.com.ar\/diario\/wp-json\/wp\/v2\/tags?post=39529"}],"curies":[{"name":"wp","href":"https:\/\/api.w.org\/{rel}","templated":true}]}}