{"id":39515,"date":"2023-09-17T10:58:42","date_gmt":"2023-09-17T13:58:42","guid":{"rendered":"http:\/\/dsrmedios.com.ar\/diario\/?p=39515"},"modified":"2023-09-17T10:59:03","modified_gmt":"2023-09-17T13:59:03","slug":"a-un-mes-de-la-devaluacion-cuales-fueron-las-medidas-del-gobierno-cuanto-dinero-inyecto-en-la-calle-y-que-impacto-espera","status":"publish","type":"post","link":"http:\/\/dsrmedios.com.ar\/diario\/archivos\/39515","title":{"rendered":"A un mes de la devaluaci\u00f3n, cu\u00e1les fueron las medidas del Gobierno, cu\u00e1nto dinero inyect\u00f3 en la calle y qu\u00e9 impacto espera"},"content":{"rendered":"\n<p>A poco m\u00e1s de un mes de la devaluaci\u00f3n del peso en casi 20% (18,6%, o suba del tipo de cambio oficial 21,9%) el d\u00eda despu\u00e9s de las elecciones primarias, el Gobierno lanz\u00f3 m\u00e1s deuna<a rel=\"noreferrer noopener\" href=\"https:\/\/www.infobae.com\/economia\/2023\/09\/14\/con-22-anuncios-y-apelando-el-voto-defensivo-massa-busca-consolidar-agenda-para-polarizar-y-meterse-al-balotaje\/\" target=\"_blank\"><strong>veintena de medidas<\/strong><\/a>para intentar paliar el impacto que ese salto cambiario provoc\u00f3 en el ritmo de\u00a0<a rel=\"noreferrer noopener\" href=\"https:\/\/www.infobae.com\/economia\/2023\/09\/13\/la-inflacion-de-agosto-fue-del-124-y-alcanzo-el-1244-en-el-ultimo-ano\/\" target=\"_blank\">inflaci\u00f3n<\/a>\u00a0y, en especial, en los precios de la\u00a0<a rel=\"noreferrer noopener\" href=\"https:\/\/www.infobae.com\/economia\/2023\/09\/15\/la-canasta-basica-aumento-143-en-agosto-y-unhttps:\/\/www.infobae.com\/economia\/2023\/09\/15\/la-canasta-basica-aumento-143-en-agosto-y-una-familia-tipo-necesito-284687-en-agosto-para-no-ser-pobre\/a-familia-tipo-necesito-284687-en-agosto-para-no-ser-pobre\/\" target=\"_blank\">canasta b\u00e1sica<\/a>, cuyo costo experiment\u00f3 un fogonazo en agosto.<a rel=\"noreferrer noopener\" href=\"https:\/\/www.infobae.com\/economia\/2023\/09\/17\/con-mas-emision-y-deficit-para-meterse-en-la-segunda-vuelta-massa-repite-la-formula-de-cristina-en-las-elecciones-de-2015\/\" target=\"_blank\"><\/a><\/p>\n\n\n\n<p>La pregunta que sobrevol\u00f3 desde el inicio de la serie de anuncios del Ministerio de Econom\u00eda tiene que ver con el costo fiscalde las medidas y c\u00f3mo podr\u00eda incidir, eventualmente, en el&nbsp;<strong>sendero fiscal estrecho<\/strong>&nbsp;que puede transitar el Poder Ejecutivo, al menos para poder ce\u00f1irse a la meta de reducci\u00f3n de d\u00e9ficit primario acordada con el Fondo Monetario Internacional.<\/p>\n\n\n\n<p>Consultados por&nbsp;<strong>Infobae<\/strong>, fuentes oficiales aseguran que el costo adicional que representar\u00e1 el paquete de medidas a\u00fan no implica un \u201cdesv\u00edo\u201dconsiderable de ese camino del gasto p\u00fablico para poder llegar al&nbsp;<strong>1,9% del PBI de rojo primario<\/strong>. Y mencionaron, adem\u00e1s, quetienen alternativas para poder ajustar algunas clavijas en los \u00faltimos meses del a\u00f1o para conseguir aire fiscal.<\/p>\n\n\n\n<blockquote class=\"wp-block-quote\">\n<p>Fuentes oficiales aseguran que el costo adicional que representar\u00e1 el paquete de medidas a\u00fan no implica un \u201cdesv\u00edo\u201dconsiderable de la meta acordada con el FMI<\/p>\n<\/blockquote>\n\n\n\n<p>\u201cA la luz de estas medidas, para poder llegar a ese 1,9% del PBI, m\u00e1s all\u00e1 de algunas subejecuciones o la deuda flotante, esos anuncios tienen un impacto en el desempe\u00f1o hasta fin de a\u00f1o, por menores recursos o mayores gastos\u201d, reconoci\u00f3 un integrante del equipo econ\u00f3mico.<\/p>\n\n\n\n<p>En ese sentido, explicaron que algunas partidas presupuestarias, que hoy se encuentran bajo subejecuci\u00f3n, podr\u00edan serrecortadas, entre los que mencionaron, por ejemplo, a los subsidios. \u201cPuede haber alg\u00fan<strong>&nbsp;espacio de reducci\u00f3n no demasiado forzado&nbsp;<\/strong>en algunos&nbsp;<strong>gastos de funcionamiento, gastos de capital<\/strong>, habra que -de una manera cuidadosa- tratar de \u2018compensar\u2019. Se pueden identificar proyectos que se puedan reducir. La&nbsp;<a rel=\"noreferrer noopener\" href=\"https:\/\/www.infobae.com\/economia\/2023\/09\/01\/en-agosto-la-recaudacion-tributaria-aumento-1346-muy-por-arriba-de-la-inflacion\/\" target=\"_blank\">recaudaci\u00f3n<\/a>&nbsp;nos viene acompa\u00f1ando y la nominalidad nos viene ayudando\u201d, explic\u00f3 una fuente oficial.<\/p>\n\n\n\n<p><img decoding=\"async\" loading=\"lazy\" alt=\"Econom\u00eda present\u00f3 al Congreso el \u00faltimo viernes las bases del Presupuesto de Gastos y Recursos para 2024 (Reuters)\" height=\"474\" width=\"728\" src=\"https:\/\/www.infobae.com\/new-resizer\/DFNhty6AMG5gfHXZKM5Fn4nuoZA=\/arc-anglerfish-arc2-prod-infobae\/public\/7H5VA6R5LCU4A3LMTQMBPW27WA.jpg\" srcset=\"https:\/\/www.infobae.com\/new-resizer\/EcO8GaJtpvZJKN6K6PbC3UZNlno=\/420x280\/filters:format(webp):quality(85)\/cloudfront-us-east-1.images.arcpublishing.com\/infobae\/7H5VA6R5LCU4A3LMTQMBPW27WA.jpg 420w,https:\/\/www.infobae.com\/new-resizer\/V9Nj8fYfGrp5q60UhsxLxnRqO7Q=\/768x512\/filters:format(webp):quality(85)\/cloudfront-us-east-1.images.arcpublishing.com\/infobae\/7H5VA6R5LCU4A3LMTQMBPW27WA.jpg 768w,https:\/\/www.infobae.com\/new-resizer\/VcqI5la3BAv9mC_IfKRQVOuzgLs=\/992x661\/filters:format(webp):quality(85)\/cloudfront-us-east-1.images.arcpublishing.com\/infobae\/7H5VA6R5LCU4A3LMTQMBPW27WA.jpg 992w,https:\/\/www.infobae.com\/new-resizer\/m3BdaUf5-rvocCkEYeSH_IzVf6o=\/1200x800\/filters:format(webp):quality(85)\/cloudfront-us-east-1.images.arcpublishing.com\/infobae\/7H5VA6R5LCU4A3LMTQMBPW27WA.jpg 1200w,https:\/\/www.infobae.com\/new-resizer\/J4S_pUuYhqTTGj-bmjAsiXU946Q=\/1440x960\/filters:format(webp):quality(85)\/cloudfront-us-east-1.images.arcpublishing.com\/infobae\/7H5VA6R5LCU4A3LMTQMBPW27WA.jpg 1440w\">Econom\u00eda present\u00f3 al Congreso el \u00faltimo viernes las bases del Presupuesto de Gastos y Recursos para 2024 (Reuters)<\/p>\n\n\n\n<p>Para Equilibra \u201clos dos paquetes de medidas anunciados desde las PASO tienen para el Gobierno Nacional un costo fiscal total de&nbsp;<strong>0,6% del PBI<\/strong>. Pese a que el acuerdo con el FMI estipula un rojo m\u00e1ximo de 1,9% del PBI, este a\u00f1o el d\u00e9ficit primario trepar\u00eda -al menos- hasta&nbsp;<strong>2,7% del PBI<\/strong>\u201d, estimaron.<\/p>\n\n\n\n<p>En tanto que Quantum, la consultora que dirige&nbsp;<strong>Daniel Marx<\/strong>, calcul\u00f3 que \u201cel paquete de medidas de aumento del gasto en el per\u00edodo septiembre &#8211; diciembre 2023 ser\u00e1 de casi 1% del PBI y que estar\u00e1 parcialmente compensado por el aumento de los ingresos asociados al comercio exterior, que ascender\u00eda a 0,5% del PBI. El balance entre ingresos y gastos dar\u00eda un d\u00e9ficit adicional de 0,5% del PBI\u201d, calcularon. \u201cSi la aplicaci\u00f3n de las medidas se produjese en forma plena y en los tiempos previstos, el d\u00e9ficit primario de 2023 ascender\u00eda a 3,2% del PBI\u201d.<\/p>\n\n\n\n<blockquote class=\"wp-block-quote\">\n<p>Si la aplicaci\u00f3n de las medidas se produjese en forma plena y en los tiempos previstos, el d\u00e9ficit primario de 2023 ascender\u00eda a 3,2% del PBI (Quantum)<\/p>\n<\/blockquote>\n\n\n\n<p>Por su lado, LCG en un informe al cierre de la semana consider\u00f3 que \u201cen total, y calculadas al d\u00eda de hoy, post PASO el Gobierno avanz\u00f3 en&nbsp;<strong>pol\u00edticas expansivas por un total de<\/strong>&nbsp;<strong>1,1% del PBI<\/strong>\u201d. Esto est\u00e1 explicado por \u201c0,42 puntos por el paquete inicial anunciado el domingo siguiente a las elecciones que inclu\u00eda principalmente bonos compensadores a asalariados formales p\u00fablicos y privados y jubilados y pensionados de la m\u00ednima; 0,52 puntos por la suba de 150% de Ganancias y 0,25 puntos por la devoluci\u00f3n de IVA a un amplio universo de beneficiarios\u201d, apuntaron.<\/p>\n\n\n\n<p><\/p>\n\n\n\n<p>\u201cEn la \u00faltima negociaci\u00f3n con el FMI, la meta de d\u00e9ficit primario de 1,9% de PBI para 2023 no fue corregida. En 7 meses el rojo primario totaliza1,2% del PBI, pero la estacionalidad propia del gasto, el crecimiento de la<strong>&nbsp;deuda flotante<\/strong>, y el desboque del gasto post elecciones vuelven pr\u00e1cticamente imposible alcanzar el objetivo en lo que resta del a\u00f1o. La devaluaci\u00f3n fiscal que implic\u00f3 la extensi\u00f3n del Impuesto PAIS a buena parte de las importaciones generar\u00e1 ingresos por 0,4% del PBI, pero dif\u00edcilmente pueda torcer la trayectoria creciente del d\u00e9ficit primario. Nuestra proyecci\u00f3n es un rojo primario de 3% del PBI para este a\u00f1o. Implica, incluso, un aumento de 0,6 puntos respecto a 2022\u2033, concluyeron desde esa consultora.<\/p>\n\n\n\n<h2>El listado de anuncios post PASO<\/h2>\n\n\n\n<p>Un listado de todas las medidas que anunci\u00f3 el Ministerio de Econom\u00eda desde la concreci\u00f3n de la devaluaci\u00f3n del tipo de cambio oficial, tras las PASO, hasta ac\u00e1, fue distribuido en los \u00faltimos d\u00edas, en un cat\u00e1logo que incluyem\u00e1s de una veintena.<\/p>\n\n\n\n<p>\u201cSe trata de un esfuerzo del Estado para garantizar el poder de compra de la gente, entendiendo que el 70% del PBI argentino es mercado interno. Estas medidas alcanzan a jubilados y jubiladas, trabajadores y trabajadores, las pyme, el agro y la industria\u201d, destaca el informe que enumera las principales medidas.<\/p>\n\n\n\n<p><\/p>\n\n\n\n<p>Las dos que posiblemente tengan una relevancia fiscal m\u00e1s importante son la devoluci\u00f3n del IVA para productos de la canasta b\u00e1sica y la eliminaci\u00f3n del Impuesto a las Ganancias para trabajadores y jubilados.<\/p>\n\n\n\n<p>El&nbsp;<strong>Compre sin IVA&nbsp;<\/strong>reintegra la totalidad del tributo \u201ca millones de argentinos y argentinas. A los jubilados y beneficiarios de AUH que hoy reciben la devoluci\u00f3n de hasta $18.800 por mes, se suman tambi\u00e9n todos los monotributistas, empleados en relaci\u00f3n de dependencia con ingresos de hasta seis salarios m\u00ednimos y Trabajadores del R\u00e9gimen del Personal de Casas Particulares\u201d.<\/p>\n\n\n\n<p>En este contexto, tambi\u00e9n \u201caumenta a $15.000 por mes el refuerzo alimentario del programa de beneficiarios de PAMI a casi tres millones de personas, y a partir del d\u00eda lunes, las y los trabajadores dispondr\u00e1n de un programa de cr\u00e9ditos de hasta 400.000 pesos\u201d.<\/p>\n\n\n\n<blockquote class=\"wp-block-quote\">\n<p>Las dos que posiblemente tengan una relevancia fiscal m\u00e1s importante son la devoluci\u00f3n del IVA para productos de la canasta b\u00e1sica y la eliminaci\u00f3n del Impuesto a las Ganancias para trabajadores y jubilados<\/p>\n<\/blockquote>\n\n\n\n<p>En cuanto a la eliminaci\u00f3n de Ganancias, a partir de octubre s\u00f3lo pagar\u00e1n el tributo los gerentes y directores que cobren m\u00e1s de $1.770.000, que se estima abarca un universo de 90.000 contribuyentes, el 0,88% del total de los empleos registrados del pa\u00eds, detalla el informe de Econom\u00eda.<\/p>\n\n\n\n<p>Massa tambi\u00e9n present\u00f3 el nuevo proyecto de&nbsp;<strong>Ley de Financiamiento Educativo<\/strong>, que aumenta la inversi\u00f3n educativa del Estado al 8%, entendiendo que la \u201ceducaci\u00f3n de calidad ser\u00e1 la base para construir la Argentina que so\u00f1amos\u201d.<\/p>\n\n\n\n<p>Por otra parte, un grupo de sectores de las econom\u00edas regionales dejar\u00e1n de pagar retenciones con la eliminaci\u00f3n de las mismas para productos y subproductos de regiones que impulsan \u201cla competitividad de las cadenas agroalimentarias\u201d.<\/p>\n\n\n\n<p><img decoding=\"async\" loading=\"lazy\" alt=\"Un grupo de sectores de las econom\u00edas regionales dejar\u00e1n de pagar retenciones (Matthews)\" height=\"3328\" width=\"5914\" src=\"https:\/\/www.infobae.com\/new-resizer\/VVHQafLVMAWnEBfdoNBDws_k4Jw=\/arc-anglerfish-arc2-prod-infobae\/public\/UMR4XXNSQZDKFIDDMGT4I6GMIM.jpg\" srcset=\"https:\/\/www.infobae.com\/new-resizer\/hqOag7NODmLFjo-odcqPz1ZK4uU=\/420x236\/filters:format(webp):quality(85)\/cloudfront-us-east-1.images.arcpublishing.com\/infobae\/UMR4XXNSQZDKFIDDMGT4I6GMIM.jpg 420w,https:\/\/www.infobae.com\/new-resizer\/KoDm5M7V_zS9gKEfIy0-zB29OVc=\/768x432\/filters:format(webp):quality(85)\/cloudfront-us-east-1.images.arcpublishing.com\/infobae\/UMR4XXNSQZDKFIDDMGT4I6GMIM.jpg 768w,https:\/\/www.infobae.com\/new-resizer\/UkcBygyo4zD_aqvGonef_20yV5E=\/992x558\/filters:format(webp):quality(85)\/cloudfront-us-east-1.images.arcpublishing.com\/infobae\/UMR4XXNSQZDKFIDDMGT4I6GMIM.jpg 992w,https:\/\/www.infobae.com\/new-resizer\/zWwa7teMlvJL_LZnq5wj56-inWs=\/1200x675\/filters:format(webp):quality(85)\/cloudfront-us-east-1.images.arcpublishing.com\/infobae\/UMR4XXNSQZDKFIDDMGT4I6GMIM.jpg 1200w,https:\/\/www.infobae.com\/new-resizer\/pj43qWxMbSZOP2RdgJwBgEilvlE=\/1440x810\/filters:format(webp):quality(85)\/cloudfront-us-east-1.images.arcpublishing.com\/infobae\/UMR4XXNSQZDKFIDDMGT4I6GMIM.jpg 1440w\">Un grupo de sectores de las econom\u00edas regionales dejar\u00e1n de pagar retenciones (Matthews)<\/p>\n\n\n\n<p>\u201cLas retenciones cero en subproductos de exportaci\u00f3n de pesca, acuicultura, citricultura, vitivinicultura, man\u00ed, tabaco y foresto industria representan un alivio fiscal para las y los productores de todo el pa\u00eds tras una hist\u00f3rica sequ\u00eda\u201d, subraya el informe.<\/p>\n\n\n\n<p>Las medidas incluyeron, adem\u00e1s, la&nbsp;<strong>liberaci\u00f3n del sistema de importaciones a pyme y la quinta edici\u00f3n del PreViaje, como tambi\u00e9n los bonos para jubilados y pensionados<\/strong>, la suma fija para empleados de los sectores p\u00fablico y privado, y el refuerzo para trabajadoras y trabajadores de casas particulares.<\/p>\n\n\n\n<p>Tambi\u00e9n se anunci\u00f3 un\u00a0<strong>Programa de cr\u00e9dito familiar a tasa subsidiada<\/strong>\u00a0a trav\u00e9s de la Anses, que consiste en una l\u00ednea de cr\u00e9ditos para trabajadores y trabajadoras de hasta $400.000 en 24, 36, o 48 cuotas y la implementaci\u00f3n del monotributo productivo. En cuanto a l\u00edneas de financiamiento, se\u00a0<strong>ampli\u00f3 la l\u00ednea CreAr para pyme<\/strong>, a trav\u00e9s de un legajo \u00fanico.<\/p>\n\n\n\n<p>Fuente: infobae<\/p>\n","protected":false},"excerpt":{"rendered":"<div class=\"mh-excerpt\"><p>A poco m\u00e1s de un mes de la devaluaci\u00f3n del peso en casi 20% (18,6%, o suba del tipo de cambio oficial 21,9%) el d\u00eda despu\u00e9s de las elecciones primarias, el Gobierno lanz\u00f3 m\u00e1s deunaveintena de medidaspara intentar paliar el impacto que ese salto cambiario provoc\u00f3 en el ritmo de\u00a0inflaci\u00f3n\u00a0y, en especial, en los precios de la\u00a0canasta b\u00e1sica, cuyo costo experiment\u00f3 un fogonazo en agosto. La pregunta que sobrevol\u00f3 desde el inicio de la serie de anuncios del Ministerio de Econom\u00eda tiene que ver con el costo fiscalde las medidas y c\u00f3mo podr\u00eda incidir, eventualmente, en el&nbsp;sendero fiscal estrecho&nbsp;que puede <a class=\"mh-excerpt-more\" href=\"http:\/\/dsrmedios.com.ar\/diario\/archivos\/39515\" title=\"A un mes de la devaluaci\u00f3n, cu\u00e1les fueron las medidas del Gobierno, cu\u00e1nto dinero inyect\u00f3 en la calle y qu\u00e9 impacto espera\">[Leer m\u00e1s]<\/a><\/p>\n<\/div>","protected":false},"author":8,"featured_media":39516,"comment_status":"open","ping_status":"closed","sticky":false,"template":"","format":"standard","meta":{"_jetpack_newsletter_access":""},"categories":[6],"tags":[],"jetpack_featured_media_url":"http:\/\/dsrmedios.com.ar\/diario\/wp-content\/uploads\/2023\/09\/descarga-51.jpg","jetpack_sharing_enabled":true,"jetpack_shortlink":"https:\/\/wp.me\/p9fihK-ahl","_links":{"self":[{"href":"http:\/\/dsrmedios.com.ar\/diario\/wp-json\/wp\/v2\/posts\/39515"}],"collection":[{"href":"http:\/\/dsrmedios.com.ar\/diario\/wp-json\/wp\/v2\/posts"}],"about":[{"href":"http:\/\/dsrmedios.com.ar\/diario\/wp-json\/wp\/v2\/types\/post"}],"author":[{"embeddable":true,"href":"http:\/\/dsrmedios.com.ar\/diario\/wp-json\/wp\/v2\/users\/8"}],"replies":[{"embeddable":true,"href":"http:\/\/dsrmedios.com.ar\/diario\/wp-json\/wp\/v2\/comments?post=39515"}],"version-history":[{"count":1,"href":"http:\/\/dsrmedios.com.ar\/diario\/wp-json\/wp\/v2\/posts\/39515\/revisions"}],"predecessor-version":[{"id":39517,"href":"http:\/\/dsrmedios.com.ar\/diario\/wp-json\/wp\/v2\/posts\/39515\/revisions\/39517"}],"wp:featuredmedia":[{"embeddable":true,"href":"http:\/\/dsrmedios.com.ar\/diario\/wp-json\/wp\/v2\/media\/39516"}],"wp:attachment":[{"href":"http:\/\/dsrmedios.com.ar\/diario\/wp-json\/wp\/v2\/media?parent=39515"}],"wp:term":[{"taxonomy":"category","embeddable":true,"href":"http:\/\/dsrmedios.com.ar\/diario\/wp-json\/wp\/v2\/categories?post=39515"},{"taxonomy":"post_tag","embeddable":true,"href":"http:\/\/dsrmedios.com.ar\/diario\/wp-json\/wp\/v2\/tags?post=39515"}],"curies":[{"name":"wp","href":"https:\/\/api.w.org\/{rel}","templated":true}]}}