{"id":39510,"date":"2023-09-17T10:51:14","date_gmt":"2023-09-17T13:51:14","guid":{"rendered":"http:\/\/dsrmedios.com.ar\/diario\/?p=39510"},"modified":"2023-09-17T10:51:16","modified_gmt":"2023-09-17T13:51:16","slug":"el-reclamo-de-stiuso-el-troyano-en-el-celular-de-nisman-y-el-secreto-de-sumario-las-nuevas-pistas-sobre-el-espionaje-que-rodeo-la-muerte-del-fiscal-de-la-causa-amia","status":"publish","type":"post","link":"http:\/\/dsrmedios.com.ar\/diario\/archivos\/39510","title":{"rendered":"El reclamo de Stiuso, el troyano en el celular de Nisman y el secreto de sumario: las nuevas pistas sobre el espionaje que rode\u00f3 la muerte del fiscal de la causa AMIA"},"content":{"rendered":"\n<p><strong>\u201cTodo tiene que ver con todo\u201d.<\/strong>\u00a0La frase no solo la usa la vicepresidenta\u00a0<strong>Cristina Kirchner<\/strong>\u00a0en sus discursos a la hora de relacionar eventos y datos en la Argentina. El que, parad\u00f3jicamente, la pronunci\u00f3 ante la C\u00e1mara Federal fue el esp\u00eda m\u00e1s famoso de la Argentina,\u00a0<strong>Antonio Stiuso,\u00a0<\/strong>cuando reclam\u00f3 profundizar la investigaci\u00f3n sobre los dos sujetos, que trabajaban para la provincia de Entre R\u00edos y que, con una clave de la\u00a0<strong>Agencia Federal de Inteligencia<\/strong>, vigilaron los movimientos migratorios de Stiuso justo a partir del 18 de enero de 2015, cuando todav\u00eda no se hab\u00eda encontrado el cad\u00e1ver de\u00a0<a rel=\"noreferrer noopener\" href=\"https:\/\/www.infobae.com\/judiciales\/2023\/01\/17\/a-ocho-anos-de-la-muerte-de-alberto-nisman-una-causa-cruzada-por-las-casualidades-y-las-contradicciones\/\" target=\"_blank\"><strong>Alberto Nisman\u00a0<\/strong>con un tiro en la cabeza en el ba\u00f1o de su departamento.<\/a>\u00a038 veces consultaron los datos del ex jefe de Contrainteligencia, desde ese domingo hasta el 30 de enero siguiente.<\/p>\n\n\n\n<p>Los dos acusados por ese espionaje<strong>&nbsp;Pablo Pal\u00e1 y Alexis Lesa<\/strong>&nbsp;se dedican al&nbsp;<strong>servicio inform\u00e1tico,&nbsp;<\/strong>trabajan para distintas&nbsp;<strong>reparticiones p\u00fablicas de Entre R\u00edos<\/strong>&nbsp;y al declarar buscaron desvincularse del caso, pero la C\u00e1mara Federal, tal como lo adelant\u00f3&nbsp;<strong>Infobae&nbsp;<\/strong>el jueves,&nbsp;<a rel=\"noreferrer noopener\" href=\"https:\/\/www.infobae.com\/judiciales\/2023\/09\/14\/procesaron-a-dos-personas-por-espiar-a-stiuso-y-a-la-jueza-arroyo-salgado-cuando-moria-alberto-nisman\/\" target=\"_blank\">los proces\u00f3 por violar la ley de inteligencia.<\/a>&nbsp;Ahora se busca saber&nbsp;<strong>qui\u00e9nes est\u00e1n detr\u00e1s de ellos y qu\u00e9 v\u00ednculo tuvieron con la muerte<\/strong>&nbsp;del titular de la UFI-AMIA. No parece casual que&nbsp;<strong>el troyano que se instal\u00f3 en el celular de Nisman apunte hacia la IP&nbsp;<\/strong>(direcci\u00f3n \u00fanica que identifica a un dispositivo en Internet)&nbsp;<strong>que se us\u00f3 para espiar a Stiuso&nbsp;<\/strong>ya la ex esposa del fiscal,la jueza&nbsp;<strong>Sandra Arroyo Salgado<\/strong>.<\/p>\n\n\n\n<p>La historia del troyano en el celular de Nisman no es nueva y est\u00e1 casi desde el comienzo de la causa: el titular de la UFI AMIA que antes de su muerte denunci\u00f3 a la entonces Presidenta por encubrir&nbsp;<strong>el atentado a la AMIA<\/strong>&nbsp;a trav\u00e9s de la firma del&nbsp;<strong>Memor\u00e1ndum con Ir\u00e1n,<\/strong>&nbsp;ten\u00eda en su celular un malware que no lleg\u00f3 a ejecutarse porque estaba destinado para un celular Apple y Nisman ten\u00eda un tel\u00e9fono Android. Una vez que un troyano se activa, el control del tel\u00e9fono es compartido: el due\u00f1o por un lado y el atacante por el otro. Vale recordar que para el fiscal&nbsp;<strong>Eduardo Taiano,<\/strong>&nbsp;a cargo de la investigaci\u00f3n, el tel\u00e9fono de Nisman fue manipulado y borrado, pero no se sabe ni qui\u00e9n lo hizo ni cu\u00e1ndo.<\/p>\n\n\n\n<p>En el marco de la investigaci\u00f3n por la muerte de Nisman, los investigadores judiciales buscaron saber de d\u00f3nde hab\u00eda venido ese intento de ataque al celular del fiscal. Eso llev\u00f3 a\u00a0<strong>una direcci\u00f3n en Entre R\u00edos: una empresa de inform\u00e1tica<\/strong>. Eso sucedi\u00f3 incluso antes de que el caso pasara a Comodoro Py 2002, donde el caso fue considerado un homicidio. Nunca se avanz\u00f3 m\u00e1s de ah\u00ed. Pero ahora los lazos parecen comunicarse entre esa empresa inform\u00e1tica y los dos sospechoso de haber espiado a Stiuso y a Arroyo Salgado.<\/p>\n\n\n\n<p>Desde hace m\u00e1s de dos a\u00f1os, los investigadores de la causa Nisman vienen interrogando a m\u00e1s de 70 agentes de la AFI que estuvieron en la zona de Puerto Madero o tuvieron comunicaciones con otros tel\u00e9fonos claves el fin de semana en que Nisman se preparaba para su presentaci\u00f3n el lunes 19 de enero en el Congreso para hablar de la denuncia contra la hoy vicepresidenta. Se encuentran con contradicciones, internas, sospechas y silencios.<\/p>\n\n\n\n<p><strong>La muerte de Nisman no puede interpretarse sin mirar la guerra de esp\u00edas que estaba sucediendo en las entra\u00f1as de la hoy AFI (entonces SI).<\/strong>&nbsp;En diciembre de 2014, Cristina Kirchner hab\u00eda echado a la c\u00fapula de la Secretar\u00eda de Inteligencia, enojada por lo que cre\u00eda era una avanzada de Comodoro Py en contra de su gobierno. Se fueron as\u00ed el n\u00famero 1 y 2 de la central de esp\u00edas -H\u00e9ctor Icazuriaga y Francisco Larcher- y fueron reemplazados por el hoy senador&nbsp;<strong>Oscar Parrilli&nbsp;<\/strong>y el hoy viceministro de Justicia&nbsp;<strong>Juan Mart\u00edn Mena<\/strong>, respectivamente. A los pocos d\u00edas, se confirm\u00f3 la renuncia del director de Contrainteligencia, Antonio \u201cJaime\u201d Stiuso, el esp\u00eda m\u00e1s famoso del pa\u00eds a esa altura y uno de los funcionarios que trabaj\u00f3 codo a codo con Nisman.<\/p>\n\n\n\n<p><img decoding=\"async\" loading=\"lazy\" alt=\" Parte de los espiados, seg\u00fan la denuncia que radicaron en 2015 Alonso y Bullrich\" height=\"890\" width=\"1583\" src=\"https:\/\/www.infobae.com\/new-resizer\/gh5MM7ZGWwUfyNIdyaCixJcdKhg=\/arc-anglerfish-arc2-prod-infobae\/public\/BWO6WRDJDVHUTGUSGJW4M6HXYI\" srcset=\"https:\/\/www.infobae.com\/new-resizer\/-4eSv65j1BjC7FScEH2uK8sBpuI=\/420x236\/filters:format(webp):quality(85)\/arc-anglerfish-arc2-prod-infobae.s3.amazonaws.com\/public\/BWO6WRDJDVHUTGUSGJW4M6HXYI 420w,https:\/\/www.infobae.com\/new-resizer\/DVnry5Pl6Az8tmPDuCl9_hUmBQg=\/768x432\/filters:format(webp):quality(85)\/arc-anglerfish-arc2-prod-infobae.s3.amazonaws.com\/public\/BWO6WRDJDVHUTGUSGJW4M6HXYI 768w,https:\/\/www.infobae.com\/new-resizer\/kKuRju3TfnUy253lTua9lpfhmUk=\/992x558\/filters:format(webp):quality(85)\/arc-anglerfish-arc2-prod-infobae.s3.amazonaws.com\/public\/BWO6WRDJDVHUTGUSGJW4M6HXYI 992w,https:\/\/www.infobae.com\/new-resizer\/1oIleCjy6cZOowEWhLNwwkoX2r8=\/1200x675\/filters:format(webp):quality(85)\/arc-anglerfish-arc2-prod-infobae.s3.amazonaws.com\/public\/BWO6WRDJDVHUTGUSGJW4M6HXYI 1200w,https:\/\/www.infobae.com\/new-resizer\/l2j5q_chXNPEd4kmtmAlltdxu-I=\/1440x810\/filters:format(webp):quality(85)\/arc-anglerfish-arc2-prod-infobae.s3.amazonaws.com\/public\/BWO6WRDJDVHUTGUSGJW4M6HXYI 1440w\">Parte de los espiados, seg\u00fan la denuncia que radicaron en 2015 Alonso y Bullrich<\/p>\n\n\n\n<p>El espionaje sobre los movimientos de Stiuso y Arroyo Salgado no se conoci\u00f3 en la investigaci\u00f3n por la muerte de Nisman sino en una causa que radicaron el 20 de octubre de 2015 las entonces diputadas Laura Alonso y Patricia Bullrich (hoy candidata presidencial). Aseguraron que se estaban pinchado tel\u00e9fonos a pol\u00edticos opositores, jueces y periodistas.<a rel=\"noreferrer noopener\" href=\"https:\/\/www.infobae.com\/2016\/03\/10\/1796270-la-lista-jueces-politicos-y-periodistas-espiados-el-kirchnerismo\/\" target=\"_blank\">&nbsp;La lista<\/a>&nbsp;inclu\u00eda al entonces candidato a presidente Mauricio Macri, al hoy jefe de Estado Alberto Fern\u00e1ndez y a Sergio Massa, entre tantos otros.<\/p>\n\n\n\n<p>El caso le toc\u00f3 por sorteo al juez&nbsp;<strong>Sebasti\u00e1n Casanello,<\/strong>&nbsp;m\u00e1s tarde recusado, y luego recay\u00f3 en el juez&nbsp;<strong>Juli\u00e1n Ercolini.<\/strong>&nbsp;Ercolini tambi\u00e9n es el juez que interviene en la denuncia por la muerte de Nisman, aunque el caso est\u00e1 delegado en la fiscal\u00eda. Sin avances sobre el esclarecimiento de las pinchaduras de tel\u00e9fono, fue el propio Stiuso el que reclam\u00f3 profundizar sobre los pedidos de sus datos migratorios y el hilo llev\u00f3 a Entre R\u00edos.<\/p>\n\n\n\n<p>Todas las consultas se hicieron desde la IP que est\u00e1 registrada a nombre de Pal\u00e1, en una oficina que comparte con Lesa. Para las consultas que se hicieron en la Direcci\u00f3n de Migraciones se us\u00f3 un usuario asignado a la AFI.\u00a0<strong>El agente asignado prestaba funciones en la Direcci\u00f3n de Contrainteligencia de la AFI\u00a0<\/strong>a la \u00e9poca de los hechos. Es m\u00e1s: en enero de 2015, cuando se generaron las consultas, estuvo de vacaciones en Gualeguay, provincia de de Entre R\u00edos.<\/p>\n\n\n\n<p>Cuando fueron a indagatoria, tanto Pal\u00e1 como Lesa negaron su vinculaci\u00f3n en los hechos. Su abogado, Luciano Legasque, dijo este fin de semana a una radio de Entre R\u00edos que Pal\u00e1 se dedica a vender \u201cservicios inform\u00e1ticos\u201d, como intermediario de determinados servicios de direcciones de internet; y que \u00e9l vendi\u00f3 servicios de IPlan a una empresa de renombre internacional, desde cuyo servidor se hizo la b\u00fasqueda en Migraciones. \u201cPal\u00e1 no tiene ni acceso ni control al uso que el consumidor final haga con ese servicio que contrat\u00f3. Solo factura en calidad de revendedor. El act\u00faa como intermediario. Y Lesa queda involucrado porque Pal\u00e1 pone un tel\u00e9fono alternativo, que era el de su amigo. No tuvieron ninguna participaci\u00f3n\u201d. En t\u00e9rminos generales fue lo que hab\u00edan dicho en sus declaraciones los involucrados y al apelar el procesamiento.<\/p>\n\n\n\n<p><img decoding=\"async\" loading=\"lazy\" alt=\"Antonio Horacio Stiuso\" height=\"1080\" width=\"1920\" src=\"https:\/\/www.infobae.com\/new-resizer\/GkeAPzC_Rw-0Yj8sCkXQlE--hkU=\/arc-anglerfish-arc2-prod-infobae\/public\/PQBLHCBHW5GD5DEFXVTXAIALUA.jpg\" srcset=\"https:\/\/www.infobae.com\/new-resizer\/6FXpzu9OTjc4fJYymaevWTJCDHI=\/420x236\/filters:format(webp):quality(85)\/cloudfront-us-east-1.images.arcpublishing.com\/infobae\/PQBLHCBHW5GD5DEFXVTXAIALUA.jpg 420w,https:\/\/www.infobae.com\/new-resizer\/GSeBZEzgHHkFtV6a9LchSbluTOQ=\/768x432\/filters:format(webp):quality(85)\/cloudfront-us-east-1.images.arcpublishing.com\/infobae\/PQBLHCBHW5GD5DEFXVTXAIALUA.jpg 768w,https:\/\/www.infobae.com\/new-resizer\/gStua7j64UteKcu-Lt1SX_BcBlQ=\/992x558\/filters:format(webp):quality(85)\/cloudfront-us-east-1.images.arcpublishing.com\/infobae\/PQBLHCBHW5GD5DEFXVTXAIALUA.jpg 992w,https:\/\/www.infobae.com\/new-resizer\/pCQv9YFRxf5v_6P9xjWqCZM2_so=\/1200x675\/filters:format(webp):quality(85)\/cloudfront-us-east-1.images.arcpublishing.com\/infobae\/PQBLHCBHW5GD5DEFXVTXAIALUA.jpg 1200w,https:\/\/www.infobae.com\/new-resizer\/h1eyPknhfgUTCT3db9ghgqFd7k8=\/1440x810\/filters:format(webp):quality(85)\/cloudfront-us-east-1.images.arcpublishing.com\/infobae\/PQBLHCBHW5GD5DEFXVTXAIALUA.jpg 1440w\">Antonio Horacio Stiuso<\/p>\n\n\n\n<p><strong>Infobae&nbsp;<\/strong>accedi\u00f3 al escrito en donde Stiuso reclam\u00f3 ante la C\u00e1mara confirmar los procesamientos y subray\u00f3 la \u201cpersecuci\u00f3n\u201d en su contra durante el Gobierno de&nbsp;<strong>Cristina Kirchner<\/strong>&nbsp;junto a la muerte de Alberto Nisman. \u201cTodo est\u00e1 relacionado con todo y no resulta del todo extra\u00f1o que el control se haya efectuado desde esa localidad\u201d de Entre R\u00edos, afirm\u00f3.<\/p>\n\n\n\n<p>\u201cLo primero que corresponde decir es que ya ha pasado mucho tiempo desde que ocurrieran estos hechos. Pero no podemos olvidarnos de lo que sucedi\u00f3, ya que realmente,&nbsp;<strong>en aquel convulsionado 2015<\/strong>&nbsp;<strong>fui v\u00edctima de un acoso y persecuci\u00f3n dispuesto por las m\u00e1s altas autoridades del pa\u00eds.<\/strong>&nbsp;No fui el \u00fanico, otros tantas personas fueron v\u00edctimas de las mismas maniobras (<em>con s\u00f3lo tener en cuenta el listado que aparece en el inicio de estas actuaciones para advertir la maniobra y su entidad<\/em>)\u201d, dijo el ex esp\u00eda. Y a\u00f1adi\u00f3: \u201cLo que aqu\u00ed se demostr\u00f3 son<strong>&nbsp;maniobras que me afectan a m\u00ed y que tambi\u00e9n han afectado a la Dra. Sandra Arroyo Salgado,<\/strong>&nbsp;dato \u00e9ste no menor, por cuanto no cabe otra opci\u00f3n (<em>habida la fecha en que sucedieron los hechos, desde el 18 y hasta el 30 de enero de 2015<\/em>) que<strong>&nbsp;entrelazar todo con la muerte del Fiscal Alberto Nisman\u201d.<\/strong><\/p>\n\n\n\n<p>\u201cLo que ocurri\u00f3 ese enero del 2015 nos quedar\u00e1 a todos en nuestra memoria. A m\u00ed a t\u00edtulo personal, me quedar\u00e1 muy grabado porque aparte de&nbsp;<strong>haber sufrido la muerte de una persona querida, tambi\u00e9n me v\u00ed obligado (<\/strong><em><strong>por acciones como las que aqu\u00ed se investigan<\/strong><\/em><strong>) a irme del pa\u00eds<\/strong>&nbsp;y a radicarme junto con toda mi familia en el exterior\u201d, a\u00f1adi\u00f3.<\/p>\n\n\n\n<p>Stiuso sostuvo: \u201c<strong>El inter\u00e9s de \u2018<\/strong><em><strong>buscarme\u2019<\/strong><\/em>, tal como ya expuse en esta y otras causas, hab\u00eda sido largamente exhibido, tanto en forma privada como p\u00fablica, por el entonces Director de la SI\/AFI,&nbsp;<strong>Oscar Parrilli\u201d<\/strong>. Para Stiuso no hay dudas de que los dos acusados que rastrearon sus movimientos migratorios con una clave de la AFI \u201c<strong>cumpl\u00edan \u00f3rdenes de las m\u00e1s altas autoridades\u201d de la secretar\u00eda de inteligencia.<\/strong>&nbsp;Y record\u00f3 as\u00ed la denuncia que hizo y deriv\u00f3 en que sus hijas fueran con custodia a tomarse un avi\u00f3n para poder salir del pa\u00eds y o su exposici\u00f3n como testigo en la causa Nisman.<\/p>\n\n\n\n<p>En su segunda declaraci\u00f3n, que sacudi\u00f3 el expediente y deriv\u00f3 que el caso fuera investigado en Comodoro Py, Stiuso asegur\u00f3: \u201c<strong>Estoy convencido de que a Albero Nisman lo mataron<\/strong>\u201d, que el fiscal y \u00e9l pasaron a ser \u201cun&nbsp;<strong>obst\u00e1culo<\/strong>\u201d para el cumplimiento del Memor\u00e1ndum con Ir\u00e1n y que \u201c<strong>cuando la ex presidente decidi\u00f3 negociar con Ir\u00e1n, qued\u00f3 esposada y como reh\u00e9n de ese pa\u00eds<\/strong>\u201d. El esp\u00eda afirm\u00f3 adem\u00e1s: \u201c<strong>Estoy seguro que Alberto era blanco\u201d de una inteligencia paralela.<\/strong><\/p>\n\n\n\n<p><img decoding=\"async\" loading=\"lazy\" alt=\"Cristina Kirchner y Oscar Parrilli, en otros tiempos  \" height=\"658\" width=\"1170\" src=\"https:\/\/www.infobae.com\/new-resizer\/_xJGIcqYYxcW1Wsd133SbfPhrSU=\/arc-anglerfish-arc2-prod-infobae\/public\/K4UTSH6WBBCELE3VN64OBPXCW4\" srcset=\"https:\/\/www.infobae.com\/new-resizer\/rTYIUFlwmN_Xml5tBmPAKbn7kaQ=\/420x236\/filters:format(webp):quality(85)\/arc-anglerfish-arc2-prod-infobae.s3.amazonaws.com\/public\/K4UTSH6WBBCELE3VN64OBPXCW4 420w,https:\/\/www.infobae.com\/new-resizer\/QGc_aCr0UWOuqCNO_UoD3D80D8s=\/768x432\/filters:format(webp):quality(85)\/arc-anglerfish-arc2-prod-infobae.s3.amazonaws.com\/public\/K4UTSH6WBBCELE3VN64OBPXCW4 768w,https:\/\/www.infobae.com\/new-resizer\/rn7_oi14zaX29ZrApo_axU1oyPM=\/992x558\/filters:format(webp):quality(85)\/arc-anglerfish-arc2-prod-infobae.s3.amazonaws.com\/public\/K4UTSH6WBBCELE3VN64OBPXCW4 992w,https:\/\/www.infobae.com\/new-resizer\/ZU0nm4H2RUFjOpspLLnVHTP8sso=\/1200x675\/filters:format(webp):quality(85)\/arc-anglerfish-arc2-prod-infobae.s3.amazonaws.com\/public\/K4UTSH6WBBCELE3VN64OBPXCW4 1200w,https:\/\/www.infobae.com\/new-resizer\/mTh0KoYVGeFleyudgSBIvKkU26Q=\/1440x810\/filters:format(webp):quality(85)\/arc-anglerfish-arc2-prod-infobae.s3.amazonaws.com\/public\/K4UTSH6WBBCELE3VN64OBPXCW4 1440w\">Cristina Kirchner y Oscar Parrilli, en otros tiempos<\/p>\n\n\n\n<p>Como contragolpe en esta causa, Stiuso trat\u00f3 de&nbsp;<strong>\u201cinorg\u00e1nicos\u201d<\/strong>&nbsp;a los acusados y apunt\u00f3 contra el abogado que los representa. \u201cLegascue trabajaba en la \u00e9poca en que ocurri\u00f3 lo de (el pago de Carlos) Telleld\u00edn, en la delegaci\u00f3n de la SIDE de Paran\u00e1. No es descabellado pensar que los imputados hayan mantenido relaci\u00f3n con la SI\/AFI, quiz\u00e1s no como empleados, pero s\u00ed como \u2018inorg\u00e1nicos\u2019, prestando servicios inform\u00e1ticos\u201d, dijo Stiuso.<\/p>\n\n\n\n<p>\u201cEs claro y evidente, al menos para m\u00ed, que estas labores de inteligencia ilegal, fueron ejecutadas, con una clave que pose\u00eda la SI\/AFI, desde un lugar llamativamente lejano (<em>si tenemos en cuenta que esa clave la usaba personal de la direcci\u00f3n de contrainteligencia, que tiene su base en CABA<\/em>). Probablemente para no dejar rastros de esa persecuci\u00f3n de la cual estaba siendo v\u00edctima\u201d, advirti\u00f3.<\/p>\n\n\n\n<p>Este jueves, la C\u00e1mara Federal, con la firma de los jueces&nbsp;<strong>Mart\u00edn Irurzun y Eduardo Farah<\/strong>, confirm\u00f3 los procesamientos y ordenaron profundizar la investigaci\u00f3n. Apuntaron a la declaraci\u00f3n de una funcionaria de la Aduana de Ezeiza, Andrea Mu\u00f1oz, quien puntualiz\u00f3 que los d\u00edas 20 y 21 de enero de 2015, la Subdirectora General de Operaciones Metropolitanas de la Direcci\u00f3n General Impositiva reclam\u00f3 datos de diferentes CUIT: eran&nbsp;<strong>Sandra Arroyo Salgado<\/strong>, del fiscal&nbsp;<strong>Alberto Nisman y de Diego Lagomarsino,<\/strong>&nbsp;el t\u00e9cnico inform\u00e1tico que fue acusado de haber sido part\u00edcipe necesario en el crimen porque&nbsp;<strong>su arma se us\u00f3 para dar muerte al fiscal de la UFI AMIA,&nbsp;<\/strong>en lo que la causa entiende fue un homicidio. El fallo tambi\u00e9n mencion\u00f3 a la figura de&nbsp;<strong>Gonzalo Horacio Tzareff, jefe de Equipaje de Aduana,<\/strong>&nbsp;quien accedi\u00f3 de manera ileg\u00edtima a los&nbsp;<strong>registros f\u00edlmicos<\/strong>&nbsp;de la zona de aduanas del Aeropuerto Internacional de Ezeiza cuando lleg\u00f3 Nisman para hacer su denuncia.<\/p>\n\n\n\n<p>Seg\u00fan pudo saber\u00a0<strong>Infobae,<\/strong>\u00a0tras el fallo de la C\u00e1mara Federal, el juez Ercolini dispuso el\u00a0<strong>secreto de sumario<\/strong>\u00a0en la investigaci\u00f3n. Habr\u00e1 que esperar a conocer las pr\u00f3ximas novedades.<\/p>\n\n\n\n<p>Fuente: Infobae<\/p>\n","protected":false},"excerpt":{"rendered":"<div class=\"mh-excerpt\"><p>\u201cTodo tiene que ver con todo\u201d.\u00a0La frase no solo la usa la vicepresidenta\u00a0Cristina Kirchner\u00a0en sus discursos a la hora de relacionar eventos y datos en la Argentina. El que, parad\u00f3jicamente, la pronunci\u00f3 ante la C\u00e1mara Federal fue el esp\u00eda m\u00e1s famoso de la Argentina,\u00a0Antonio Stiuso,\u00a0cuando reclam\u00f3 profundizar la investigaci\u00f3n sobre los dos sujetos, que trabajaban para la provincia de Entre R\u00edos y que, con una clave de la\u00a0Agencia Federal de Inteligencia, vigilaron los movimientos migratorios de Stiuso justo a partir del 18 de enero de 2015, cuando todav\u00eda no se hab\u00eda encontrado el cad\u00e1ver de\u00a0Alberto Nisman\u00a0con un tiro en la <a class=\"mh-excerpt-more\" href=\"http:\/\/dsrmedios.com.ar\/diario\/archivos\/39510\" title=\"El reclamo de Stiuso, el troyano en el celular de Nisman y el secreto de sumario: las nuevas pistas sobre el espionaje que rode\u00f3 la muerte del fiscal de la causa AMIA\">[Leer m\u00e1s]<\/a><\/p>\n<\/div>","protected":false},"author":8,"featured_media":39511,"comment_status":"open","ping_status":"closed","sticky":false,"template":"","format":"standard","meta":{"_jetpack_newsletter_access":""},"categories":[6],"tags":[],"jetpack_featured_media_url":"http:\/\/dsrmedios.com.ar\/diario\/wp-content\/uploads\/2023\/09\/images-84.jpg","jetpack_sharing_enabled":true,"jetpack_shortlink":"https:\/\/wp.me\/p9fihK-ahg","_links":{"self":[{"href":"http:\/\/dsrmedios.com.ar\/diario\/wp-json\/wp\/v2\/posts\/39510"}],"collection":[{"href":"http:\/\/dsrmedios.com.ar\/diario\/wp-json\/wp\/v2\/posts"}],"about":[{"href":"http:\/\/dsrmedios.com.ar\/diario\/wp-json\/wp\/v2\/types\/post"}],"author":[{"embeddable":true,"href":"http:\/\/dsrmedios.com.ar\/diario\/wp-json\/wp\/v2\/users\/8"}],"replies":[{"embeddable":true,"href":"http:\/\/dsrmedios.com.ar\/diario\/wp-json\/wp\/v2\/comments?post=39510"}],"version-history":[{"count":1,"href":"http:\/\/dsrmedios.com.ar\/diario\/wp-json\/wp\/v2\/posts\/39510\/revisions"}],"predecessor-version":[{"id":39512,"href":"http:\/\/dsrmedios.com.ar\/diario\/wp-json\/wp\/v2\/posts\/39510\/revisions\/39512"}],"wp:featuredmedia":[{"embeddable":true,"href":"http:\/\/dsrmedios.com.ar\/diario\/wp-json\/wp\/v2\/media\/39511"}],"wp:attachment":[{"href":"http:\/\/dsrmedios.com.ar\/diario\/wp-json\/wp\/v2\/media?parent=39510"}],"wp:term":[{"taxonomy":"category","embeddable":true,"href":"http:\/\/dsrmedios.com.ar\/diario\/wp-json\/wp\/v2\/categories?post=39510"},{"taxonomy":"post_tag","embeddable":true,"href":"http:\/\/dsrmedios.com.ar\/diario\/wp-json\/wp\/v2\/tags?post=39510"}],"curies":[{"name":"wp","href":"https:\/\/api.w.org\/{rel}","templated":true}]}}