{"id":39453,"date":"2023-09-11T11:25:10","date_gmt":"2023-09-11T14:25:10","guid":{"rendered":"http:\/\/dsrmedios.com.ar\/diario\/?p=39453"},"modified":"2023-09-11T11:25:14","modified_gmt":"2023-09-11T14:25:14","slug":"en-el-mes-de-las-paso-el-gobierno-aumento-el-ritmo-de-gasto-y-presiona-a-la-meta-fiscal-con-el-fmi","status":"publish","type":"post","link":"http:\/\/dsrmedios.com.ar\/diario\/archivos\/39453","title":{"rendered":"En el mes de las PASO, el Gobierno aument\u00f3 el ritmo de gasto y presiona a la meta fiscal con el FMI"},"content":{"rendered":"\n<p>El Gobierno aceler\u00f3 el<strong>\u00a0ritmo de gasto p\u00fablico<\/strong>\u00a0en agosto, el mes de las elecciones primarias, y acumul\u00f3 as\u00ed dos meses con esa tendencia, en el marco de una tope de d\u00e9ficit fiscal acordado con el<strong>\u00a0Fondo Monetario Internacional<\/strong>\u00a0que obligar\u00eda a un recorte a lo largo del segundo semestre para poder alcanzar ese\u00a0<strong>1,9% del PBI de techo<\/strong>.<a rel=\"noreferrer noopener\" href=\"https:\/\/www.infobae.com\/economia\/2023\/09\/11\/a-dias-de-que-se-conozca-el-primer-dato-de-inflacion-post-devaluacion-massa-busca-ampliar-el-paquete-de-medidas\/\" target=\"_blank\"><\/a><\/p>\n\n\n\n<p>De acuerdo a una estimaci\u00f3n que hizo la consultora Analytica, que dirige&nbsp;<strong>Ricardo Delgado<\/strong>, en agosto la variaci\u00f3n interanual del gasto p\u00fablico devengado \u2013es decir los pagos comprometidos m\u00e1s all\u00e1 de lo efectivamente pagado\u2013 fue de<strong>&nbsp;casi 4%<\/strong>, por lo que lleva as\u00ed un<strong>&nbsp;bimestre de aceleraci\u00f3n<\/strong>&nbsp;en el gasto. En julio esa cifra hab\u00eda sido menor, de&nbsp;<strong>2%<\/strong>&nbsp;en relaci\u00f3n con ese mismo mes del a\u00f1o anterior.<\/p>\n\n\n\n<p>\u201cEn agosto, el gasto real devengado sin estacionalidad disminuy\u00f3 un 1,5% respecto de julio, y en t\u00e9rminos interanuales<strong>&nbsp;se increment\u00f3 un 3,6 por ciento<\/strong>. Si se excluyen los subsidios energ\u00e9ticos, la&nbsp;<strong>variaci\u00f3n interanual es del 3,7%<\/strong>\u201d, indic\u00f3 esa consultora. No es posible comparar de manera lineal este tipo de resultados base devengado con la informaci\u00f3n que publica cerca de fin de mes la Secretar\u00eda de Hacienda, que es base caja, y que solo toma en consideraci\u00f3n el gasto pagado.<\/p>\n\n\n\n<p>\u201cEntre las partidas con mayores ajustes respecto a agosto 2022 figuran las asignaciones&nbsp;<strong>familiares y AUH (-29,5%) y el gasto en capital (-5,9 por ciento)<\/strong>. Por otro lado, se registraron incrementos interanuales en las&nbsp;<strong>transferencias a provincias (26,9%<\/strong>), despu\u00e9s de haber ca\u00eddo fuerte en julio, y en el gasto destinado a programas sociales (Potenciar trabajo, Progresar, Alimentar, etc.) que aumentaron un 17,5%\u201d, indic\u00f3 Analytica.<\/p>\n\n\n\n<p><img decoding=\"async\" loading=\"lazy\" alt=\"Para la consultora Analytica, el gasto p\u00fablico volvi\u00f3 a acelerar en agosto y acumula dos meses con esa tendencia\" height=\"1652\" width=\"1920\" src=\"https:\/\/www.infobae.com\/new-resizer\/NnEKvpmtuWdmpWAFYTXgTzZfwAQ=\/arc-anglerfish-arc2-prod-infobae\/public\/4L7W6XKUIJH63OUH7U7GTADUZ4.jpg\" srcset=\"https:\/\/www.infobae.com\/new-resizer\/rrO1TUWNcjlcH9_vyMxK1SOnfgc=\/992x850\/filters:format(webp):quality(85)\/cloudfront-us-east-1.images.arcpublishing.com\/infobae\/4L7W6XKUIJH63OUH7U7GTADUZ4.jpg 992w\">Para la consultora Analytica, el gasto p\u00fablico volvi\u00f3 a acelerar en agosto y acumula dos meses con esa tendencia<\/p>\n\n\n\n<p>A alejar el zoom, la consultora midi\u00f3 que desde que<strong>\u00a0Sergio Massa<\/strong>\u00a0lleg\u00f3 al Ministerio de Econom\u00eda el gasto p\u00fablico acumula una\u00a0<strong>ca\u00edda en t\u00e9rminos reales de 13,4%<\/strong>, medido de forma interanual. Y solo tomando en consideraci\u00f3n los primeros ocho meses del 2023, ese\u00a0<strong>retroceso es de 7,3 por ciento<\/strong>.<\/p>\n\n\n\n<p>\u201cEn agosto el gasto sin estacionalidad destinado a AUH y asignaciones familiares result\u00f3 $1.397 millones (+0,8%) superior a julio. Aun as\u00ed, en t\u00e9rminos interanuales, se redujo un 29,5 por ciento. Adem\u00e1s, considerando el gasto acumulado en lo que va del a\u00f1o, este se redujo un 26,3%, y considerando el per\u00edodo comprendido entre agosto de 2022 y agosto de 2023, el gasto disminuy\u00f3 un 4,5%\u201d, consider\u00f3 Analytica.<\/p>\n\n\n\n<p>Analizado a pesos constantes, la consultora midi\u00f3 que ese recorte general durante la gesti\u00f3n Massa rondar\u00eda los<strong>&nbsp;6,1 billones de pesos<\/strong>. De ese total, hay 1,6 billones que corresponden a<strong>&nbsp;obra p\u00fablica<\/strong>, 1,4 billones de&nbsp;<strong>subsidios econ\u00f3micos<\/strong>, $900.000 millones a jubilaciones y pensiones, $600.000 millones de asignaciones familiares y $500.000 millones a programas sociales, entre otros.<\/p>\n\n\n\n<blockquote class=\"wp-block-quote\">\n<p>\u201cEn agosto, el gasto real devengado sin estacionalidad disminuy\u00f3 un 1,5% respecto de julio, y en t\u00e9rminos interanuales se increment\u00f3 un 3,6 por ciento. Si se excluyen los subsidios energ\u00e9ticos, la variaci\u00f3n interanual es del 3,7%\u201d (Analytica)<\/p>\n<\/blockquote>\n\n\n\n<p>El techo de d\u00e9ficit primario acordado con el FMI es de&nbsp;<strong>1,9% del PBI<\/strong>&nbsp;y solo en los primeros siete meses del a\u00f1o ya acumul\u00f3&nbsp;<strong>1,27 por ciento<\/strong>. En t\u00e9rminos estacionales el segundo semestre suele ser de&nbsp;<strong>mayor ritmo&nbsp;<\/strong>de gasto, por lo que ese margen de 0,63% del Producto aparece como muy angosto para poder cumplir esa meta fiscal. Para cumplirlo, el Gobierno deber\u00eda, de acuerdo a c\u00e1lculos que hizo el Fondo Monetario, llevar adelante un recorte pronunciado del gasto en lo que resta del a\u00f1o.<\/p>\n\n\n\n<p><\/p>\n\n\n\n<p>El FMI espera que durante el segundo semestre&nbsp;<strong>el gasto p\u00fablico caiga 11%<\/strong>&nbsp;en t\u00e9rminos reales hasta fin de a\u00f1o para que sea posible el cumplimiento de la meta anual. Seg\u00fan el staff report, hacia fines de diciembre ese tope nominal deber\u00eda ser de 3,2 billones de pesos.&nbsp;<a href=\"https:\/\/www.infobae.com\/economia\/2023\/08\/23\/el-gasto-publico-crecio-en-julio-y-le-resto-margen-al-gobierno-para-cumplir-la-meta-fiscal-anual-con-el-fmi\/\">Hasta julio<\/a>, con los \u00faltimos datos oficiales, el rojo primario hab\u00eda alcanzado los<strong>&nbsp;2,2 billones de pesos<\/strong>, por lo que el&nbsp;<strong>\u201cesfuerzo\u201d fiscal&nbsp;<\/strong>deber\u00eda ser mayor, ya que por cuestiones estacionales el gasto p\u00fablico suele acelerar durante la segunda parte de cada a\u00f1o.<\/p>\n\n\n\n<p><img decoding=\"async\" loading=\"lazy\" alt=\"El Ministerio de Econom\u00eda lanz\u00f3 medidas que implicar\u00e1n un gasto adicional de $730.000 millones\" height=\"1079\" width=\"1920\" src=\"https:\/\/www.infobae.com\/new-resizer\/Im-Vaml7NzHD8LHtp4E1cXYtVYI=\/arc-anglerfish-arc2-prod-infobae\/public\/AAMOQIHJBJGI5KL4YPSOS6L5ZM.jpeg\" srcset=\"https:\/\/www.infobae.com\/new-resizer\/2mZUbDeSa2aM9XraAPb2b62RQ5w=\/420x236\/filters:format(webp):quality(85)\/cloudfront-us-east-1.images.arcpublishing.com\/infobae\/AAMOQIHJBJGI5KL4YPSOS6L5ZM.jpeg 420w,https:\/\/www.infobae.com\/new-resizer\/WET1-j9BCLNFoN8LnXDGJm4gFF8=\/768x432\/filters:format(webp):quality(85)\/cloudfront-us-east-1.images.arcpublishing.com\/infobae\/AAMOQIHJBJGI5KL4YPSOS6L5ZM.jpeg 768w,https:\/\/www.infobae.com\/new-resizer\/hiE3PheUZxP_u3ODe14xwO5Ptc8=\/992x558\/filters:format(webp):quality(85)\/cloudfront-us-east-1.images.arcpublishing.com\/infobae\/AAMOQIHJBJGI5KL4YPSOS6L5ZM.jpeg 992w,https:\/\/www.infobae.com\/new-resizer\/YtCKiZVqr7L_V72wpApWXF4YlCY=\/1200x675\/filters:format(webp):quality(85)\/cloudfront-us-east-1.images.arcpublishing.com\/infobae\/AAMOQIHJBJGI5KL4YPSOS6L5ZM.jpeg 1200w,https:\/\/www.infobae.com\/new-resizer\/Fq0GajbnzNKAPusgCbaklNu2Mi4=\/1440x810\/filters:format(webp):quality(85)\/cloudfront-us-east-1.images.arcpublishing.com\/infobae\/AAMOQIHJBJGI5KL4YPSOS6L5ZM.jpeg 1440w\">El Ministerio de Econom\u00eda lanz\u00f3 medidas que implicar\u00e1n un gasto adicional de $730.000 millones<\/p>\n\n\n\n<p>\u201cSe espera que esto se logre mediante una combinaci\u00f3n de medidas de ingresos (algunas temporales) y gastos para lograr la&nbsp;<strong>contracci\u00f3n del 11% en el gasto<\/strong>&nbsp;de agosto a diciembre de este a\u00f1o, protegiendo al mismo tiempo la infraestructura prioritaria (gasoducto) y los programas sociales\u201d, mencion\u00f3 el organismo.<\/p>\n\n\n\n<p>\u201cSe requieren&nbsp;<strong>mayores esfuerzos para alinear las tarifas&nbsp;<\/strong>con los mayores costos de producci\u00f3n (tras la devaluaci\u00f3n del tipo de cambio), lograr los objetivos de recuperaci\u00f3n de costos establecidos en la cuarta revisi\u00f3n y cumplir con los objetivos de reducci\u00f3n de los subsidios a la energ\u00eda (0,5 por ciento del PIB en 2023)\u201d, plante\u00f3 el Fondo.<\/p>\n\n\n\n<p>El \u00faltimo paquete de medidas anunciada por el Gobierno tambi\u00e9n presionar\u00e1n a ese sendero que el FMI espera que lleve adelante el Poder Ejecutivo en t\u00e9rminos de gasto. El pago de una suma fija a cuenta de futuros aumentos para empleados en relaci\u00f3n de dependencia, un bono para jubilados por los pr\u00f3ximos tres meses, exenciones para monotributistas, cr\u00e9ditos a tasa blanda, medidas para el agro, pymes, personal dom\u00e9stico, entre otros, tendr\u00eda&nbsp;<strong>un costo fiscal de $729.000 millones<\/strong>.<\/p>\n\n\n\n<p>}Una parte importante de ese costo fue cubierto con una licitaci\u00f3n de deuda en pesos ad hoc que llev\u00f3 adelante la Secretar\u00eda de Finanzas el viernes pasado, por la que recolect\u00f3 del mercado unos<strong>\u00a0$464.000 millones<\/strong>,\u00a0<strong>algo m\u00e1s del 60%\u00a0<\/strong>del total presupuestado.<\/p>\n\n\n\n<p>Fuente: Infobae<\/p>\n","protected":false},"excerpt":{"rendered":"<div class=\"mh-excerpt\"><p>El Gobierno aceler\u00f3 el\u00a0ritmo de gasto p\u00fablico\u00a0en agosto, el mes de las elecciones primarias, y acumul\u00f3 as\u00ed dos meses con esa tendencia, en el marco de una tope de d\u00e9ficit fiscal acordado con el\u00a0Fondo Monetario Internacional\u00a0que obligar\u00eda a un recorte a lo largo del segundo semestre para poder alcanzar ese\u00a01,9% del PBI de techo. De acuerdo a una estimaci\u00f3n que hizo la consultora Analytica, que dirige&nbsp;Ricardo Delgado, en agosto la variaci\u00f3n interanual del gasto p\u00fablico devengado \u2013es decir los pagos comprometidos m\u00e1s all\u00e1 de lo efectivamente pagado\u2013 fue de&nbsp;casi 4%, por lo que lleva as\u00ed un&nbsp;bimestre de aceleraci\u00f3n&nbsp;en el gasto. <a class=\"mh-excerpt-more\" href=\"http:\/\/dsrmedios.com.ar\/diario\/archivos\/39453\" title=\"En el mes de las PASO, el Gobierno aument\u00f3 el ritmo de gasto y presiona a la meta fiscal con el FMI\">[Leer m\u00e1s]<\/a><\/p>\n<\/div>","protected":false},"author":8,"featured_media":39460,"comment_status":"open","ping_status":"closed","sticky":false,"template":"","format":"standard","meta":{"_jetpack_newsletter_access":""},"categories":[6],"tags":[],"jetpack_featured_media_url":"http:\/\/dsrmedios.com.ar\/diario\/wp-content\/uploads\/2023\/09\/descarga-47.jpg","jetpack_sharing_enabled":true,"jetpack_shortlink":"https:\/\/wp.me\/p9fihK-agl","_links":{"self":[{"href":"http:\/\/dsrmedios.com.ar\/diario\/wp-json\/wp\/v2\/posts\/39453"}],"collection":[{"href":"http:\/\/dsrmedios.com.ar\/diario\/wp-json\/wp\/v2\/posts"}],"about":[{"href":"http:\/\/dsrmedios.com.ar\/diario\/wp-json\/wp\/v2\/types\/post"}],"author":[{"embeddable":true,"href":"http:\/\/dsrmedios.com.ar\/diario\/wp-json\/wp\/v2\/users\/8"}],"replies":[{"embeddable":true,"href":"http:\/\/dsrmedios.com.ar\/diario\/wp-json\/wp\/v2\/comments?post=39453"}],"version-history":[{"count":1,"href":"http:\/\/dsrmedios.com.ar\/diario\/wp-json\/wp\/v2\/posts\/39453\/revisions"}],"predecessor-version":[{"id":39461,"href":"http:\/\/dsrmedios.com.ar\/diario\/wp-json\/wp\/v2\/posts\/39453\/revisions\/39461"}],"wp:featuredmedia":[{"embeddable":true,"href":"http:\/\/dsrmedios.com.ar\/diario\/wp-json\/wp\/v2\/media\/39460"}],"wp:attachment":[{"href":"http:\/\/dsrmedios.com.ar\/diario\/wp-json\/wp\/v2\/media?parent=39453"}],"wp:term":[{"taxonomy":"category","embeddable":true,"href":"http:\/\/dsrmedios.com.ar\/diario\/wp-json\/wp\/v2\/categories?post=39453"},{"taxonomy":"post_tag","embeddable":true,"href":"http:\/\/dsrmedios.com.ar\/diario\/wp-json\/wp\/v2\/tags?post=39453"}],"curies":[{"name":"wp","href":"https:\/\/api.w.org\/{rel}","templated":true}]}}