{"id":39435,"date":"2023-09-11T11:08:37","date_gmt":"2023-09-11T14:08:37","guid":{"rendered":"http:\/\/dsrmedios.com.ar\/diario\/?p=39435"},"modified":"2023-09-11T11:09:06","modified_gmt":"2023-09-11T14:09:06","slug":"la-reflexion-de-jorge-almiron-que-genero-polemica-tras-la-victoria-de-boca-por-penales-ante-almagro","status":"publish","type":"post","link":"http:\/\/dsrmedios.com.ar\/diario\/archivos\/39435","title":{"rendered":"La reflexi\u00f3n de Jorge Almir\u00f3n que gener\u00f3 pol\u00e9mica tras la victoria de Boca por penales ante Almagro"},"content":{"rendered":"\n<p>Boca Juniors cumpli\u00f3 con el objetivo de la clasificaci\u00f3n y avanz\u00f3 a los cuartos de final de la Copa Argentina, tras eliminar a Almagro, elenco que pelea por no descender en la Primera Nacional. El Xeneize tuvo un buen primer tiempo, se fue al descanso 2-0, pero en el complemento se qued\u00f3 y el Tricolor nivel\u00f3. De esta manera, la serie en La Rioja se defini\u00f3 en los penales, donde Chiquito Romero volvi\u00f3 a ser el h\u00e9roe tras contener dos remates. De esta manera, el equipo de Jorge Almir\u00f3n jugar\u00e1 ante Talleres de C\u00f3rdoba, posiblemente en la fecha FIFA del tercer fin de semana de octubre en Santiago del Estero o Mendoza.<\/p>\n\n\n\n<p>\u201cJugamos un muy buen primer tiempo. Lo importante es que el equipo se clasific\u00f3 porque los muchachos patearon muy bien los penales. Y Sergio (Romero) es muy importante para el equipo\u201d, dijo el t\u00e9cnico despu\u00e9s que el arquero fuera determinante en la serie desde los 12 pasos, como contra Nacional de Montevideo y Racing, en la Copa Libertadores.<\/p>\n\n\n\n<p>\u201dEl equipo jug\u00f3 muy bien, especialmente en el primer tiempo, pero despu\u00e9s por detalles ellos nos empataron el partido y en el segundo tiempo se nos complic\u00f3. Pero seguimos avanzando y para nosotros es importante darle una alegr\u00eda a la gente que siempre nos sigue y nos alienta\u201d afirm\u00f3 el entrenador. Esta frase gener\u00f3 pol\u00e9mica y los fan\u00e1ticos xeneizes lo hicieron saber llevando el nombre Jorge Almir\u00f3n entre las principales tendencias. Los hinchas criticaron los cambios en el complemento, cuando incluy\u00f3 un doble nueve con Merentiel y Pipa Benedetto, misma postura que tom\u00f3 en las \u00faltimas derrotas ante Sarmiento en Jun\u00edn y Tigre en La Bombonera, por la Copa de La Liga.<\/p>\n\n\n\n<p>Despu\u00e9s habl\u00f3 de las situaciones del juego que derivaron en que Almagro diera vuelta el 2 a 0 del primer tiempo. \u201c(Miguel) Merentiel tuvo pase pero se equivoc\u00f3. Es una situaci\u00f3n que puede pasarle en cualquier lugar de la cancha, pero esta vez fue gol. Lo importante es que est\u00e1bamos 2 a 0 y a Miguel lo puse para jugar de extremo tambi\u00e9n, porque estaba (Exequiel) Zeballos del otro lado. Pero segu\u00edamos atacando con tres delanteros y as\u00ed no desorganizamos la mitad de la cancha. Nos faltaron esos minutos para seguir atacando y ellos, en cambio, aprovecharon las que tuvieron\u201d.<a rel=\"noreferrer noopener\" href=\"https:\/\/www.infobae.com\/deportes\/2023\/09\/11\/lo-que-no-se-vio-de-los-penales-entre-boca-juniors-y-almagro-el-gesto-del-entrenador-de-arqueros-a-chiquito-romero-y-la-actitud-de-almiron\/\" target=\"_blank\"><\/a><\/p>\n\n\n\n<p>\u201cPero ac\u00e1 tengo un equipo de hombres y la idea es sumar a todos. Tambi\u00e9n hizo mucho calor y ahora tenemos que jugar el viernes de vuelta. Lo importante es la Libertadores y tambi\u00e9n juega en la cabeza. Por eso hay que sumar a los que viene jugando y tener a todos de manera competitiva\u201d, agreg\u00f3 Almir\u00f3n, que adem\u00e1s, brome\u00f3 con \u201cel celular de Bianchi\u201d, en relaci\u00f3n a los penales, y en este punto explic\u00f3 por qu\u00e9 no los vio: \u201cHice lo mismo contra Racing\u201d.<\/p>\n\n\n\n<p>El plantel de Boca que viaj\u00f3 al finalizar el encuentro a Buenos Aires descansar\u00e1 ma\u00f1ana para el martes empezar a preparar el complicad\u00edsimo partido del pr\u00f3ximo viernes ante Defensa y Justicia en Florencio Varela, por la cuarta fecha del Grupo B de la Copa de la Liga Profesional. Esta semana ser\u00e1 clave para empezar a recuperar a Cristian Medina, con una molestia muscular, y Valent\u00edn Barco, que viene de tener un peque\u00f1o desgarro, ya que ambos se vienen entrenando en forma diferenciada. Los dos podr\u00edan tener minutos el martes 19 de este mes cuando el equipo viaje a Santiago del Estero para enfrentar a Central C\u00f3rdoba en el estadio Madre de Ciudades, por la quinta fecha del Grupo B de la Copa de la Liga Profesional.<\/p>\n\n\n\n<p>Fuente: Infobae<\/p>\n","protected":false},"excerpt":{"rendered":"<div class=\"mh-excerpt\"><p>Boca Juniors cumpli\u00f3 con el objetivo de la clasificaci\u00f3n y avanz\u00f3 a los cuartos de final de la Copa Argentina, tras eliminar a Almagro, elenco que pelea por no descender en la Primera Nacional. El Xeneize tuvo un buen primer tiempo, se fue al descanso 2-0, pero en el complemento se qued\u00f3 y el Tricolor nivel\u00f3. De esta manera, la serie en La Rioja se defini\u00f3 en los penales, donde Chiquito Romero volvi\u00f3 a ser el h\u00e9roe tras contener dos remates. De esta manera, el equipo de Jorge Almir\u00f3n jugar\u00e1 ante Talleres de C\u00f3rdoba, posiblemente en la fecha FIFA del <a class=\"mh-excerpt-more\" href=\"http:\/\/dsrmedios.com.ar\/diario\/archivos\/39435\" title=\"La reflexi\u00f3n de Jorge Almir\u00f3n que gener\u00f3 pol\u00e9mica tras la victoria de Boca por penales ante Almagro\">[Leer m\u00e1s]<\/a><\/p>\n<\/div>","protected":false},"author":8,"featured_media":39442,"comment_status":"open","ping_status":"closed","sticky":false,"template":"","format":"standard","meta":{"_jetpack_newsletter_access":""},"categories":[2],"tags":[],"jetpack_featured_media_url":"http:\/\/dsrmedios.com.ar\/diario\/wp-content\/uploads\/2023\/09\/jorge-almiron_416x234.webp","jetpack_sharing_enabled":true,"jetpack_shortlink":"https:\/\/wp.me\/p9fihK-ag3","_links":{"self":[{"href":"http:\/\/dsrmedios.com.ar\/diario\/wp-json\/wp\/v2\/posts\/39435"}],"collection":[{"href":"http:\/\/dsrmedios.com.ar\/diario\/wp-json\/wp\/v2\/posts"}],"about":[{"href":"http:\/\/dsrmedios.com.ar\/diario\/wp-json\/wp\/v2\/types\/post"}],"author":[{"embeddable":true,"href":"http:\/\/dsrmedios.com.ar\/diario\/wp-json\/wp\/v2\/users\/8"}],"replies":[{"embeddable":true,"href":"http:\/\/dsrmedios.com.ar\/diario\/wp-json\/wp\/v2\/comments?post=39435"}],"version-history":[{"count":1,"href":"http:\/\/dsrmedios.com.ar\/diario\/wp-json\/wp\/v2\/posts\/39435\/revisions"}],"predecessor-version":[{"id":39443,"href":"http:\/\/dsrmedios.com.ar\/diario\/wp-json\/wp\/v2\/posts\/39435\/revisions\/39443"}],"wp:featuredmedia":[{"embeddable":true,"href":"http:\/\/dsrmedios.com.ar\/diario\/wp-json\/wp\/v2\/media\/39442"}],"wp:attachment":[{"href":"http:\/\/dsrmedios.com.ar\/diario\/wp-json\/wp\/v2\/media?parent=39435"}],"wp:term":[{"taxonomy":"category","embeddable":true,"href":"http:\/\/dsrmedios.com.ar\/diario\/wp-json\/wp\/v2\/categories?post=39435"},{"taxonomy":"post_tag","embeddable":true,"href":"http:\/\/dsrmedios.com.ar\/diario\/wp-json\/wp\/v2\/tags?post=39435"}],"curies":[{"name":"wp","href":"https:\/\/api.w.org\/{rel}","templated":true}]}}