{"id":39375,"date":"2023-09-08T10:11:05","date_gmt":"2023-09-08T13:11:05","guid":{"rendered":"http:\/\/dsrmedios.com.ar\/diario\/?p=39375"},"modified":"2023-09-08T10:11:09","modified_gmt":"2023-09-08T13:11:09","slug":"la-legislatura-portena-aprobo-la-adhesion-a-la-ley-lucio","status":"publish","type":"post","link":"http:\/\/dsrmedios.com.ar\/diario\/archivos\/39375","title":{"rendered":"La Legislatura porte\u00f1a aprob\u00f3 la adhesi\u00f3n a la Ley Lucio"},"content":{"rendered":"\n<p>La&nbsp;<strong>Legislatura de la Ciudad de Buenos Aires<\/strong>&nbsp;aprob\u00f3 por unanimidad la adhesi\u00f3n a la&nbsp;<strong>\u201cLey Lucio\u201d<\/strong>, la normativa que busca prevenir las&nbsp;<strong>violencias y abusos en las infancias<\/strong>&nbsp;que fue aprobada en el&nbsp;<strong>Congreso de la Naci\u00f3n&nbsp;<\/strong>despu\u00e9s del caso de&nbsp;<strong>Lucio Dupuy<\/strong>, el ni\u00f1o de cinco a\u00f1os que fue asesinado a golpes por su madre y su pareja en La Pampa en noviembre de 2021.<\/p>\n\n\n\n<figure class=\"wp-block-image\"><img decoding=\"async\" src=\"https:\/\/www.infobae.com\/new-resizer\/nwSlaCOiLXSY_1sM7kTIKr3UvOY=\/filters:format(webp):quality(85)\/cloudfront-us-east-1.images.arcpublishing.com\/infobae\/RHDF7LTATVAILDVC4DZNHKKJA4.jpg\" alt=\"\"\/><\/figure>\n\n\n\n<p>A partir de la propuesta de los legisladores de&nbsp;<strong>Uni\u00f3n por la Patria&nbsp;<\/strong>Laura Velasco, Mat\u00edas Barroetave\u00f1a, Claudio Ferre\u00f1o, Victoria Montenegro, Claudia Neira, Cecilia Segura Rattagan, Manuel Soc\u00edas y Mar\u00eda Bielli; y de<strong>&nbsp;Juntos por el Cambio&nbsp;<\/strong>Manuela Thourte, Luc\u00eda Romano y Gimena Villafruela, la iniciativa obtuvo la aprobaci\u00f3n necesaria durante la sesi\u00f3n ordinaria que se llev\u00f3 a cabo este jueves en el&nbsp;<strong>Palacio Legislativo<\/strong>.<\/p>\n\n\n\n<p>De esta manera, la Ciudad de Buenos Aires se une a la&nbsp;<strong>ley nacional 27.709<\/strong>&nbsp;de creaci\u00f3n del \u201c<strong>Plan Federal de Capacitaci\u00f3n sobre Derechos de Ni\u00f1os, Ni\u00f1as y Adolescentes<\/strong>\u201d, que obtuvo la sanci\u00f3n el pasado 13 de abril en el Senado de la Naci\u00f3n de forma un\u00e1nime, tras tener el visto bueno en la C\u00e1mara de Diputados.<\/p>\n\n\n\n<p>La conocida \u201cLey Lucio\u201d fue promulgada el pasado 3 de mayo y tiene como objetivo la prevenci\u00f3n y detecci\u00f3n temprana de situaciones de vulneraci\u00f3n de los derechos de ni\u00f1os, ni\u00f1as y adolescentes. La normativa establece que, en un plazo de seis meses desde su publicaci\u00f3n en el Bolet\u00edn Oficial, se cree el plan de detecci\u00f3n a nivel nacional, como tambi\u00e9n llevar a adelante campa\u00f1as de concientizaci\u00f3n sobre las necesidades de los buenos tratos a hijos, hijas, alumnos y alumnas.<\/p>\n\n\n\n<p>En ese sentido, la iniciativa busca que tanto personal docente como m\u00e9dicos y trabajadores sociales conozcan los derechos de los ni\u00f1os, ni\u00f1as y adolescentes. Adem\u00e1s, plantea que deber\u00e1n denunciar si los chicos o chicas sufren abusos o son maltratados.<\/p>\n\n\n\n<p>Asimismo, la reglamentaci\u00f3n establece que haya una protecci\u00f3n para los denunciantes en los casos de posible amenazas o situaciones de vulnerabilidad, procurando \u201cla reserva de identidad del denunciante y la protecci\u00f3n de su integridad\u201d.<\/p>\n\n\n\n<p>En el caso de la Capital Federal, se estableci\u00f3 que haya una capacitaci\u00f3n obligatoria para \u201ctodas aquellas personas que se desempe\u00f1en en \u00e1reas y dependencias de los poderes Ejecutivo, Legislativo y Judicial, cuyas funciones tengan incidencia en la promoci\u00f3n y protecci\u00f3n integral de los derechos de ni\u00f1os, ni\u00f1as y adolescentes\u201d.<\/p>\n\n\n\n<p><img decoding=\"async\" loading=\"lazy\" alt=\"Lucio Dupuy, el nene de cinco a\u00f1os que fue asesinado en La Pampa por su mam\u00e1 y su pareja\" height=\"683\" width=\"1024\" src=\"https:\/\/www.infobae.com\/new-resizer\/IsaW9AKX4l0SRevODYCD9NdGVZ8=\/arc-anglerfish-arc2-prod-infobae\/public\/QK3ESNJYYNETFPHDIA3IAT5H3Y.webp\" srcset=\"https:\/\/www.infobae.com\/new-resizer\/EJ6zGrDrZQ0r1MjEii_C-zOavJs=\/420x280\/filters:format(webp):quality(85)\/cloudfront-us-east-1.images.arcpublishing.com\/infobae\/QK3ESNJYYNETFPHDIA3IAT5H3Y.webp 420w,https:\/\/www.infobae.com\/new-resizer\/MMq3lgRc3AULSWKyk1FKghuusLs=\/768x512\/filters:format(webp):quality(85)\/cloudfront-us-east-1.images.arcpublishing.com\/infobae\/QK3ESNJYYNETFPHDIA3IAT5H3Y.webp 768w,https:\/\/www.infobae.com\/new-resizer\/cqWApxMi0bb_s7IpsfYov04mO44=\/992x661\/filters:format(webp):quality(85)\/cloudfront-us-east-1.images.arcpublishing.com\/infobae\/QK3ESNJYYNETFPHDIA3IAT5H3Y.webp 992w,https:\/\/www.infobae.com\/new-resizer\/QbPv_Pp8zwAHxiMntLaM-8keosk=\/1200x800\/filters:format(webp):quality(85)\/cloudfront-us-east-1.images.arcpublishing.com\/infobae\/QK3ESNJYYNETFPHDIA3IAT5H3Y.webp 1200w,https:\/\/www.infobae.com\/new-resizer\/5I1OkJzMdtT2jvB0ZAiQsmllBuM=\/1440x960\/filters:format(webp):quality(85)\/cloudfront-us-east-1.images.arcpublishing.com\/infobae\/QK3ESNJYYNETFPHDIA3IAT5H3Y.webp 1440w\">Lucio Dupuy, el nene de cinco a\u00f1os que fue asesinado en La Pampa por su mam\u00e1 y su pareja<\/p>\n\n\n\n<p>La ley se estableci\u00f3 en homenaje a&nbsp;<strong>Lucio Dupuy<\/strong>, el ni\u00f1o de cinco a\u00f1os que fue asesinado a golpes por parte de su madre y su pareja, el 26 de noviembre de 2021 en la provincia de La Pampa. La mam\u00e1,&nbsp;<strong>Magdalena Esp\u00f3sito Velnti<\/strong>, fue condenada a reclusi\u00f3n perpetua por&nbsp;<strong>homicidio triplemente calificado<\/strong>, mientras que&nbsp;<strong>Abigail P\u00e1ez<\/strong>, pareja de la mujer, recibi\u00f3 la misma pena por ser considerada culpable de los cr\u00edmenes de&nbsp;<strong>homicidio doblemente calificado&nbsp;<\/strong>y&nbsp;<strong>por abuso sexual con acceso carnal<\/strong>.<\/p>\n\n\n\n<p>El caso caus\u00f3 un fuerte impacto en la sociedad despu\u00e9s de las denuncias que llevaron adelante el abuelo del menor,&nbsp;<strong>Ram\u00f3n Dupuy,<\/strong>&nbsp;junto a&nbsp;<strong>Christian<\/strong>, el pap\u00e1 del nene asesinado. El proyecto, mientras tanto, fue impulsado por el diputado de La Pampa por el PRO,&nbsp;<strong>Mart\u00edn Maquieyra<\/strong>. Luego de conseguir que se apruebe la normativa a nivel nacional, la familia de Lucio viene llevando adelante una campa\u00f1a para que las provincias reglamenten la iniciativa.<\/p>\n\n\n\n<p>Hasta el momento, son doce las provincias que ya adhirieron a la medida, mientras que la Ciudad de Buenos Aires aprob\u00f3 su reglamentaci\u00f3n este mi\u00e9rcoles. Se trata de La Pampa, Tierra del Fuego, R\u00edo Negro, San Luis, Santiago del Estero, Tucum\u00e1n, Catamarca, Jujuy, Salta, Formosa, Misiones y recientemente Chaco, que el pasado mi\u00e9rcoles tambi\u00e9n aprob\u00f3 la medida.<\/p>\n\n\n\n<p>En las siguientes semanas podr\u00eda sumarse\u00a0<strong>Corrientes<\/strong>, que en julio pasado dio la media sanci\u00f3n en la C\u00e1mara de Diputados provincial y podr\u00eda dar la aprobaci\u00f3n final en el Senado local.<\/p>\n\n\n\n<p>Fuente: Infobae<\/p>\n","protected":false},"excerpt":{"rendered":"<div class=\"mh-excerpt\"><p>La&nbsp;Legislatura de la Ciudad de Buenos Aires&nbsp;aprob\u00f3 por unanimidad la adhesi\u00f3n a la&nbsp;\u201cLey Lucio\u201d, la normativa que busca prevenir las&nbsp;violencias y abusos en las infancias&nbsp;que fue aprobada en el&nbsp;Congreso de la Naci\u00f3n&nbsp;despu\u00e9s del caso de&nbsp;Lucio Dupuy, el ni\u00f1o de cinco a\u00f1os que fue asesinado a golpes por su madre y su pareja en La Pampa en noviembre de 2021. A partir de la propuesta de los legisladores de&nbsp;Uni\u00f3n por la Patria&nbsp;Laura Velasco, Mat\u00edas Barroetave\u00f1a, Claudio Ferre\u00f1o, Victoria Montenegro, Claudia Neira, Cecilia Segura Rattagan, Manuel Soc\u00edas y Mar\u00eda Bielli; y de&nbsp;Juntos por el Cambio&nbsp;Manuela Thourte, Luc\u00eda Romano y Gimena Villafruela, la <a class=\"mh-excerpt-more\" href=\"http:\/\/dsrmedios.com.ar\/diario\/archivos\/39375\" title=\"La Legislatura porte\u00f1a aprob\u00f3 la adhesi\u00f3n a la Ley Lucio\">[Leer m\u00e1s]<\/a><\/p>\n<\/div>","protected":false},"author":8,"featured_media":39381,"comment_status":"open","ping_status":"closed","sticky":false,"template":"","format":"standard","meta":{"_jetpack_newsletter_access":""},"categories":[6],"tags":[],"jetpack_featured_media_url":"http:\/\/dsrmedios.com.ar\/diario\/wp-content\/uploads\/2023\/09\/images-70.jpg","jetpack_sharing_enabled":true,"jetpack_shortlink":"https:\/\/wp.me\/p9fihK-af5","_links":{"self":[{"href":"http:\/\/dsrmedios.com.ar\/diario\/wp-json\/wp\/v2\/posts\/39375"}],"collection":[{"href":"http:\/\/dsrmedios.com.ar\/diario\/wp-json\/wp\/v2\/posts"}],"about":[{"href":"http:\/\/dsrmedios.com.ar\/diario\/wp-json\/wp\/v2\/types\/post"}],"author":[{"embeddable":true,"href":"http:\/\/dsrmedios.com.ar\/diario\/wp-json\/wp\/v2\/users\/8"}],"replies":[{"embeddable":true,"href":"http:\/\/dsrmedios.com.ar\/diario\/wp-json\/wp\/v2\/comments?post=39375"}],"version-history":[{"count":1,"href":"http:\/\/dsrmedios.com.ar\/diario\/wp-json\/wp\/v2\/posts\/39375\/revisions"}],"predecessor-version":[{"id":39382,"href":"http:\/\/dsrmedios.com.ar\/diario\/wp-json\/wp\/v2\/posts\/39375\/revisions\/39382"}],"wp:featuredmedia":[{"embeddable":true,"href":"http:\/\/dsrmedios.com.ar\/diario\/wp-json\/wp\/v2\/media\/39381"}],"wp:attachment":[{"href":"http:\/\/dsrmedios.com.ar\/diario\/wp-json\/wp\/v2\/media?parent=39375"}],"wp:term":[{"taxonomy":"category","embeddable":true,"href":"http:\/\/dsrmedios.com.ar\/diario\/wp-json\/wp\/v2\/categories?post=39375"},{"taxonomy":"post_tag","embeddable":true,"href":"http:\/\/dsrmedios.com.ar\/diario\/wp-json\/wp\/v2\/tags?post=39375"}],"curies":[{"name":"wp","href":"https:\/\/api.w.org\/{rel}","templated":true}]}}