{"id":39354,"date":"2023-09-07T10:05:36","date_gmt":"2023-09-07T13:05:36","guid":{"rendered":"http:\/\/dsrmedios.com.ar\/diario\/?p=39354"},"modified":"2023-09-07T10:10:35","modified_gmt":"2023-09-07T13:10:35","slug":"el-gobierno-suspendio-el-plan-ahora-12-para-las-empresas-que-no-suscribieron-acuerdos-de-precios","status":"publish","type":"post","link":"http:\/\/dsrmedios.com.ar\/diario\/archivos\/39354","title":{"rendered":"El Gobierno suspendi\u00f3 el plan Ahora 12 para las empresas que no suscribieron acuerdos de precios"},"content":{"rendered":"\n<p>Las empresas que no acepten suscribir los acuerdos de precios que exige el Gobierno al menos hasta el 31 de octubre no podr\u00e1n vender a trav\u00e9s del plan Ahora 12. La decisi\u00f3n la tom\u00f3 la secretar\u00eda de Comercio, que ya inform\u00f3 que un grupo de compa\u00f1\u00edas vinculadas a la indumentaria, calzado pero tambi\u00e9n electrodom\u00e9sticos que no tendr\u00e1n esta facilidad a la hora de comercializar sus productos.<a rel=\"noreferrer noopener\" href=\"https:\/\/www.infobae.com\/economia\/2023\/09\/07\/alquileres-los-inquilinos-exigiran-en-el-senado-que-se-congelen-los-precios-por-6-meses\/\" target=\"_blank\"><\/a><\/p>\n\n\n\n<p>Se trata de una medida in\u00e9dita, en este caso adoptada por la secretar\u00eda que conduce Mat\u00edas Tombolini, y el objetivo es presionar por todos los caminos posibles para convencer a las empresas. Hasta ahora, la prenda de cambio cuando se negociaba un congelamiento o un sendero de precios era autorizar a las empresas a acceder a d\u00f3lares para las importaciones de insumos. Pero como ya son muy pocas las compa\u00f1\u00edas que acceden a d\u00f3lares oficiales, esta zanahoria dej\u00f3 de ser efectiva, por lo que se opt\u00f3 por medidas m\u00e1s contundentes.<\/p>\n\n\n\n<p>En momentos de una fuerte ca\u00edda de los ingresos, la posibilidad de comprar en 6 o 12 cuotas es clave para vender, sobre todo en rubros como la indumentaria. Por lo tanto, perder el beneficio del Ahora 12 puede resultar un duro golpe para la facturaci\u00f3n de una determinada marca o cadena comercial.<\/p>\n\n\n\n<p>El Gobierno avanz\u00f3 en negociaciones con supermercados y alimenticias para que las remarcaciones de precios no superen el 5% mensual al menos hasta las elecciones. Sin embargo, muchas empresas se negaron a firmar, ya que significar\u00eda vender a p\u00e9rdida luego de la fuerte suba en los costos de los insumos.<\/p>\n\n\n\n<p><img decoding=\"async\" loading=\"lazy\" alt=\"El secretario de Comercio, Mat\u00edas Tombolini\" height=\"1068\" width=\"1920\" src=\"https:\/\/www.infobae.com\/new-resizer\/Qbv4InXQICJutb7z1GpU3VLaAyw=\/arc-anglerfish-arc2-prod-infobae\/public\/MMN2OJHTRVANZMG4OGGLRYHS64.PNG\" srcset=\"https:\/\/www.infobae.com\/new-resizer\/FnxnDGGm9FJc_4TS3P7NScc8Z90=\/420x236\/filters:format(webp):quality(85)\/cloudfront-us-east-1.images.arcpublishing.com\/infobae\/MMN2OJHTRVANZMG4OGGLRYHS64.PNG 420w,https:\/\/www.infobae.com\/new-resizer\/DI31TuaznZwwlnB3sJVSrFe3I_8=\/768x432\/filters:format(webp):quality(85)\/cloudfront-us-east-1.images.arcpublishing.com\/infobae\/MMN2OJHTRVANZMG4OGGLRYHS64.PNG 768w,https:\/\/www.infobae.com\/new-resizer\/zoxCak1D_sar37ZvVtc6aHa3ueo=\/992x558\/filters:format(webp):quality(85)\/cloudfront-us-east-1.images.arcpublishing.com\/infobae\/MMN2OJHTRVANZMG4OGGLRYHS64.PNG 992w,https:\/\/www.infobae.com\/new-resizer\/mt5ZaupkBfkQVjAhkOmtfmZshks=\/1200x675\/filters:format(webp):quality(85)\/cloudfront-us-east-1.images.arcpublishing.com\/infobae\/MMN2OJHTRVANZMG4OGGLRYHS64.PNG 1200w,https:\/\/www.infobae.com\/new-resizer\/3dXEhXWCSD2oVwM8D1kMZtaE-tU=\/1440x810\/filters:format(webp):quality(85)\/cloudfront-us-east-1.images.arcpublishing.com\/infobae\/MMN2OJHTRVANZMG4OGGLRYHS64.PNG 1440w\">El secretario de Comercio, Mat\u00edas Tombolini<\/p>\n\n\n\n<p>En el caso de empresas de electrodom\u00e9sticos, las subas acordadas hasta fin de octubre fueron de 25%, al igual que en el caso de las motos. Con las automotrices, se lleg\u00f3 a un acuerdo para congelar el precio de un modelo de auto econ\u00f3mico por marca, a cambio de destrabar importaciones.<\/p>\n\n\n\n<p>\u201cAl d\u00eda de la fecha, se hace saber que las siguientes empresas no han suscripto el convenio de Precios Justos, motivo por el cual los bienes provistos por ellas no podr\u00e1n ser alcanzados por el financiamiento previsto en el programa Ahora 12\u2033, indica textualmente la nota de la secretar\u00eda de Comercio a la C\u00e1mara de Tarjetas de Cr\u00e9dito y Compra (Atacyc).<\/p>\n\n\n\n<p>La l\u00f3gica detr\u00e1s de esta decisi\u00f3n, que gener\u00f3 mucho ruido sobre todo en el sector de indumentaria, es que el Gobierno deje de subsidiar la compra en cuotas cuando va dirigida a empresas que no se muestran colaborativas en materia de precios.<\/p>\n\n\n\n<blockquote class=\"wp-block-quote\">\n<p>Aquellas empresas que no suscribieron los compromisos para respetar un sendero de precios hasta las elecciones ya no podr\u00e1n vender a trav\u00e9s del programa Ahora 12, lo que representa un fuerte perjuicio para sus ventas, sobre todo cuando se trata de rubros que la gente compra en cuotas, como calzado, ropa o electrodom\u00e9sticos<\/p>\n<\/blockquote>\n\n\n\n<p>El objetivo del ministro y candidato presidencial Sergio Massa es extender todo lo posible los congelamientos y la administraci\u00f3n de precios con el objetivo de llegar con mejores chances a las elecciones presidenciales. La mirada est\u00e1 puesta tambi\u00e9n en el dato de inflaci\u00f3n de septiembre, tras la aceleraci\u00f3n del \u00edndice de agosto, que llegar\u00eda a niveles r\u00e9cord del 11% al 12%. Por eso, la idea es reducirla para que el dato del INDEC arroje nuevamente un d\u00edgito este mes. El dato se conocer\u00e1 el 12 de octubre, diez d\u00edas antes de las elecciones presidenciales.<\/p>\n\n\n\n<p>Sin embargo, hay dificultades en esa b\u00fasqueda de reducir la inflaci\u00f3n, ya que los costos de las empresas aumentaron fuerte con devaluaci\u00f3n de agosto. Y a eso se agregan las paritarias y la suma fija para los salarios que dispuso el Gobierno por decreto. Esta situaci\u00f3n provoca que muchas empresas se vean obligadas a vender sin rentabilidad o directamente a p\u00e9rdida, lo que explica la resistencia entre los ejecutivos por suscribir los acuerdos de precios.<\/p>\n\n\n\n<p>En los \u00faltimos d\u00edas se cerraron acuerdos para congelar precios de combustibles, prepagas, medicamentos, las tarifas de colectivos, trenes y posiblemente luz y gas, a pesar de las promesas efectuadas en sentido contrario al FMI.<\/p>\n\n\n\n<p>Fuente: INFOBAE<\/p>\n","protected":false},"excerpt":{"rendered":"<div class=\"mh-excerpt\"><p>Las empresas que no acepten suscribir los acuerdos de precios que exige el Gobierno al menos hasta el 31 de octubre no podr\u00e1n vender a trav\u00e9s del plan Ahora 12. La decisi\u00f3n la tom\u00f3 la secretar\u00eda de Comercio, que ya inform\u00f3 que un grupo de compa\u00f1\u00edas vinculadas a la indumentaria, calzado pero tambi\u00e9n electrodom\u00e9sticos que no tendr\u00e1n esta facilidad a la hora de comercializar sus productos. Se trata de una medida in\u00e9dita, en este caso adoptada por la secretar\u00eda que conduce Mat\u00edas Tombolini, y el objetivo es presionar por todos los caminos posibles para convencer a las empresas. Hasta ahora, <a class=\"mh-excerpt-more\" href=\"http:\/\/dsrmedios.com.ar\/diario\/archivos\/39354\" title=\"El Gobierno suspendi\u00f3 el plan Ahora 12 para las empresas que no suscribieron acuerdos de precios\">[Leer m\u00e1s]<\/a><\/p>\n<\/div>","protected":false},"author":8,"featured_media":39358,"comment_status":"open","ping_status":"closed","sticky":false,"template":"","format":"standard","meta":{"_jetpack_newsletter_access":""},"categories":[6],"tags":[],"jetpack_featured_media_url":"http:\/\/dsrmedios.com.ar\/diario\/wp-content\/uploads\/2023\/09\/images-68.jpg","jetpack_sharing_enabled":true,"jetpack_shortlink":"https:\/\/wp.me\/p9fihK-aeK","_links":{"self":[{"href":"http:\/\/dsrmedios.com.ar\/diario\/wp-json\/wp\/v2\/posts\/39354"}],"collection":[{"href":"http:\/\/dsrmedios.com.ar\/diario\/wp-json\/wp\/v2\/posts"}],"about":[{"href":"http:\/\/dsrmedios.com.ar\/diario\/wp-json\/wp\/v2\/types\/post"}],"author":[{"embeddable":true,"href":"http:\/\/dsrmedios.com.ar\/diario\/wp-json\/wp\/v2\/users\/8"}],"replies":[{"embeddable":true,"href":"http:\/\/dsrmedios.com.ar\/diario\/wp-json\/wp\/v2\/comments?post=39354"}],"version-history":[{"count":1,"href":"http:\/\/dsrmedios.com.ar\/diario\/wp-json\/wp\/v2\/posts\/39354\/revisions"}],"predecessor-version":[{"id":39355,"href":"http:\/\/dsrmedios.com.ar\/diario\/wp-json\/wp\/v2\/posts\/39354\/revisions\/39355"}],"wp:featuredmedia":[{"embeddable":true,"href":"http:\/\/dsrmedios.com.ar\/diario\/wp-json\/wp\/v2\/media\/39358"}],"wp:attachment":[{"href":"http:\/\/dsrmedios.com.ar\/diario\/wp-json\/wp\/v2\/media?parent=39354"}],"wp:term":[{"taxonomy":"category","embeddable":true,"href":"http:\/\/dsrmedios.com.ar\/diario\/wp-json\/wp\/v2\/categories?post=39354"},{"taxonomy":"post_tag","embeddable":true,"href":"http:\/\/dsrmedios.com.ar\/diario\/wp-json\/wp\/v2\/tags?post=39354"}],"curies":[{"name":"wp","href":"https:\/\/api.w.org\/{rel}","templated":true}]}}