{"id":39353,"date":"2023-09-07T10:07:14","date_gmt":"2023-09-07T13:07:14","guid":{"rendered":"http:\/\/dsrmedios.com.ar\/diario\/?p=39353"},"modified":"2023-09-07T10:07:17","modified_gmt":"2023-09-07T13:07:17","slug":"inquilinos-exponen-en-el-senado-sobre-la-reforma-de-la-ley-de-alquileres","status":"publish","type":"post","link":"http:\/\/dsrmedios.com.ar\/diario\/archivos\/39353","title":{"rendered":"Inquilinos exponen en el Senado sobre la reforma de la Ley de Alquileres"},"content":{"rendered":"\n<p>Asociaciones de inquilinos expondr\u00e1n este jueves ante un plenario de las comisiones de Legislaci\u00f3n General y de Presupuesto y Hacienda del Senado, en la discusi\u00f3n de la reforma a la ley de alquileres, que ya cuenta con media sanci\u00f3n de Diputados.<\/p>\n\n\n\n<p>La discusi\u00f3n sobre el tema iniciada este mi\u00e9rcoles con representantes del sector inmobiliario continuar\u00e1 la ma\u00f1ana de este jueves.<\/p>\n\n\n\n<p>Si bien coincidieron en la intenci\u00f3n de acelerar la emisi\u00f3n de dictamen, aunque con criterios distintos.<\/p>\n\n\n\n<p>Mientras la&nbsp;<strong>oposici\u00f3n<\/strong>&nbsp;pretende&nbsp;<strong>aprobar la iniciativa tal como vino de Diputados<\/strong>, y convertirla en ley en la pr\u00f3xima sesi\u00f3n; el&nbsp;<strong>oficialismo quiere introducirle modificaciones<\/strong>, por lo que deber\u00eda regresar en revisi\u00f3n a la C\u00e1mara baja para su sanci\u00f3n definitiva.<\/p>\n\n\n\n<figure class=\"wp-block-image\"><a href=\"javascript:void(0);\"><img decoding=\"async\" src=\"https:\/\/www.telam.com.ar\/thumbs\/bluesteel\/advf\/imagenes\/2023\/09\/64f8f9761211b_1200.jpg\" alt=\"Los legisladores del oficialismo y de la oposicin en especial de Juntos por el Cambio volvieron mantener fuertes cruces en la reunin\"\/><\/a><figcaption class=\"wp-element-caption\">Los legisladores del oficialismo y de la oposici\u00f3n -en especial de Juntos por el Cambio- volvieron mantener fuertes cruces en la reuni\u00f3n.<\/figcaption><\/figure>\n\n\n\n<p>Virginia Manzotti, de la Confederaci\u00f3n Federal de Corredores Inmobiliarios (Cofeci), dijo que la situaci\u00f3n del mercado &#8220;se est\u00e1 agravando mientras se espera la aprobaci\u00f3n de la norma&#8221; y reclam\u00f3 &#8220;celeridad&#8221; para la sanci\u00f3n.<\/p>\n\n\n\n<p>Otro de los expositores invitados, Dami\u00e1n Tabakman, de la C\u00e1mara Empresaria de Desarrolladores Urbanos, evalu\u00f3 que \u201csi la gente no compra, nadie va a fabricar, entonces no se construye\u201d y agreg\u00f3 que \u201csi no se construye, habr\u00e1 menos oferta de viviendas\u201d.<\/p>\n\n\n\n<p>Leonardo Rodr\u00edguez Nader, de la Asociaci\u00f3n de Empresarios de la Vivienda, dijo que \u201caunque no hay cifras oficiales, el d\u00e9ficit habitacional est\u00e1 por encima de un mill\u00f3n de viviendas, lo que repercute en sectores medios y bajos\u201d.<\/p>\n\n\n\n<p>Fuente: TELAM<\/p>\n","protected":false},"excerpt":{"rendered":"<div class=\"mh-excerpt\"><p>Asociaciones de inquilinos expondr\u00e1n este jueves ante un plenario de las comisiones de Legislaci\u00f3n General y de Presupuesto y Hacienda del Senado, en la discusi\u00f3n de la reforma a la ley de alquileres, que ya cuenta con media sanci\u00f3n de Diputados. La discusi\u00f3n sobre el tema iniciada este mi\u00e9rcoles con representantes del sector inmobiliario continuar\u00e1 la ma\u00f1ana de este jueves. Si bien coincidieron en la intenci\u00f3n de acelerar la emisi\u00f3n de dictamen, aunque con criterios distintos. Mientras la&nbsp;oposici\u00f3n&nbsp;pretende&nbsp;aprobar la iniciativa tal como vino de Diputados, y convertirla en ley en la pr\u00f3xima sesi\u00f3n; el&nbsp;oficialismo quiere introducirle modificaciones, por lo que <a class=\"mh-excerpt-more\" href=\"http:\/\/dsrmedios.com.ar\/diario\/archivos\/39353\" title=\"Inquilinos exponen en el Senado sobre la reforma de la Ley de Alquileres\">[Leer m\u00e1s]<\/a><\/p>\n<\/div>","protected":false},"author":8,"featured_media":39356,"comment_status":"open","ping_status":"closed","sticky":false,"template":"","format":"standard","meta":{"_jetpack_newsletter_access":""},"categories":[6],"tags":[],"jetpack_featured_media_url":"http:\/\/dsrmedios.com.ar\/diario\/wp-content\/uploads\/2023\/09\/64f8f9761211b_450.jpg","jetpack_sharing_enabled":true,"jetpack_shortlink":"https:\/\/wp.me\/p9fihK-aeJ","_links":{"self":[{"href":"http:\/\/dsrmedios.com.ar\/diario\/wp-json\/wp\/v2\/posts\/39353"}],"collection":[{"href":"http:\/\/dsrmedios.com.ar\/diario\/wp-json\/wp\/v2\/posts"}],"about":[{"href":"http:\/\/dsrmedios.com.ar\/diario\/wp-json\/wp\/v2\/types\/post"}],"author":[{"embeddable":true,"href":"http:\/\/dsrmedios.com.ar\/diario\/wp-json\/wp\/v2\/users\/8"}],"replies":[{"embeddable":true,"href":"http:\/\/dsrmedios.com.ar\/diario\/wp-json\/wp\/v2\/comments?post=39353"}],"version-history":[{"count":1,"href":"http:\/\/dsrmedios.com.ar\/diario\/wp-json\/wp\/v2\/posts\/39353\/revisions"}],"predecessor-version":[{"id":39357,"href":"http:\/\/dsrmedios.com.ar\/diario\/wp-json\/wp\/v2\/posts\/39353\/revisions\/39357"}],"wp:featuredmedia":[{"embeddable":true,"href":"http:\/\/dsrmedios.com.ar\/diario\/wp-json\/wp\/v2\/media\/39356"}],"wp:attachment":[{"href":"http:\/\/dsrmedios.com.ar\/diario\/wp-json\/wp\/v2\/media?parent=39353"}],"wp:term":[{"taxonomy":"category","embeddable":true,"href":"http:\/\/dsrmedios.com.ar\/diario\/wp-json\/wp\/v2\/categories?post=39353"},{"taxonomy":"post_tag","embeddable":true,"href":"http:\/\/dsrmedios.com.ar\/diario\/wp-json\/wp\/v2\/tags?post=39353"}],"curies":[{"name":"wp","href":"https:\/\/api.w.org\/{rel}","templated":true}]}}