{"id":39331,"date":"2023-09-06T17:43:27","date_gmt":"2023-09-06T20:43:27","guid":{"rendered":"http:\/\/dsrmedios.com.ar\/diario\/?p=39331"},"modified":"2023-09-06T17:43:31","modified_gmt":"2023-09-06T20:43:31","slug":"la-provincia-de-buenos-aires-otorgara-subsidios-y-creditos-a-tasa-cero-a-comerciantes","status":"publish","type":"post","link":"http:\/\/dsrmedios.com.ar\/diario\/archivos\/39331","title":{"rendered":"&#8220;La provincia de Buenos Aires otorgar\u00e1 subsidios y cr\u00e9ditos a tasa cero a comerciantes&#8221;"},"content":{"rendered":"\n<p>El ministro de Producci\u00f3n bonaerense,&nbsp;<strong>Augusto Costa<\/strong>, ratific\u00f3 este jueves que&nbsp;<strong>el gobierno de la provincia de Buenos Aires otorgar\u00e1 subsidios de hasta dos millones de pesos para que los comerciantes cuyos locales sufrieron robos organizados puedan reparar da\u00f1os<\/strong>&nbsp;y especific\u00f3 que se les brindar\u00e1 la posibilidad de acceder a&nbsp;<strong>cr\u00e9ditos&nbsp;<\/strong>del Banco Provincia de hasta tres millones a tasa subsidiada para poder reponer mercader\u00eda.<\/p>\n\n\n\n<p>En declaraciones formuladas a Radio 10, el funcionario se refiri\u00f3 a los desmanes sufridos en comercios y supermercados de diferentes ciudades del Conurbano bonaerense y analiz\u00f3 que &#8220;hay una clara respuesta por parte del Estado&#8221;.<\/p>\n\n\n\n<p>&#8220;En la provincia de Buenos Aires,&nbsp;<strong>el gobernador Axel Kicillof se puso al frente de la situaci\u00f3n junto al ministro de Seguridad, Sergio Berni, y las fuerzas de seguridad interviniendo para que estas acciones planificadas avancen<\/strong>&#8220;, evalu\u00f3 Costa y manifest\u00f3 que &#8220;se pudieron desactivar muchas situaciones y, en otros casos, lamentablemente hubo comercios que sufrieron robos y destrozos&#8221;.<\/p>\n\n\n\n<p>El funcionario precis\u00f3, tal como hab\u00eda adelantado el mi\u00e9rcoles a T\u00e9lam, que desde el gobierno se lleva a cabo &#8220;un&nbsp;<strong>relevamiento donde se hayan producido estos hechos, para identificar junto a cada uno de los intendentes los locales afectados<\/strong>&#8220;.<\/p>\n\n\n\n<figure class=\"wp-block-image\"><a href=\"javascript:void(0);\"><img decoding=\"async\" src=\"https:\/\/www.telam.com.ar\/thumbs\/bluesteel\/advf\/imagenes\/2023\/08\/64e629e3a4206_1200.jpg\" alt=\"Foto Pablo Aeli\"\/><\/a><figcaption class=\"wp-element-caption\">Foto: Pablo A\u00f1eli.<\/figcaption><\/figure>\n\n\n\n<p>En ese marco, precis\u00f3 que llevan contabilizados 20 establecimientos, entre grandes cadenas, supermercados chinos y almacenes, &#8220;que sufrieron robos o ataques en diferentes municipios&#8221; y destac\u00f3 que &#8220;ahora los vamos a acompa\u00f1ar desde la naci\u00f3n, como anunci\u00f3 el ministro Sergio Massa, y desde la provincia&#8221;.<\/p>\n\n\n\n<p>Especific\u00f3 que la l\u00ednea de apoyo de la provincia &#8220;consiste en un subsidio para reparar da\u00f1os o equipamiento afectado y la posibilidad de acceder a un cr\u00e9dito del Banco Provincia a tasa subsidiada para poder reponer mercader\u00eda&#8221; y a\u00f1adi\u00f3 que&nbsp;<strong>primero deber\u00e1 identificarse &#8220;el total de los da\u00f1os de los comercios afectados&#8221;.<\/strong><\/p>\n\n\n\n<p>Costa sostuvo que el monto del subsidio &#8220;ser\u00e1 de dos millones de pesos para acompa\u00f1ar en las reparaciones y l\u00edneas de cr\u00e9ditos de hasta 3 millones de pesos para que quienes se vieron afectados por esta situaci\u00f3n puedan reponer mercader\u00eda&#8221;.<\/p>\n\n\n\n<p>&#8220;Entendemos que&nbsp;<strong>permitir\u00e1 que parte del da\u00f1o sufrido se pueda aliviar y r\u00e1pidamente los comercios puedan trabajar como corresponde<\/strong>&#8220;, indic\u00f3 el titular de la cartera productiva.<\/p>\n\n\n\n<figure class=\"wp-block-image\"><a href=\"javascript:void(0);\"><img decoding=\"async\" src=\"https:\/\/www.telam.com.ar\/thumbs\/bluesteel\/advf\/imagenes\/2023\/08\/64e698310a04e_1200.jpg\" alt=\"Foto Prensa\"\/><\/a><figcaption class=\"wp-element-caption\">Foto: Prensa<\/figcaption><\/figure>\n\n\n\n<p>En igual sentido, en la noche del mi\u00e9rcoles el ministro de Econom\u00eda y candidato presidencial de Uni\u00f3n por la Patria (UxP),&nbsp;<strong>Sergio Massa<\/strong>, anunci\u00f3 desde Washington que habr\u00e1<strong>&nbsp;&#8220;reembolsos&#8221; para los comerciantes que en los \u00faltimos d\u00edas sufrieron robos en distintos puntos del pa\u00eds<\/strong>.<\/p>\n\n\n\n<p>En conferencia de prensa, Massa anunci\u00f3 que instruy\u00f3 a la Secretar\u00eda de Industria de la carera econ\u00f3mica para que a &#8220;cada uno de los comerciantes atacados en Neuqu\u00e9n, Buenos Aires, R\u00edo Negro, C\u00f3rdoba y Mendoza, y que tengan la denuncia realizada y una constataci\u00f3n de las p\u00e9rdidas, se le haga un aporte no reembolsable de hasta 7 millones de pesos para recuperar el capital de trabajo&#8221;.<\/p>\n\n\n\n<p>El funcionario se\u00f1al\u00f3 que &#8220;la gente de trabajo que fue v\u00edctima de un delito tiene que ver en el Estado su capacidad de respuesta y protecci\u00f3n&#8221;.<\/p>\n\n\n\n<p>Fuente: TELAM<\/p>\n","protected":false},"excerpt":{"rendered":"<div class=\"mh-excerpt\"><p>El ministro de Producci\u00f3n bonaerense,&nbsp;Augusto Costa, ratific\u00f3 este jueves que&nbsp;el gobierno de la provincia de Buenos Aires otorgar\u00e1 subsidios de hasta dos millones de pesos para que los comerciantes cuyos locales sufrieron robos organizados puedan reparar da\u00f1os&nbsp;y especific\u00f3 que se les brindar\u00e1 la posibilidad de acceder a&nbsp;cr\u00e9ditos&nbsp;del Banco Provincia de hasta tres millones a tasa subsidiada para poder reponer mercader\u00eda. En declaraciones formuladas a Radio 10, el funcionario se refiri\u00f3 a los desmanes sufridos en comercios y supermercados de diferentes ciudades del Conurbano bonaerense y analiz\u00f3 que &#8220;hay una clara respuesta por parte del Estado&#8221;. &#8220;En la provincia de Buenos <a class=\"mh-excerpt-more\" href=\"http:\/\/dsrmedios.com.ar\/diario\/archivos\/39331\" title=\"&#8220;La provincia de Buenos Aires otorgar\u00e1 subsidios y cr\u00e9ditos a tasa cero a comerciantes&#8221;\">[Leer m\u00e1s]<\/a><\/p>\n<\/div>","protected":false},"author":8,"featured_media":39332,"comment_status":"open","ping_status":"closed","sticky":false,"template":"","format":"standard","meta":{"_jetpack_newsletter_access":""},"categories":[7],"tags":[],"jetpack_featured_media_url":"http:\/\/dsrmedios.com.ar\/diario\/wp-content\/uploads\/2023\/09\/64e629e37e4dd_450.jpg","jetpack_sharing_enabled":true,"jetpack_shortlink":"https:\/\/wp.me\/p9fihK-aen","_links":{"self":[{"href":"http:\/\/dsrmedios.com.ar\/diario\/wp-json\/wp\/v2\/posts\/39331"}],"collection":[{"href":"http:\/\/dsrmedios.com.ar\/diario\/wp-json\/wp\/v2\/posts"}],"about":[{"href":"http:\/\/dsrmedios.com.ar\/diario\/wp-json\/wp\/v2\/types\/post"}],"author":[{"embeddable":true,"href":"http:\/\/dsrmedios.com.ar\/diario\/wp-json\/wp\/v2\/users\/8"}],"replies":[{"embeddable":true,"href":"http:\/\/dsrmedios.com.ar\/diario\/wp-json\/wp\/v2\/comments?post=39331"}],"version-history":[{"count":1,"href":"http:\/\/dsrmedios.com.ar\/diario\/wp-json\/wp\/v2\/posts\/39331\/revisions"}],"predecessor-version":[{"id":39333,"href":"http:\/\/dsrmedios.com.ar\/diario\/wp-json\/wp\/v2\/posts\/39331\/revisions\/39333"}],"wp:featuredmedia":[{"embeddable":true,"href":"http:\/\/dsrmedios.com.ar\/diario\/wp-json\/wp\/v2\/media\/39332"}],"wp:attachment":[{"href":"http:\/\/dsrmedios.com.ar\/diario\/wp-json\/wp\/v2\/media?parent=39331"}],"wp:term":[{"taxonomy":"category","embeddable":true,"href":"http:\/\/dsrmedios.com.ar\/diario\/wp-json\/wp\/v2\/categories?post=39331"},{"taxonomy":"post_tag","embeddable":true,"href":"http:\/\/dsrmedios.com.ar\/diario\/wp-json\/wp\/v2\/tags?post=39331"}],"curies":[{"name":"wp","href":"https:\/\/api.w.org\/{rel}","templated":true}]}}