{"id":39326,"date":"2023-09-06T17:38:45","date_gmt":"2023-09-06T20:38:45","guid":{"rendered":"http:\/\/dsrmedios.com.ar\/diario\/?p=39326"},"modified":"2023-09-07T09:52:53","modified_gmt":"2023-09-07T12:52:53","slug":"campana-de-vacunacion-y-desparasitacion-en-carhue-3","status":"publish","type":"post","link":"http:\/\/dsrmedios.com.ar\/diario\/archivos\/39326","title":{"rendered":"Campa\u00f1a de Vacunaci\u00f3n y Desparasitaci\u00f3n en Carhu\u00e9"},"content":{"rendered":"\n<p>La Municipalidad de Adolfo Alsina lleva adelante desde el 31 de agosto la&nbsp;campa\u00f1a de vacunaci\u00f3n y desparasitaci\u00f3n&nbsp;en Carhu\u00e9.<\/p>\n\n\n\n<p><br>Vacunaci\u00f3n antirr\u00e1bica anual a partir de los 3 meses de edad del animal.<br>Desparasitaci\u00f3n a partir de los 45 d\u00edas.<\/p>\n\n\n\n<p><br><strong>Cronograma por b<\/strong><strong>arrios:<\/strong><\/p>\n\n\n\n<p><br>7&nbsp;de septiembre: Plaza Nicol\u00e1s Levalle de&nbsp;11&nbsp;a&nbsp;15&nbsp;hs.<br>12&nbsp;de septiembre:&nbsp;Las Rosetas&nbsp;de&nbsp;13&nbsp;a&nbsp;15&nbsp;hs.<br>14&nbsp;de septiembre:&nbsp;detr\u00e1s del&nbsp;C.E.F.&nbsp;N.\u00ba 28&nbsp;(Parque)&nbsp;de&nbsp;11&nbsp;a&nbsp;13&nbsp;hs.<br>21&nbsp;de septiembre:&nbsp;Barrio La Boca&nbsp;13 A 15&nbsp;hs.<br>27&nbsp;de septiembre: Villa Rosa de&nbsp;13 a 15&nbsp;hs.<br>28&nbsp;de septiembre:&nbsp;Barrio Arturo Illia de&nbsp;11&nbsp;a&nbsp;15&nbsp;hs.<br>5&nbsp;de octubre:&nbsp;Villa Azul&nbsp;de&nbsp;11 A 13&nbsp;hs.<\/p>\n","protected":false},"excerpt":{"rendered":"<div class=\"mh-excerpt\"><p>La Municipalidad de Adolfo Alsina lleva adelante desde el 31 de agosto la&nbsp;campa\u00f1a de vacunaci\u00f3n y desparasitaci\u00f3n&nbsp;en Carhu\u00e9. Vacunaci\u00f3n antirr\u00e1bica anual a partir de los 3 meses de edad del animal.Desparasitaci\u00f3n a partir de los 45 d\u00edas. Cronograma por barrios: 7&nbsp;de septiembre: Plaza Nicol\u00e1s Levalle de&nbsp;11&nbsp;a&nbsp;15&nbsp;hs.12&nbsp;de septiembre:&nbsp;Las Rosetas&nbsp;de&nbsp;13&nbsp;a&nbsp;15&nbsp;hs.14&nbsp;de septiembre:&nbsp;detr\u00e1s del&nbsp;C.E.F.&nbsp;N.\u00ba 28&nbsp;(Parque)&nbsp;de&nbsp;11&nbsp;a&nbsp;13&nbsp;hs.21&nbsp;de septiembre:&nbsp;Barrio La Boca&nbsp;13 A 15&nbsp;hs.27&nbsp;de septiembre: Villa Rosa de&nbsp;13 a 15&nbsp;hs.28&nbsp;de septiembre:&nbsp;Barrio Arturo Illia de&nbsp;11&nbsp;a&nbsp;15&nbsp;hs.5&nbsp;de octubre:&nbsp;Villa Azul&nbsp;de&nbsp;11 A 13&nbsp;hs.<\/p>\n<\/div>","protected":false},"author":8,"featured_media":23747,"comment_status":"open","ping_status":"closed","sticky":false,"template":"","format":"standard","meta":{"_jetpack_newsletter_access":""},"categories":[18,31,5],"tags":[],"jetpack_featured_media_url":"http:\/\/dsrmedios.com.ar\/diario\/wp-content\/uploads\/2021\/05\/vacunanado.jpg","jetpack_sharing_enabled":true,"jetpack_shortlink":"https:\/\/wp.me\/p9fihK-aei","_links":{"self":[{"href":"http:\/\/dsrmedios.com.ar\/diario\/wp-json\/wp\/v2\/posts\/39326"}],"collection":[{"href":"http:\/\/dsrmedios.com.ar\/diario\/wp-json\/wp\/v2\/posts"}],"about":[{"href":"http:\/\/dsrmedios.com.ar\/diario\/wp-json\/wp\/v2\/types\/post"}],"author":[{"embeddable":true,"href":"http:\/\/dsrmedios.com.ar\/diario\/wp-json\/wp\/v2\/users\/8"}],"replies":[{"embeddable":true,"href":"http:\/\/dsrmedios.com.ar\/diario\/wp-json\/wp\/v2\/comments?post=39326"}],"version-history":[{"count":2,"href":"http:\/\/dsrmedios.com.ar\/diario\/wp-json\/wp\/v2\/posts\/39326\/revisions"}],"predecessor-version":[{"id":39343,"href":"http:\/\/dsrmedios.com.ar\/diario\/wp-json\/wp\/v2\/posts\/39326\/revisions\/39343"}],"wp:featuredmedia":[{"embeddable":true,"href":"http:\/\/dsrmedios.com.ar\/diario\/wp-json\/wp\/v2\/media\/23747"}],"wp:attachment":[{"href":"http:\/\/dsrmedios.com.ar\/diario\/wp-json\/wp\/v2\/media?parent=39326"}],"wp:term":[{"taxonomy":"category","embeddable":true,"href":"http:\/\/dsrmedios.com.ar\/diario\/wp-json\/wp\/v2\/categories?post=39326"},{"taxonomy":"post_tag","embeddable":true,"href":"http:\/\/dsrmedios.com.ar\/diario\/wp-json\/wp\/v2\/tags?post=39326"}],"curies":[{"name":"wp","href":"https:\/\/api.w.org\/{rel}","templated":true}]}}