{"id":39308,"date":"2023-09-06T10:30:06","date_gmt":"2023-09-06T13:30:06","guid":{"rendered":"http:\/\/dsrmedios.com.ar\/diario\/?p=39308"},"modified":"2023-09-06T10:30:10","modified_gmt":"2023-09-06T13:30:10","slug":"boxeo-maravilla-martinez-esta-al-borde-de-su-retiro","status":"publish","type":"post","link":"http:\/\/dsrmedios.com.ar\/diario\/archivos\/39308","title":{"rendered":"Boxeo: Maravilla Mart\u00ednez est\u00e1 al borde de su retiro"},"content":{"rendered":"\n<p><strong>Sergio \u201cMaravilla\u201d Mart\u00ednez<\/strong>&nbsp;desliz\u00f3 que est\u00e1 pr\u00e1cticamente al borde de colgar los guantes, luego de frustrarse la anunciada pelea del 25 de noviembre pr\u00f3ximo con el italiano Etinosa Oliha por el t\u00edtulo mundial mediano de la IBO (Organizaci\u00f3n Internacional de Boxeo).<\/p>\n\n\n\n<p>Mart\u00ednez dio a entender que influy\u00f3 una mano negra de su propio manager,&nbsp;<strong>Elvis Grant, con quien estaba disgustado desde los d\u00edas<\/strong>&nbsp;previos a su presentaci\u00f3n en el Luna Park.<\/p>\n\n\n\n<p>\u201cGrant es un tipo bravo. Cinco d\u00edas antes de pelear en el Luna me hab\u00eda ordenado de malos modos que no peleara, a lo cual me negu\u00e9 porque quer\u00eda honrar mi compromiso con los organizadores de la velada, la gente de ESPN\u201d, explic\u00f3 Mart\u00ednez.<\/p>\n\n\n\n<p>El ex campe\u00f3n mundial superwelter y mediano a\u00f1adi\u00f3 que: \u201cDesde entonces no hablamos y como \u00e9l tiene amigos en la IBO, chau pelea por el t\u00edtulo, ese sue\u00f1o se esfum\u00f3\u201d.<\/p>\n\n\n\n<h2>C\u00f3mo est\u00e1 Maravilla Mart\u00ednez<\/h2>\n\n\n\n<p>Consultado por los estados de \u00e1nimo que promovi\u00f3 semejante noticia, \u201cMaravilla\u201d detall\u00f3: &#8220;Me cay\u00f3 mal y estuve amargado y triste el viernes pasado. Y tambi\u00e9n parte del s\u00e1bado. Hasta&nbsp;me dije que jam\u00e1s volver\u00eda a meterme otra vez en un gimnasio, pero el domingo ya me sent\u00ed mejor y se me pas\u00f3\u201d.<\/p>\n\n\n\n<p>De 48 a\u00f1os y una relevante foja de 57-3-2, Mart\u00ednez interpret\u00f3 como t\u00e1cito que acaso ya sea un boxeador retirado: \u201cLa edad influye, claro, eso complico todo, pero tambi\u00e9n influye para tomarme esto como lo que es: un mal trago. Llevo 28 a\u00f1os en el boxeo y aunque no me las s\u00e9 todas, nadie se las sabe todas, s\u00e9 que en el boxeo internacional muchas cosas se manejan por amiguismos, simpat\u00edas y antipat\u00edas\u201d.<\/p>\n\n\n\n<p>Reci\u00e9n llegado de su fajina de entrenamiento, el quilme\u00f1o subray\u00f3: &#8220;Volv\u00ed al gimnasio y seguir\u00e9 yendo. Necesito sentirme bien y verme bien. No me permito estar con 25 kilos de sobrepeso, salvo que, por ejemplo, sea la exigencia para trabajar en una pel\u00edcula\u201d.<\/p>\n\n\n\n<p>Por \u00faltimo, admiti\u00f3: &#8220;Por ahora estoy afuera del boxeo, aunque nadie sabe. Todo lo que venga en ese sentido ser\u00e1 un regalo del cielo. Entretanto, mi cabeza est\u00e1 en el casting que hice para una serie. Estoy esperando novedades\u201d.<\/p>\n\n\n\n<p>Fuente: MINUTOUNO<\/p>\n","protected":false},"excerpt":{"rendered":"<div class=\"mh-excerpt\"><p>Sergio \u201cMaravilla\u201d Mart\u00ednez&nbsp;desliz\u00f3 que est\u00e1 pr\u00e1cticamente al borde de colgar los guantes, luego de frustrarse la anunciada pelea del 25 de noviembre pr\u00f3ximo con el italiano Etinosa Oliha por el t\u00edtulo mundial mediano de la IBO (Organizaci\u00f3n Internacional de Boxeo). Mart\u00ednez dio a entender que influy\u00f3 una mano negra de su propio manager,&nbsp;Elvis Grant, con quien estaba disgustado desde los d\u00edas&nbsp;previos a su presentaci\u00f3n en el Luna Park. \u201cGrant es un tipo bravo. Cinco d\u00edas antes de pelear en el Luna me hab\u00eda ordenado de malos modos que no peleara, a lo cual me negu\u00e9 porque quer\u00eda honrar mi compromiso <a class=\"mh-excerpt-more\" href=\"http:\/\/dsrmedios.com.ar\/diario\/archivos\/39308\" title=\"Boxeo: Maravilla Mart\u00ednez est\u00e1 al borde de su retiro\">[Leer m\u00e1s]<\/a><\/p>\n<\/div>","protected":false},"author":8,"featured_media":39314,"comment_status":"open","ping_status":"closed","sticky":false,"template":"","format":"standard","meta":{"_jetpack_newsletter_access":""},"categories":[2],"tags":[],"jetpack_featured_media_url":"http:\/\/dsrmedios.com.ar\/diario\/wp-content\/uploads\/2023\/09\/descarga-45.jpg","jetpack_sharing_enabled":true,"jetpack_shortlink":"https:\/\/wp.me\/p9fihK-ae0","_links":{"self":[{"href":"http:\/\/dsrmedios.com.ar\/diario\/wp-json\/wp\/v2\/posts\/39308"}],"collection":[{"href":"http:\/\/dsrmedios.com.ar\/diario\/wp-json\/wp\/v2\/posts"}],"about":[{"href":"http:\/\/dsrmedios.com.ar\/diario\/wp-json\/wp\/v2\/types\/post"}],"author":[{"embeddable":true,"href":"http:\/\/dsrmedios.com.ar\/diario\/wp-json\/wp\/v2\/users\/8"}],"replies":[{"embeddable":true,"href":"http:\/\/dsrmedios.com.ar\/diario\/wp-json\/wp\/v2\/comments?post=39308"}],"version-history":[{"count":1,"href":"http:\/\/dsrmedios.com.ar\/diario\/wp-json\/wp\/v2\/posts\/39308\/revisions"}],"predecessor-version":[{"id":39315,"href":"http:\/\/dsrmedios.com.ar\/diario\/wp-json\/wp\/v2\/posts\/39308\/revisions\/39315"}],"wp:featuredmedia":[{"embeddable":true,"href":"http:\/\/dsrmedios.com.ar\/diario\/wp-json\/wp\/v2\/media\/39314"}],"wp:attachment":[{"href":"http:\/\/dsrmedios.com.ar\/diario\/wp-json\/wp\/v2\/media?parent=39308"}],"wp:term":[{"taxonomy":"category","embeddable":true,"href":"http:\/\/dsrmedios.com.ar\/diario\/wp-json\/wp\/v2\/categories?post=39308"},{"taxonomy":"post_tag","embeddable":true,"href":"http:\/\/dsrmedios.com.ar\/diario\/wp-json\/wp\/v2\/tags?post=39308"}],"curies":[{"name":"wp","href":"https:\/\/api.w.org\/{rel}","templated":true}]}}