{"id":39304,"date":"2023-09-06T10:24:55","date_gmt":"2023-09-06T13:24:55","guid":{"rendered":"http:\/\/dsrmedios.com.ar\/diario\/?p=39304"},"modified":"2023-09-06T10:24:58","modified_gmt":"2023-09-06T13:24:58","slug":"milei-pone-en-duda-su-participacion-en-el-debate-presidencial","status":"publish","type":"post","link":"http:\/\/dsrmedios.com.ar\/diario\/archivos\/39304","title":{"rendered":"Milei pone en duda su participaci\u00f3n en el debate presidencial"},"content":{"rendered":"\n<p>El equipo de campa\u00f1a del candidato presidencial de La Libertad Avanza, Javier Milei, analiza si al economista libertario le conviene presentarse a los debates presidenciales obligatorios del 1 y el 8 de octubre, por miedo a que sea el principal blanco de las cr\u00edticas de los representantes de los otros partidos.<\/p>\n\n\n\n<p>La semana pasada, la C\u00e1mara Nacional Electoral convoc\u00f3 a una reuni\u00f3n para delimitar los detalles de los debates presidenciales, un encuentro al que el candidato presidencial de La Libertad Avanza envi\u00f3 a su hermana y actual jefe de campa\u00f1a, Karina Milei, y a uno de sus consejeros pol\u00edticos, Santiago Caputo.<\/p>\n\n\n\n<p>En ese marco, Karina Milei habr\u00eda indagado acerca de las sanciones por no acudir a los debates presidenciales, y consult\u00f3 si el por entonces aspirante a la Casa Rosada del ya extinto Frente para la Victoria, Daniel Scioli, sufri\u00f3 alguna consecuencia por no ir a uno de los eventos de esa \u00edndole en 2015.<\/p>\n\n\n\n<p>Como en ese a\u00f1o la ley todav\u00eda no penaba el faltar a los debates presidenciales, Scioli no sufri\u00f3 ninguna sanci\u00f3n. Pero en 2016, se sancion\u00f3 en el Congreso de la Naci\u00f3n una iniciativa que promulga la quita de espacios de publicidad en televisi\u00f3n y radio para la campa\u00f1a electoral del candidato presidencial ausente, algo que ni Milei ni su hermana quieren transitar.<br>En rigor, la principal causa por la cual el equipo de campa\u00f1a de Milei teme que una presencia del l\u00edder de La Libertad Avanza en los debates presidenciales complique su performance electoral, es que el candidato de Uni\u00f3n por la Patria, Sergio Massa, y la de Juntos por el Cambio, Patricia Bullrich, centren sus cr\u00edticas hacia la figura del libertario.<\/p>\n\n\n\n<p>Como Milei fue el candidato presidencial m\u00e1s votado en las elecciones Primarias del pasado 13 de agosto, el equipo de campa\u00f1a supone que la estrategia que emplear\u00e1 tanto Massa como Bullrich es contrastar con el economista, para poder recortarle diferencia y llegar con vida a un eventual balotaje.<\/p>\n\n\n\n<p>En ese sentido, el caso de Scioli contra Mauricio Macri en la segunda vuelta de las elecciones de 2015, retumba en la cabeza de las manos derechas de Milei. All\u00ed, el representante del Frente para la Victoria fustig\u00f3 una y otra vez contra el candidato del por entonces Cambiemos, ya que el kirchnerista estaba perdiendo en todos los pron\u00f3sticos y la confrontaci\u00f3n era la \u00fanica manera de sacarle ventaja.<\/p>\n\n\n\n<p>Si bien finalmente Macri le gan\u00f3 a Scioli en el balotaje, el candidato peronista logr\u00f3 recortarle diferencia gracias al debate presidencial. Ante este ejemplo, el equipo de Milei especula con que ese escenario se trasladar\u00eda a la actualidad, con un Massa o una Bullrich acorralando argumentalmente al liberal.<\/p>\n\n\n\n<p>Fuente: sudoesteba<\/p>\n","protected":false},"excerpt":{"rendered":"<div class=\"mh-excerpt\"><p>El equipo de campa\u00f1a del candidato presidencial de La Libertad Avanza, Javier Milei, analiza si al economista libertario le conviene presentarse a los debates presidenciales obligatorios del 1 y el 8 de octubre, por miedo a que sea el principal blanco de las cr\u00edticas de los representantes de los otros partidos. La semana pasada, la C\u00e1mara Nacional Electoral convoc\u00f3 a una reuni\u00f3n para delimitar los detalles de los debates presidenciales, un encuentro al que el candidato presidencial de La Libertad Avanza envi\u00f3 a su hermana y actual jefe de campa\u00f1a, Karina Milei, y a uno de sus consejeros pol\u00edticos, Santiago <a class=\"mh-excerpt-more\" href=\"http:\/\/dsrmedios.com.ar\/diario\/archivos\/39304\" title=\"Milei pone en duda su participaci\u00f3n en el debate presidencial\">[Leer m\u00e1s]<\/a><\/p>\n<\/div>","protected":false},"author":8,"featured_media":32666,"comment_status":"open","ping_status":"closed","sticky":false,"template":"","format":"standard","meta":{"_jetpack_newsletter_access":""},"categories":[6],"tags":[],"jetpack_featured_media_url":"http:\/\/dsrmedios.com.ar\/diario\/wp-content\/uploads\/2023\/05\/javier-milei.webp","jetpack_sharing_enabled":true,"jetpack_shortlink":"https:\/\/wp.me\/p9fihK-adW","_links":{"self":[{"href":"http:\/\/dsrmedios.com.ar\/diario\/wp-json\/wp\/v2\/posts\/39304"}],"collection":[{"href":"http:\/\/dsrmedios.com.ar\/diario\/wp-json\/wp\/v2\/posts"}],"about":[{"href":"http:\/\/dsrmedios.com.ar\/diario\/wp-json\/wp\/v2\/types\/post"}],"author":[{"embeddable":true,"href":"http:\/\/dsrmedios.com.ar\/diario\/wp-json\/wp\/v2\/users\/8"}],"replies":[{"embeddable":true,"href":"http:\/\/dsrmedios.com.ar\/diario\/wp-json\/wp\/v2\/comments?post=39304"}],"version-history":[{"count":1,"href":"http:\/\/dsrmedios.com.ar\/diario\/wp-json\/wp\/v2\/posts\/39304\/revisions"}],"predecessor-version":[{"id":39306,"href":"http:\/\/dsrmedios.com.ar\/diario\/wp-json\/wp\/v2\/posts\/39304\/revisions\/39306"}],"wp:featuredmedia":[{"embeddable":true,"href":"http:\/\/dsrmedios.com.ar\/diario\/wp-json\/wp\/v2\/media\/32666"}],"wp:attachment":[{"href":"http:\/\/dsrmedios.com.ar\/diario\/wp-json\/wp\/v2\/media?parent=39304"}],"wp:term":[{"taxonomy":"category","embeddable":true,"href":"http:\/\/dsrmedios.com.ar\/diario\/wp-json\/wp\/v2\/categories?post=39304"},{"taxonomy":"post_tag","embeddable":true,"href":"http:\/\/dsrmedios.com.ar\/diario\/wp-json\/wp\/v2\/tags?post=39304"}],"curies":[{"name":"wp","href":"https:\/\/api.w.org\/{rel}","templated":true}]}}