{"id":39293,"date":"2023-09-06T10:18:28","date_gmt":"2023-09-06T13:18:28","guid":{"rendered":"http:\/\/dsrmedios.com.ar\/diario\/?p=39293"},"modified":"2023-09-06T10:18:32","modified_gmt":"2023-09-06T13:18:32","slug":"comenzo-el-fenomeno-de-el-nino-en-la-argentina-cual-sera-su-impacto-en-todo-el-pais","status":"publish","type":"post","link":"http:\/\/dsrmedios.com.ar\/diario\/archivos\/39293","title":{"rendered":"Comenz\u00f3 el fen\u00f3meno de El Ni\u00f1o en la Argentina: cu\u00e1l ser\u00e1 su impacto en todo el pa\u00eds"},"content":{"rendered":"\n<p>Ya lleg\u00f3 El Ni\u00f1o, anunci\u00f3 el&nbsp;<strong>Servicio Meteorol\u00f3gico Nacional de la Argentina<\/strong>. Se trata de un evento global, con repercusiones en diferentes lugares del planeta. En ese sentido, se detect\u00f3 que aumentaron las temperaturas en la parte central y oriental del&nbsp;<strong>Oc\u00e9ano Pac\u00edfico ecuatorial<\/strong>, y luego hubo cambios en la atm\u00f3sfera.<\/p>\n\n\n\n<figure class=\"wp-block-image\"><img decoding=\"async\" src=\"https:\/\/www.infobae.com\/new-resizer\/dAXlm8Z0BPVgFOS-E-WZY8O9-qk=\/filters:format(webp):quality(85)\/cloudfront-us-east-1.images.arcpublishing.com\/infobae\/XOIBO4O7IJBB5PNWXUPIUIXMT4.jpg\" alt=\"Viviendas de Aldea del Fresno en Madrid, afectadas a causa de las fuertes lluvias registradas durante este fin de semana. Uno de los desaparecidos tras caer un coche la madrugada de este lunes al r\u00edo Alberche a su paso por la localidad madrile\u00f1a de Aldea de Fresno, un menor de 10 a\u00f1os, ha sido localizado con vida encaramado a un \u00e1rbol, con hipotermia y golpes, informa Emergencias 112 Comunidad de Madrid. EFE\/ Rodrigo Jim\u00e9nez\"\/><\/figure>\n\n\n\n<p>Como se trata de un fen\u00f3meno complejo, su nombre para la meteorolog\u00eda es El Ni\u00f1o-Oscilaci\u00f3n del Sur (ENOS) y puede implicar que se produzca un<strong>&nbsp;aumento de las lluvias y tormentas en algunas zonas del sur de Sudam\u00e9rica<\/strong>, especialmente en Paraguay, Argentina, Brasil y Uruguay.<\/p>\n\n\n\n<p>De acuerdo con el&nbsp;<a href=\"https:\/\/www.smn.gob.ar\/sites\/default\/files\/elnino23_09.pdf\">informe<\/a>&nbsp;del SMN, &#8220;<strong>&nbsp;estamos en condiciones de El Ni\u00f1o,<\/strong>&nbsp;ya que en las \u00faltimas semanas la temperatura del oc\u00e9ano Pac\u00edfico se mantuvo por encima de la temperatura umbral para este fen\u00f3meno y la atm\u00f3sfera comenz\u00f3 a responder a ese calentamiento\u201d.<\/p>\n\n\n\n<p><img decoding=\"async\" loading=\"lazy\" alt=\"En color verde m\u00e1s oscuro, se visualizan los lugares del pa\u00eds en los que puede llover m\u00e1s durante septiembre, octubre y noviembre\/SMN\" height=\"600\" width=\"474\" src=\"https:\/\/www.infobae.com\/new-resizer\/tXSgGjd0BqRfeacaelJV3Isp1Ws=\/arc-anglerfish-arc2-prod-infobae\/public\/OKOZKAK73BHGBEUDFZUPUV6WAQ.jpg\" srcset=\"https:\/\/www.infobae.com\/new-resizer\/_1BEPuiPrxN_g0tPFLdjt7ccdVU=\/420x560\/filters:format(webp):quality(85)\/cloudfront-us-east-1.images.arcpublishing.com\/infobae\/OKOZKAK73BHGBEUDFZUPUV6WAQ.jpg 420w,https:\/\/www.infobae.com\/new-resizer\/aNTpzUMP_5p70iKjvFNiVaWfOIw=\/768x1024\/filters:format(webp):quality(85)\/cloudfront-us-east-1.images.arcpublishing.com\/infobae\/OKOZKAK73BHGBEUDFZUPUV6WAQ.jpg 768w,https:\/\/www.infobae.com\/new-resizer\/Dz_2lvxmJHOQBW4O81rd2spEzUM=\/992x1323\/filters:format(webp):quality(85)\/cloudfront-us-east-1.images.arcpublishing.com\/infobae\/OKOZKAK73BHGBEUDFZUPUV6WAQ.jpg 992w,https:\/\/www.infobae.com\/new-resizer\/1WKq8A6SWAX9O-SmiX2X11VyD54=\/1200x1600\/filters:format(webp):quality(85)\/cloudfront-us-east-1.images.arcpublishing.com\/infobae\/OKOZKAK73BHGBEUDFZUPUV6WAQ.jpg 1200w\">En color verde m\u00e1s oscuro, se visualizan los lugares del pa\u00eds en los que puede llover m\u00e1s durante septiembre, octubre y noviembre\/SMN<\/p>\n\n\n\n<p>Se trata de un\u00a0<strong>fen\u00f3meno clim\u00e1tico natural que tiene una recurrencia de entre 2 y 7 a\u00f1os.\u00a0<\/strong>Su impacto en el clima es de escala global y var\u00edan seg\u00fan la regi\u00f3n del planeta y la \u00e9poca del a\u00f1o en que se presente.<\/p>\n\n\n\n<p>\u201cLas anomal\u00edas de temperatura del agua del mar en el oc\u00e9ano Pac\u00edfico ecuatorial son consistentes con una fase Ni\u00f1o. Se observ\u00f3 un debilitamiento de los vientos alisios en el Pac\u00edfico ecuatorial desde mediados de julio, lo cual indicar\u00eda que la atm\u00f3sfera comenz\u00f3 a acoplarse al oc\u00e9ano. El \u00cdndice de Oscilaci\u00f3n del Sur mantuvo valores negativos, caracter\u00edstico de una fase c\u00e1lida\u201d, detall\u00f3 el informe.<\/p>\n\n\n\n<p>En cuanto al trimestre que va desde septiembre, octubre y noviembre de 2023,&nbsp;<strong>los pron\u00f3sticos indican que hay 99% de probabilidad de que las condiciones de El Ni\u00f1o se mantengan<\/strong>.<\/p>\n\n\n\n<p><img decoding=\"async\" loading=\"lazy\" alt=\"En otros a\u00f1os, El Ni\u00f1o implic\u00f3 aumento de las lluvias en la Mesopotamia de Argentina y caus\u00f3 inundaciones\/Archivo\" height=\"3456\" width=\"5184\" src=\"https:\/\/www.infobae.com\/new-resizer\/qfngWQlWV8KBWqXRjWrHBFoOhUY=\/arc-anglerfish-arc2-prod-infobae\/public\/FUKOH2EUY4ITYHRP32IUKO2NGY.jpg\" srcset=\"https:\/\/www.infobae.com\/new-resizer\/OfadzzvTPfUK0lcMLuRo9Q93Ab4=\/420x280\/filters:format(webp):quality(85)\/cloudfront-us-east-1.images.arcpublishing.com\/infobae\/FUKOH2EUY4ITYHRP32IUKO2NGY.jpg 420w,https:\/\/www.infobae.com\/new-resizer\/mfp9wI7IwQmU-DyXeZvV3sQczTc=\/768x512\/filters:format(webp):quality(85)\/cloudfront-us-east-1.images.arcpublishing.com\/infobae\/FUKOH2EUY4ITYHRP32IUKO2NGY.jpg 768w,https:\/\/www.infobae.com\/new-resizer\/xf4kRZ9WBertxZcd77MQjPLRwTY=\/992x661\/filters:format(webp):quality(85)\/cloudfront-us-east-1.images.arcpublishing.com\/infobae\/FUKOH2EUY4ITYHRP32IUKO2NGY.jpg 992w,https:\/\/www.infobae.com\/new-resizer\/7gbDmSmAM6fOej-jT3326BQPcvY=\/1200x800\/filters:format(webp):quality(85)\/cloudfront-us-east-1.images.arcpublishing.com\/infobae\/FUKOH2EUY4ITYHRP32IUKO2NGY.jpg 1200w,https:\/\/www.infobae.com\/new-resizer\/ZBDC93wWkZaJjK-mirmLTZcFEZI=\/1440x960\/filters:format(webp):quality(85)\/cloudfront-us-east-1.images.arcpublishing.com\/infobae\/FUKOH2EUY4ITYHRP32IUKO2NGY.jpg 1440w\">En otros a\u00f1os, El Ni\u00f1o implic\u00f3 aumento de las lluvias en la Mesopotamia de Argentina y caus\u00f3 inundaciones\/Archivo<\/p>\n\n\n\n<p>Desde la d\u00e9cada de 1960 hasta la actualidad se han registrado 21 fen\u00f3menos de El Ni\u00f1o durante la primavera. Esas extensas estad\u00edsticas permiten conocer con profundidad c\u00f3mo se comporta el clima en el pa\u00eds.<\/p>\n\n\n\n<p>En general, en las primaveras bajo la influencia de El Ni\u00f1o\u00a0<strong>suele aumentar la frecuencia y la intensidad de las lluvias en gran parte del centro-este y norte argentino<\/strong>, especialmente en las provincias de\u00a0<strong>Misiones, Corrientes<\/strong>\u00a0y norte de\u00a0<strong>Santa Fe.<\/strong><\/p>\n\n\n\n<p>Esas provincias son las que tienen una mayor vinculaci\u00f3n con el fen\u00f3meno de El Ni\u00f1o. De hecho, de acuerdo a los datos hist\u00f3ricos, de<strong>&nbsp;las 10 primaveras m\u00e1s lluviosas en esa regi\u00f3n, 7 fueron en a\u00f1os con presencia de este fen\u00f3meno<\/strong>.<\/p>\n\n\n\n<p><img decoding=\"async\" loading=\"lazy\" alt=\"El fen\u00f3meno de El Ni\u00f1o se inicia con el incremento de la temperatura de las aguas del Oc\u00e9ano Pac\u00edfico. (NASA)\" height=\"2009\" width=\"3013\" src=\"https:\/\/www.infobae.com\/new-resizer\/aKiJIjq0OPqpY07VYWO4HLRzd2g=\/arc-anglerfish-arc2-prod-infobae\/public\/6NDK34PUBBHM3PDHKMFB52HZR4.jpg\" srcset=\"https:\/\/www.infobae.com\/new-resizer\/bdUdk0Xs1hn2K7IIvrtDOAYLDKU=\/420x280\/filters:format(webp):quality(85)\/cloudfront-us-east-1.images.arcpublishing.com\/infobae\/6NDK34PUBBHM3PDHKMFB52HZR4.jpg 420w,https:\/\/www.infobae.com\/new-resizer\/Md9e1ruEjuZbC8kQ-GB9PejsW0U=\/768x512\/filters:format(webp):quality(85)\/cloudfront-us-east-1.images.arcpublishing.com\/infobae\/6NDK34PUBBHM3PDHKMFB52HZR4.jpg 768w,https:\/\/www.infobae.com\/new-resizer\/3eDwN_ZUd1G2l7M54TMYO99X678=\/992x661\/filters:format(webp):quality(85)\/cloudfront-us-east-1.images.arcpublishing.com\/infobae\/6NDK34PUBBHM3PDHKMFB52HZR4.jpg 992w,https:\/\/www.infobae.com\/new-resizer\/oy0m1f8fHToKFvxvspNvRP4wjKI=\/1200x800\/filters:format(webp):quality(85)\/cloudfront-us-east-1.images.arcpublishing.com\/infobae\/6NDK34PUBBHM3PDHKMFB52HZR4.jpg 1200w,https:\/\/www.infobae.com\/new-resizer\/ZtM8WARYLgLngAAZCe4JnNDNmyg=\/1440x960\/filters:format(webp):quality(85)\/cloudfront-us-east-1.images.arcpublishing.com\/infobae\/6NDK34PUBBHM3PDHKMFB52HZR4.jpg 1440w\">El fen\u00f3meno de El Ni\u00f1o se inicia con el incremento de la temperatura de las aguas del Oc\u00e9ano Pac\u00edfico. (NASA)<\/p>\n\n\n\n<p>\u201cEsas estad\u00edsticas demuestran las implicancias que tiene el ENOS en las precipitaciones de la regi\u00f3n, que generalmente se traduce en<strong>&nbsp;temporadas donde sube el riesgo de inundaciones, crecidas de r\u00edos, tormentas intensas<\/strong>, entre otros impactos\u201d, advirti\u00f3 el organismo p\u00fablico.<\/p>\n\n\n\n<p>Tambi\u00e9n hay que destacar que las primaveras con El Ni\u00f1o suelen ser m\u00e1s lluviosas en la&nbsp;<strong>provincia de Buenos Aires, sur del Litoral y el noroeste de Patagonia.<\/strong><\/p>\n\n\n\n<p>En otras regiones de Argentina, el fen\u00f3meno tambi\u00e9n trae consecuencias. Un panorama completamente opuesto al anterior se observa en el&nbsp;<strong>oeste de la Pampa H\u00fameda,<\/strong>&nbsp;donde en las primaveras con El Ni\u00f1o predominan lluvias inferiores a las normales.<\/p>\n\n\n\n<p><img decoding=\"async\" loading=\"lazy\" alt=\"Desde 2014 est\u00e1n en vigencia en Argentina diferentes protocolos de gesti\u00f3n de informaci\u00f3n que especifican los pasos que deben seguir las diferentes instituciones p\u00fablicas para la preparaci\u00f3n para las emergencias como una inundaci\u00f3n\/Archivo\" height=\"1079\" width=\"1920\" src=\"https:\/\/www.infobae.com\/new-resizer\/NP7sJJ-wE4EyyJh9TXY7mZV5nFc=\/arc-anglerfish-arc2-prod-infobae\/public\/N7SSA5XKQBCPXALVYMS65FBKKE\" srcset=\"https:\/\/www.infobae.com\/new-resizer\/s5Xej3ryLGhJP980xSeuDlujsMg=\/420x236\/filters:format(webp):quality(85)\/arc-anglerfish-arc2-prod-infobae.s3.amazonaws.com\/public\/N7SSA5XKQBCPXALVYMS65FBKKE 420w,https:\/\/www.infobae.com\/new-resizer\/CsFskuyXx9u9KTBIjdyBCVER4mw=\/768x432\/filters:format(webp):quality(85)\/arc-anglerfish-arc2-prod-infobae.s3.amazonaws.com\/public\/N7SSA5XKQBCPXALVYMS65FBKKE 768w,https:\/\/www.infobae.com\/new-resizer\/HFvKM_KiNiMWRFgVuA5_MYr_GXk=\/992x558\/filters:format(webp):quality(85)\/arc-anglerfish-arc2-prod-infobae.s3.amazonaws.com\/public\/N7SSA5XKQBCPXALVYMS65FBKKE 992w,https:\/\/www.infobae.com\/new-resizer\/Xr1vlR49HScKX1S2J--QN6NU0T4=\/1200x675\/filters:format(webp):quality(85)\/arc-anglerfish-arc2-prod-infobae.s3.amazonaws.com\/public\/N7SSA5XKQBCPXALVYMS65FBKKE 1200w,https:\/\/www.infobae.com\/new-resizer\/VpmmMqAtiai9dvIEcEnfMg936tA=\/1440x810\/filters:format(webp):quality(85)\/arc-anglerfish-arc2-prod-infobae.s3.amazonaws.com\/public\/N7SSA5XKQBCPXALVYMS65FBKKE 1440w\">Desde 2014 est\u00e1n en vigencia en Argentina diferentes protocolos de gesti\u00f3n de informaci\u00f3n que especifican los pasos que deben seguir las diferentes instituciones p\u00fablicas para la preparaci\u00f3n para las emergencias como una inundaci\u00f3n\/Archivo<\/p>\n\n\n\n<p>Frente a la posibilidad de que ocurran inundaciones, Miguel Martin, ex coordinador de la&nbsp;<strong>Red Cient\u00edfico Tecnol\u00f3gica para la Gesti\u00f3n del Riesgo de Desastres (Red GIRCYT)<\/strong>, analiz\u00f3 -al ser consultado por&nbsp;<a rel=\"noreferrer noopener\" href=\"https:\/\/www.infobae.com\/america\/medio-ambiente\/2023\/08\/12\/la-frecuencia-de-las-inundaciones-aumento-en-sudamerica-que-puede-pasar-con-la-llegada-de-el-nino\/\" target=\"_blank\"><strong>Infobae&nbsp;<\/strong><\/a>recientemente- que cada comunidad deber\u00eda considerar que los desastres no son naturales.<\/p>\n\n\n\n<p>Si se tiene en cuenta que hay personas expuestas a riesgos potenciales de un desastre, el enfoque es diferente, ya que favorece que se trabaje m\u00e1s en prevenci\u00f3n del riesgo local.<\/p>\n\n\n\n<p>Desde 2014 est\u00e1n en vigencia diferentes protocolos de gesti\u00f3n de informaci\u00f3n que especifican los pasos que deben seguir las diferentes instituciones p\u00fablicas para la preparaci\u00f3n para las emergencias como una inundaci\u00f3n.<\/p>\n\n\n\n<p><img decoding=\"async\" loading=\"lazy\" alt=\"La Organizaci\u00f3n Panamericana de la Salud inst\u00f3 a las autoridades de Am\u00e9rica a actualizar y revisar los planes de contingencia hospitalarios y de la red de servicios salud frente a las potenciales consecuencias de El  Ni\u00f1o\/Archivo\" height=\"1080\" width=\"1920\" src=\"https:\/\/www.infobae.com\/new-resizer\/XXEpKAdJDQ1y5AzeVw3-l6rgS6A=\/arc-anglerfish-arc2-prod-infobae\/public\/NJSBN24DN5DP3DSMOCGXP564QE.jpg\" srcset=\"https:\/\/www.infobae.com\/new-resizer\/cXA81Dhis7ZuNS65_qfwJupXJmo=\/420x236\/filters:format(webp):quality(85)\/cloudfront-us-east-1.images.arcpublishing.com\/infobae\/NJSBN24DN5DP3DSMOCGXP564QE.jpg 420w,https:\/\/www.infobae.com\/new-resizer\/OY3vxHyuabao-uogahFvO8gZ2OQ=\/768x432\/filters:format(webp):quality(85)\/cloudfront-us-east-1.images.arcpublishing.com\/infobae\/NJSBN24DN5DP3DSMOCGXP564QE.jpg 768w,https:\/\/www.infobae.com\/new-resizer\/mesOQdGj_1FlpKhsu1p47Gq89ZY=\/992x558\/filters:format(webp):quality(85)\/cloudfront-us-east-1.images.arcpublishing.com\/infobae\/NJSBN24DN5DP3DSMOCGXP564QE.jpg 992w,https:\/\/www.infobae.com\/new-resizer\/eV6-54G80ZzGJvDIGdSNQimsOP8=\/1200x675\/filters:format(webp):quality(85)\/cloudfront-us-east-1.images.arcpublishing.com\/infobae\/NJSBN24DN5DP3DSMOCGXP564QE.jpg 1200w,https:\/\/www.infobae.com\/new-resizer\/XEYK585RonboKaTcD7eHPdPlf3o=\/1440x810\/filters:format(webp):quality(85)\/cloudfront-us-east-1.images.arcpublishing.com\/infobae\/NJSBN24DN5DP3DSMOCGXP564QE.jpg 1440w\">La Organizaci\u00f3n Panamericana de la Salud inst\u00f3 a las autoridades de Am\u00e9rica a actualizar y revisar los planes de contingencia hospitalarios y de la red de servicios salud frente a las potenciales consecuencias de El Ni\u00f1o\/Archivo<\/p>\n\n\n\n<p>El impacto que puede tener El Ni\u00f1o preocupa a las autoridades sanitarias de las Am\u00e9ricas desde hace unos meses. Fueron convocadas por la Organizaci\u00f3n Panamericana de la Salud (OPS) para una reuni\u00f3n virtual en la que se alent\u00f3 a que el sector de la salud se prepare para responder mejor al impacto que podr\u00eda tener El Ni\u00f1o.<\/p>\n\n\n\n<p>En los \u00faltimos 15 a\u00f1os, los huracanes, las tormentas, las inundaciones y los desplazamientos del terreno han generado m\u00e1s del 57% de las emergencias ocurridas en las Am\u00e9ricas; y afectaron a m\u00e1s de 175 millones de personas, seg\u00fan datos del<strong>&nbsp;Centro de Investigaci\u00f3n sobre la Epidemiolog\u00eda de los Desastres<\/strong>.<\/p>\n\n\n\n<p>\u201cEl fen\u00f3meno de El Ni\u00f1o y la temporada de huracanes son un llamado para revisar d\u00f3nde estamos como sector salud, cu\u00e1les son los escenarios posibles ante el riesgo de lluvias intensas y huracanes, y planificar las medidas a tomar\u201d, consider\u00f3&nbsp;<strong>Leonardo Hern\u00e1ndez<\/strong>, jefe de la Unidad de Operaciones de Emergencias de la OPS.<\/p>\n\n\n\n<p>Durante la reuni\u00f3n se inst\u00f3 a las autoridades a actualizar y revisar los planes de contingencia hospitalarios y de la red de servicios salud, evacuar centros de salud que pudieran sufrir da\u00f1os estructurales, asegurar la compra y ubicaci\u00f3n estrat\u00e9gica de suministros m\u00e9dicos esenciales, redistribuir personal de salud para hacer frente a un incremento repentino de la demanda de atenci\u00f3n, y preparar materiales de comunicaci\u00f3n para la prevenci\u00f3n de riesgos en salud de la poblaci\u00f3n.<\/p>\n\n\n\n<p>Fuente: Infobae<\/p>\n","protected":false},"excerpt":{"rendered":"<div class=\"mh-excerpt\"><p>Ya lleg\u00f3 El Ni\u00f1o, anunci\u00f3 el&nbsp;Servicio Meteorol\u00f3gico Nacional de la Argentina. Se trata de un evento global, con repercusiones en diferentes lugares del planeta. En ese sentido, se detect\u00f3 que aumentaron las temperaturas en la parte central y oriental del&nbsp;Oc\u00e9ano Pac\u00edfico ecuatorial, y luego hubo cambios en la atm\u00f3sfera. Como se trata de un fen\u00f3meno complejo, su nombre para la meteorolog\u00eda es El Ni\u00f1o-Oscilaci\u00f3n del Sur (ENOS) y puede implicar que se produzca un&nbsp;aumento de las lluvias y tormentas en algunas zonas del sur de Sudam\u00e9rica, especialmente en Paraguay, Argentina, Brasil y Uruguay. De acuerdo con el&nbsp;informe&nbsp;del SMN, &#8220;&nbsp;estamos en <a class=\"mh-excerpt-more\" href=\"http:\/\/dsrmedios.com.ar\/diario\/archivos\/39293\" title=\"Comenz\u00f3 el fen\u00f3meno de El Ni\u00f1o en la Argentina: cu\u00e1l ser\u00e1 su impacto en todo el pa\u00eds\">[Leer m\u00e1s]<\/a><\/p>\n<\/div>","protected":false},"author":8,"featured_media":39295,"comment_status":"open","ping_status":"closed","sticky":false,"template":"","format":"standard","meta":{"_jetpack_newsletter_access":""},"categories":[43],"tags":[],"jetpack_featured_media_url":"http:\/\/dsrmedios.com.ar\/diario\/wp-content\/uploads\/2023\/09\/ARCHI_1020745.jpg","jetpack_sharing_enabled":true,"jetpack_shortlink":"https:\/\/wp.me\/p9fihK-adL","_links":{"self":[{"href":"http:\/\/dsrmedios.com.ar\/diario\/wp-json\/wp\/v2\/posts\/39293"}],"collection":[{"href":"http:\/\/dsrmedios.com.ar\/diario\/wp-json\/wp\/v2\/posts"}],"about":[{"href":"http:\/\/dsrmedios.com.ar\/diario\/wp-json\/wp\/v2\/types\/post"}],"author":[{"embeddable":true,"href":"http:\/\/dsrmedios.com.ar\/diario\/wp-json\/wp\/v2\/users\/8"}],"replies":[{"embeddable":true,"href":"http:\/\/dsrmedios.com.ar\/diario\/wp-json\/wp\/v2\/comments?post=39293"}],"version-history":[{"count":1,"href":"http:\/\/dsrmedios.com.ar\/diario\/wp-json\/wp\/v2\/posts\/39293\/revisions"}],"predecessor-version":[{"id":39296,"href":"http:\/\/dsrmedios.com.ar\/diario\/wp-json\/wp\/v2\/posts\/39293\/revisions\/39296"}],"wp:featuredmedia":[{"embeddable":true,"href":"http:\/\/dsrmedios.com.ar\/diario\/wp-json\/wp\/v2\/media\/39295"}],"wp:attachment":[{"href":"http:\/\/dsrmedios.com.ar\/diario\/wp-json\/wp\/v2\/media?parent=39293"}],"wp:term":[{"taxonomy":"category","embeddable":true,"href":"http:\/\/dsrmedios.com.ar\/diario\/wp-json\/wp\/v2\/categories?post=39293"},{"taxonomy":"post_tag","embeddable":true,"href":"http:\/\/dsrmedios.com.ar\/diario\/wp-json\/wp\/v2\/tags?post=39293"}],"curies":[{"name":"wp","href":"https:\/\/api.w.org\/{rel}","templated":true}]}}