{"id":39290,"date":"2023-09-06T10:16:33","date_gmt":"2023-09-06T13:16:33","guid":{"rendered":"http:\/\/dsrmedios.com.ar\/diario\/?p=39290"},"modified":"2023-09-06T10:16:36","modified_gmt":"2023-09-06T13:16:36","slug":"a-fuerza-de-congelamientos-y-dolar-quieto-massa-aspira-a-que-la-inflacion-vuelva-a-un-digito-en-septiembre","status":"publish","type":"post","link":"http:\/\/dsrmedios.com.ar\/diario\/archivos\/39290","title":{"rendered":"A fuerza de congelamientos y d\u00f3lar quieto, Massa aspira a que la inflaci\u00f3n vuelva a un d\u00edgito en septiembre"},"content":{"rendered":"\n<p>A fuerza de congelamientos, incluyendo el del tipo de cambio oficial, Sergio Massa se juega a frenar la escalada inflacionaria en septiembre y que el \u00edndice vuelva a un d\u00edgito. El objetivo es cortoplacista y apunta a llegar a las elecciones con un n\u00famero algo m\u00e1s digerible, teniendo en cuenta que el INDEC anunciar\u00e1 el dato el jueves 12 de septiembre, solo diez d\u00edas antes de las elecciones presidenciales.<a rel=\"noreferrer noopener\" href=\"https:\/\/www.infobae.com\/economia\/2023\/07\/06\/un-pais-africano-levanto-los-controles-cambiarios-que-mantenia-desde-2018-y-marca-el-camino-para-argentina\/\" target=\"_blank\"><\/a><\/p>\n\n\n\n<p>Las consultoras econ\u00f3micas calcularon un \u00edndice de inflaci\u00f3n en agosto arriba del 11%, con fuerte salto en los precios de los alimentos. El instituto de estad\u00edsticas cordob\u00e9s midi\u00f3 un salto de 12,15% y en los pr\u00f3ximos d\u00edas tambi\u00e9n se conocer\u00e1 el dato de la ciudad de Buenos Aires.<\/p>\n\n\n\n<p>Un \u00edndice arriba del 11% supera el nivel m\u00e1ximo que se hab\u00eda registrado en abril de 2002, cuando el INDEC midi\u00f3 un salto de 10,4%, a los pocos meses de salida de la convertibilidad y tras un salto r\u00e9cord del tipo de cambio.<\/p>\n\n\n\n<p>Para Massa es fundamental ahora lograr un alivio en el dato inflacionario de septiembre y a eso apuntan casi todas las medidas anunciadas en las \u00faltimas jornadas. Seg\u00fan ya negoci\u00f3 el ministerio de Econom\u00eda, los combustibles permanecer\u00e1n congelados al menos hasta fin de octubre, las prepagas tampoco aumentar\u00e1n en los pr\u00f3ximos noventa d\u00edas y se lleg\u00f3 a un compromiso con los laboratorios para que no suban los medicamentos. Adem\u00e1s, en las \u00faltimas horas se avanz\u00f3 con las automotrices en un listado de autos cero kil\u00f3metro para que no sufran incrementos este mes.<\/p>\n\n\n\n<figure class=\"wp-block-image\"><img decoding=\"async\" src=\"https:\/\/www.infobae.com\/new-resizer\/QKepd2Qaq7HhfkJGnri90sbKKk0=\/arc-anglerfish-arc2-prod-infobae\/public\/S36HO4HXDJALPNYTLKQNDTMXUY.png\" alt=\"infobae\"\/><\/figure>\n\n\n\n<p>A eso se agrega la decisi\u00f3n de postergar la suba de colectivos y trenes en la zona metropolitana, que ven\u00edan indexando sus valores de acuerdo a la evoluci\u00f3n de la inflaci\u00f3n mensual. Tampoco subir\u00e1n las tarifas de luz y de gas, al menos en septiembre.<\/p>\n\n\n\n<p>A esto se agreg\u00f3 el \u201ccongelamiento\u201d del d\u00f3lar oficial, tras un salto de 27% en agosto, quedando en $ 350. A\u00fan con las actuales restricciones a las importaciones, la idea es que es este tipo de cambio tambi\u00e9n act\u00fae como un ancla para que no se sigan disparando los precios, siempre en el cort\u00edsimo plazo.<\/p>\n\n\n\n<p>La mayor estabilidad de los d\u00f3lares financieros tambi\u00e9n deber\u00eda ayudar para el objetivo de frenar las fuertes remarcaciones del mes pasado. El d\u00f3lar libre ayer incluso cay\u00f3 medio escal\u00f3n, hasta los $ 725. El \u201ccontado con liquidaci\u00f3n\u201d cay\u00f3 m\u00e1s de 2% hasta $ 762. La expectativa es que haya mayor liquidaci\u00f3n de divisas en las pr\u00f3ximas semanas a partir de la implementaci\u00f3n del nuevo d\u00f3lar soja hasta fin de mes.<\/p>\n\n\n\n<blockquote class=\"wp-block-quote\">\n<p>La metodolog\u00eda que aplica el INDEC para medir la inflaci\u00f3n dej\u00f3 un fuerte arrastre de agosto para este mes. Por eso, a\u00fan con los congelamientos no ser\u00e1 f\u00e1cil que el \u00edndice termine en la zona de 8%, como pretende Massa<\/p>\n<\/blockquote>\n\n\n\n<p>A favor del objetivo de lograr un nivel de inflaci\u00f3n m\u00e1s digerible est\u00e1 el comportamiento del precio de la carne, que en los \u00faltimos d\u00edas baj\u00f3 entre 10% y 15% en el mercado de Ca\u00f1uelas. La ca\u00edda de las ventas en carnicer\u00edas tambi\u00e9n podr\u00edan influir en un retroceso leve de los precios en las pr\u00f3ximas semanas, tras un salto que oscil\u00f3 seg\u00fan los cortes entre 30% y 50%.<\/p>\n\n\n\n<p>La evoluci\u00f3n de los precios de los alimentos ser\u00e1n decisivos para llegar a una mayor estabilidad este mes. Est\u00e1 en marcha un nuevo acuerdo de precios para que las subas no superen el 5%. Sin embargo, las alimenticias (agrupadas en Copal) ya advirtieron que en muchos casos ser\u00e1 imposible de cumplir.<\/p>\n\n\n\n<p>La metodolog\u00eda del INDEC, sin embargo, juega en contra de las aspiraciones del ministro y candidato presidencial. Sucede que la medici\u00f3n toma los promedios semanales de precios, por lo que parte de las subas de agosto deber\u00edan reflejarse en septiembre. Domingo Cavallo, por ejemplo, calcul\u00f3 que los precios podr\u00edan subir 14% este mes, mientras que Fernando Marull estim\u00f3 12%. Sin embargo, con las \u00faltimos congelamientos es factible que finalmente la inflaci\u00f3n de este mes finalmente se ubique por debajo del 10%. En Econom\u00eda son a\u00fan m\u00e1s optimistas y creen que el \u00edndice podr\u00eda regresar a una velocidad crucero del orden del 8%.<\/p>\n\n\n\n<p>fuente: Infobae<\/p>\n","protected":false},"excerpt":{"rendered":"<div class=\"mh-excerpt\"><p>A fuerza de congelamientos, incluyendo el del tipo de cambio oficial, Sergio Massa se juega a frenar la escalada inflacionaria en septiembre y que el \u00edndice vuelva a un d\u00edgito. El objetivo es cortoplacista y apunta a llegar a las elecciones con un n\u00famero algo m\u00e1s digerible, teniendo en cuenta que el INDEC anunciar\u00e1 el dato el jueves 12 de septiembre, solo diez d\u00edas antes de las elecciones presidenciales. Las consultoras econ\u00f3micas calcularon un \u00edndice de inflaci\u00f3n en agosto arriba del 11%, con fuerte salto en los precios de los alimentos. El instituto de estad\u00edsticas cordob\u00e9s midi\u00f3 un salto de <a class=\"mh-excerpt-more\" href=\"http:\/\/dsrmedios.com.ar\/diario\/archivos\/39290\" title=\"A fuerza de congelamientos y d\u00f3lar quieto, Massa aspira a que la inflaci\u00f3n vuelva a un d\u00edgito en septiembre\">[Leer m\u00e1s]<\/a><\/p>\n<\/div>","protected":false},"author":8,"featured_media":39291,"comment_status":"open","ping_status":"closed","sticky":false,"template":"","format":"standard","meta":{"_jetpack_newsletter_access":""},"categories":[6],"tags":[],"jetpack_featured_media_url":"http:\/\/dsrmedios.com.ar\/diario\/wp-content\/uploads\/2023\/09\/ICWFULVJO5BN7NOTBDWLLVT6Z4.webp","jetpack_sharing_enabled":true,"jetpack_shortlink":"https:\/\/wp.me\/p9fihK-adI","_links":{"self":[{"href":"http:\/\/dsrmedios.com.ar\/diario\/wp-json\/wp\/v2\/posts\/39290"}],"collection":[{"href":"http:\/\/dsrmedios.com.ar\/diario\/wp-json\/wp\/v2\/posts"}],"about":[{"href":"http:\/\/dsrmedios.com.ar\/diario\/wp-json\/wp\/v2\/types\/post"}],"author":[{"embeddable":true,"href":"http:\/\/dsrmedios.com.ar\/diario\/wp-json\/wp\/v2\/users\/8"}],"replies":[{"embeddable":true,"href":"http:\/\/dsrmedios.com.ar\/diario\/wp-json\/wp\/v2\/comments?post=39290"}],"version-history":[{"count":1,"href":"http:\/\/dsrmedios.com.ar\/diario\/wp-json\/wp\/v2\/posts\/39290\/revisions"}],"predecessor-version":[{"id":39292,"href":"http:\/\/dsrmedios.com.ar\/diario\/wp-json\/wp\/v2\/posts\/39290\/revisions\/39292"}],"wp:featuredmedia":[{"embeddable":true,"href":"http:\/\/dsrmedios.com.ar\/diario\/wp-json\/wp\/v2\/media\/39291"}],"wp:attachment":[{"href":"http:\/\/dsrmedios.com.ar\/diario\/wp-json\/wp\/v2\/media?parent=39290"}],"wp:term":[{"taxonomy":"category","embeddable":true,"href":"http:\/\/dsrmedios.com.ar\/diario\/wp-json\/wp\/v2\/categories?post=39290"},{"taxonomy":"post_tag","embeddable":true,"href":"http:\/\/dsrmedios.com.ar\/diario\/wp-json\/wp\/v2\/tags?post=39290"}],"curies":[{"name":"wp","href":"https:\/\/api.w.org\/{rel}","templated":true}]}}