{"id":39287,"date":"2023-09-06T10:15:25","date_gmt":"2023-09-06T13:15:25","guid":{"rendered":"http:\/\/dsrmedios.com.ar\/diario\/?p=39287"},"modified":"2023-09-06T10:15:29","modified_gmt":"2023-09-06T13:15:29","slug":"dia-mundial-del-daltonismo-que-es-y-por-que-se-celebra-el-6-de-septiembre","status":"publish","type":"post","link":"http:\/\/dsrmedios.com.ar\/diario\/archivos\/39287","title":{"rendered":"D\u00eda Mundial del Daltonismo: qu\u00e9 es y por qu\u00e9 se celebra el 6 de septiembre"},"content":{"rendered":"\n<p>Todos los 6 de septiembre se conmemora el&nbsp;<strong><a href=\"https:\/\/infocielo.com\/sociedad\/dia-mundial-del-hermano-que-se-celebra-el-5-septiembre-n770898\" target=\"_blank\" rel=\"noreferrer noopener\">D\u00eda Mundial del Daltonismo<\/a><\/strong>, con el objetivo de reflexionar acerca de los desaf\u00edos que viven diariamente las personas que padecen esta afecci\u00f3n en la salud. \u00bfQu\u00e9 es el daltonismo y cu\u00e1l es el origen de esta efem\u00e9ride?<\/p>\n\n\n\n<p>El daltonismo, tambi\u00e9n conocido como ceguera del color, es un trastorno de la visi\u00f3n que afecta la capacidad de percibir ciertos colores. Generalmente, se trata de la dificultad para ver el rojo y el verde, ya que les parecen muy similares. A su vez, hay quienes tienen problemas para diferenciar el azul y el amarillo.<\/p>\n\n\n\n<p>Cabe remarcar que, el daltonismo es una afecci\u00f3n hereditaria y se transmite a trav\u00e9s de los genes. Adem\u00e1s, los hombres son m\u00e1s propensos a nacer con daltonismo que las mujeres. Esto se debe a que el gen responsable del daltonismo se encuentra en el cromosoma X, y los hombres tienen solo un cromosoma X. En este sentido, se estima que aproximadamente 1 de cada 12 hombres y 1 de cada 200 mujeres en el mundo sufren esta dificultad en la visi\u00f3n.<\/p>\n\n\n\n<h2>\u00bfQui\u00e9n fue John Dalton y cu\u00e1l es su relaci\u00f3n con el daltonismo?<\/h2>\n\n\n\n<p>Respecto a la efem\u00e9ride, se celebra en homenaje al natalicio en 1766 de John Dalton, el cient\u00edfico que descubri\u00f3 la existencia de esta enfermedad y que, al igual que su hermano, ve\u00edan el mundo con otros colores. Dalton pens\u00f3 que tal vez ten\u00edan un l\u00edquido azul en los ojos y, por lo tanto, cuando falleci\u00f3 dej\u00f3 sus ojos a la ciencia para que investigaran acerca de esta peculiaridad.<\/p>\n\n\n\n<figure class=\"wp-block-image\"><img decoding=\"async\" src=\"https:\/\/media.infocielo.com\/p\/2dbdd530a4e8e0360847c3b7cecf7f50\/adjuntos\/299\/imagenes\/001\/708\/0001708742\/887x0\/smart\/john-daltonwebp.png\" alt=\"D&iacute;a Mundial del Daltonismo: John Dalton fue el cient&iacute;fico que descubri&oacute; la existencia de esta enfermedad.\" title=\"D&iacute;a Mundial del Daltonismo: John Dalton fue el cient&iacute;fico que descubri&oacute; la existencia de esta enfermedad.\"\/><\/figure>\n\n\n\n<p>D\u00eda Mundial del Daltonismo: John Dalton fue el cient\u00edfico que descubri\u00f3 la existencia de esta enfermedad.<\/p>\n\n\n\n<p>Aunque no pudieron conocer que padec\u00eda Dalton, se pudo confirmar que el cient\u00edfico ten\u00eda raz\u00f3n al afirmar que se trataba de una afecci\u00f3n hereditaria y, luego de 150 a\u00f1os, la evidencia del ADN confirm\u00f3 que hab\u00eda heredado esta particularidad.<\/p>\n\n\n\n<p>Fuente: INFOCIELO<\/p>\n","protected":false},"excerpt":{"rendered":"<div class=\"mh-excerpt\"><p>Todos los 6 de septiembre se conmemora el&nbsp;D\u00eda Mundial del Daltonismo, con el objetivo de reflexionar acerca de los desaf\u00edos que viven diariamente las personas que padecen esta afecci\u00f3n en la salud. \u00bfQu\u00e9 es el daltonismo y cu\u00e1l es el origen de esta efem\u00e9ride? El daltonismo, tambi\u00e9n conocido como ceguera del color, es un trastorno de la visi\u00f3n que afecta la capacidad de percibir ciertos colores. Generalmente, se trata de la dificultad para ver el rojo y el verde, ya que les parecen muy similares. A su vez, hay quienes tienen problemas para diferenciar el azul y el amarillo. Cabe <a class=\"mh-excerpt-more\" href=\"http:\/\/dsrmedios.com.ar\/diario\/archivos\/39287\" title=\"D\u00eda Mundial del Daltonismo: qu\u00e9 es y por qu\u00e9 se celebra el 6 de septiembre\">[Leer m\u00e1s]<\/a><\/p>\n<\/div>","protected":false},"author":8,"featured_media":39288,"comment_status":"open","ping_status":"closed","sticky":false,"template":"","format":"standard","meta":{"_jetpack_newsletter_access":""},"categories":[43],"tags":[],"jetpack_featured_media_url":"http:\/\/dsrmedios.com.ar\/diario\/wp-content\/uploads\/2023\/09\/20180425091942_ojosjpg.webp","jetpack_sharing_enabled":true,"jetpack_shortlink":"https:\/\/wp.me\/p9fihK-adF","_links":{"self":[{"href":"http:\/\/dsrmedios.com.ar\/diario\/wp-json\/wp\/v2\/posts\/39287"}],"collection":[{"href":"http:\/\/dsrmedios.com.ar\/diario\/wp-json\/wp\/v2\/posts"}],"about":[{"href":"http:\/\/dsrmedios.com.ar\/diario\/wp-json\/wp\/v2\/types\/post"}],"author":[{"embeddable":true,"href":"http:\/\/dsrmedios.com.ar\/diario\/wp-json\/wp\/v2\/users\/8"}],"replies":[{"embeddable":true,"href":"http:\/\/dsrmedios.com.ar\/diario\/wp-json\/wp\/v2\/comments?post=39287"}],"version-history":[{"count":1,"href":"http:\/\/dsrmedios.com.ar\/diario\/wp-json\/wp\/v2\/posts\/39287\/revisions"}],"predecessor-version":[{"id":39289,"href":"http:\/\/dsrmedios.com.ar\/diario\/wp-json\/wp\/v2\/posts\/39287\/revisions\/39289"}],"wp:featuredmedia":[{"embeddable":true,"href":"http:\/\/dsrmedios.com.ar\/diario\/wp-json\/wp\/v2\/media\/39288"}],"wp:attachment":[{"href":"http:\/\/dsrmedios.com.ar\/diario\/wp-json\/wp\/v2\/media?parent=39287"}],"wp:term":[{"taxonomy":"category","embeddable":true,"href":"http:\/\/dsrmedios.com.ar\/diario\/wp-json\/wp\/v2\/categories?post=39287"},{"taxonomy":"post_tag","embeddable":true,"href":"http:\/\/dsrmedios.com.ar\/diario\/wp-json\/wp\/v2\/tags?post=39287"}],"curies":[{"name":"wp","href":"https:\/\/api.w.org\/{rel}","templated":true}]}}