{"id":39281,"date":"2023-09-06T10:11:20","date_gmt":"2023-09-06T13:11:20","guid":{"rendered":"http:\/\/dsrmedios.com.ar\/diario\/?p=39281"},"modified":"2023-09-06T10:11:24","modified_gmt":"2023-09-06T13:11:24","slug":"los-gremios-organizan-un-masivo-apoyo-a-sergio-massa-y-axel-kicillof","status":"publish","type":"post","link":"http:\/\/dsrmedios.com.ar\/diario\/archivos\/39281","title":{"rendered":"Los gremios organizan un masivo apoyo a Sergio Massa y Axel Kicillof"},"content":{"rendered":"\n<p>Los&nbsp;<strong>gremios<\/strong>&nbsp;nucleados en la Mesa Sindical de la regi\u00f3n capital se juntan para expresar su apoyo a las candidaturas de&nbsp;<strong>Sergio Massa<\/strong>&nbsp;y de&nbsp;<strong>Axel Kicillof<\/strong>. Ya lo ven\u00edan organizando de antes, pero ahora ser\u00e1 con m\u00e1s entusiasmo por&nbsp;<a href=\"https:\/\/infocielo.com\/politica-y-economia\/paritarias-bonaerenses-bono-y-suba-adicional-septiembre-n770881\" target=\"_blank\" rel=\"noreferrer noopener\">la recomposici\u00f3n salarial que implement\u00f3 el gobierno bonaerense<\/a>. El encuentro comienza a las 9.30 y ser\u00e1 en el camping de Punta Lara.<\/p>\n\n\n\n<p>Desde la organizaci\u00f3n\u00a0<strong>esperan la presencia de unas 500 personas<\/strong>\u00a0incluyendo a secretarios generales y delegados gremiales de La Plata, Berisso y Ensenada. La asistencia que no est\u00e1 confirmada es la del propio gobernador de la Provincia.<\/p>\n\n\n\n<p>La Mesa Sindical aprovechar\u00e1 la oportunidad para manifestar su respaldo hacia los candidatos locales de Uni\u00f3n por la Patria:&nbsp;<strong>Julio Alak<\/strong>,&nbsp;<strong>Fabi\u00e1n Cagliardi<\/strong>&nbsp;y&nbsp;<strong>Mario Secco<\/strong>.<\/p>\n\n\n\n<figure class=\"wp-block-image\"><img decoding=\"async\" src=\"https:\/\/media.infocielo.com\/p\/abc5d03468170389534ba58927ffd150\/adjuntos\/299\/imagenes\/001\/706\/0001706865\/887x0\/smart\/whatsapp-image-2023-09-01-at-145107jpeg.jpeg\" alt=\"\" title=\"\"\/><\/figure>\n\n\n\n<p><strong>Axel Kicillof supo construir una relaci\u00f3n bien aceitada con los sindicatos y hasta los &#8220;homenaje\u00f3&#8221; al colocar en el Ministerio de Trabajo a uno de los suyos<\/strong>: el gremialista&nbsp;<strong>Walter Correa<\/strong>. En los \u00faltimos meses, con la normalizaci\u00f3n de la CGT regional, el gobernador ya recibi\u00f3 varios espaldarazos.<\/p>\n\n\n\n<p><a href=\"https:\/\/infocielo.com\/cgt\/axel-gobernador-alak-intendente-el-mensaje-del-acto-unificacion-la-cgt-regional-la-plata-n758675\" target=\"_blank\" rel=\"noreferrer noopener\">Como se\u00f1al\u00f3 Infocielo<\/a>, en marzo la Confederaci\u00f3n General del Trabajo (<strong>CGT<\/strong>) regional celebr\u00f3 su unidad y normalizaci\u00f3n con un acto en el camping de&nbsp;<strong>Sosba&nbsp;<\/strong>en el municipio de&nbsp;<strong>Ensenada<\/strong>. Desde ah\u00ed, y ante la presencia del gobernador&nbsp;<strong>Kicillof<\/strong>&nbsp;y varios de sus ministros,&nbsp;<strong>llamaron a militar su reelecci\u00f3n y &#8220;recuperar&#8221; la ciudad de La Plata<\/strong>&nbsp;con un gobierno peronista.<\/p>\n\n\n\n<p>Tras 17 a\u00f1os y&nbsp;<a href=\"https:\/\/infocielo.com\/cgt\/la-cgt-regional-la-plata-logro-la-unidad-y-va-la-foto-axel-kicillof-n758488\" target=\"_blank\" rel=\"noreferrer noopener\">varios meses de negociaci\u00f3n<\/a>, los 72 gremios que conforman la&nbsp;<strong>CGT Regional La Plata, Berisso, Ensenada, Magdalena, Brandsen, General Paz y Punta<\/strong>&nbsp;<strong>Indio&nbsp;<\/strong>acordaron la unificaci\u00f3n bajo la conducci\u00f3n del titular del&nbsp;<strong>Sosba<\/strong>,&nbsp;<strong>Julio Castro<\/strong>, el tesorero de&nbsp;<strong>UPCN<\/strong>,&nbsp;<strong>H\u00e9ctor Nieves<\/strong>, y el secretario local de la&nbsp;<strong>UOM<\/strong>,&nbsp;<strong>Nino di Tomaso<\/strong>.<\/p>\n\n\n\n<figure class=\"wp-block-image\"><img decoding=\"async\" src=\"https:\/\/media.infocielo.com\/p\/29600abba292e0149a4b3ade1aa5359d\/adjuntos\/299\/imagenes\/001\/708\/0001708722\/axel-kicillof-sindicatos-recomposicion-salarial-septiembrejpg.jpg?2023-09-06-07-04-53\" alt=\"Los principales dirigentes gremiales de la Provincia se reunieron con Axel Kicillof para acordar un bono y una suba salarial adicional en septiembre.\" title=\"Los principales dirigentes gremiales de la Provincia se reunieron con Axel Kicillof para acordar un bono y una suba salarial adicional en septiembre.\"\/><\/figure>\n\n\n\n<p>Los principales dirigentes gremiales de la Provincia se reunieron con Axel Kicillof para acordar un bono y una suba salarial adicional en septiembre.<\/p>\n\n\n\n<p><strong><a href=\"https:\/\/infocielo.com\/politica-y-economia\/axel-kicillof-recibio-el-apoyo-la-cupula-la-cta-autonoma-n770405\" target=\"_blank\" rel=\"noreferrer noopener\">Esta semana, sin ir m\u00e1s lejos, tuvo un encuentro con dirigentes de la CTA Aut\u00f3noma<\/a><\/strong>, con quienes analiz\u00f3 el escenario pol\u00edtico electoral tras el triunfo de&nbsp;<strong>Javier Milei<\/strong>&nbsp;y en las elecciones PASO nacionales y el de Kicillof en territorio bonaerense.<\/p>\n\n\n\n<p>All\u00ed, el dirigente Hugo &#8220;Cachorro&#8221; Godoy destac\u00f3 &#8220;la importancia que ha adquirido el hecho de que en la provincia de Buenos Aires se haya se haya puesto un freno \u2013que esperamos se profundice en las pr\u00f3ximas elecciones\u2013 al avance de los sectores de la reacci\u00f3n conservadora que expresan Milei y (Patricia) Bullrich&#8221;.<\/p>\n\n\n\n<p>Fuente: Infocielo<\/p>\n","protected":false},"excerpt":{"rendered":"<div class=\"mh-excerpt\"><p>Los&nbsp;gremios&nbsp;nucleados en la Mesa Sindical de la regi\u00f3n capital se juntan para expresar su apoyo a las candidaturas de&nbsp;Sergio Massa&nbsp;y de&nbsp;Axel Kicillof. Ya lo ven\u00edan organizando de antes, pero ahora ser\u00e1 con m\u00e1s entusiasmo por&nbsp;la recomposici\u00f3n salarial que implement\u00f3 el gobierno bonaerense. El encuentro comienza a las 9.30 y ser\u00e1 en el camping de Punta Lara. Desde la organizaci\u00f3n\u00a0esperan la presencia de unas 500 personas\u00a0incluyendo a secretarios generales y delegados gremiales de La Plata, Berisso y Ensenada. La asistencia que no est\u00e1 confirmada es la del propio gobernador de la Provincia. La Mesa Sindical aprovechar\u00e1 la oportunidad para manifestar su <a class=\"mh-excerpt-more\" href=\"http:\/\/dsrmedios.com.ar\/diario\/archivos\/39281\" title=\"Los gremios organizan un masivo apoyo a Sergio Massa y Axel Kicillof\">[Leer m\u00e1s]<\/a><\/p>\n<\/div>","protected":false},"author":8,"featured_media":39283,"comment_status":"open","ping_status":"closed","sticky":false,"template":"","format":"standard","meta":{"_jetpack_newsletter_access":""},"categories":[6],"tags":[],"jetpack_featured_media_url":"http:\/\/dsrmedios.com.ar\/diario\/wp-content\/uploads\/2023\/09\/axel-kicillof-sindicatos-recomposicion-salarial-septiembrejpg.webp","jetpack_sharing_enabled":true,"jetpack_shortlink":"https:\/\/wp.me\/p9fihK-adz","_links":{"self":[{"href":"http:\/\/dsrmedios.com.ar\/diario\/wp-json\/wp\/v2\/posts\/39281"}],"collection":[{"href":"http:\/\/dsrmedios.com.ar\/diario\/wp-json\/wp\/v2\/posts"}],"about":[{"href":"http:\/\/dsrmedios.com.ar\/diario\/wp-json\/wp\/v2\/types\/post"}],"author":[{"embeddable":true,"href":"http:\/\/dsrmedios.com.ar\/diario\/wp-json\/wp\/v2\/users\/8"}],"replies":[{"embeddable":true,"href":"http:\/\/dsrmedios.com.ar\/diario\/wp-json\/wp\/v2\/comments?post=39281"}],"version-history":[{"count":1,"href":"http:\/\/dsrmedios.com.ar\/diario\/wp-json\/wp\/v2\/posts\/39281\/revisions"}],"predecessor-version":[{"id":39284,"href":"http:\/\/dsrmedios.com.ar\/diario\/wp-json\/wp\/v2\/posts\/39281\/revisions\/39284"}],"wp:featuredmedia":[{"embeddable":true,"href":"http:\/\/dsrmedios.com.ar\/diario\/wp-json\/wp\/v2\/media\/39283"}],"wp:attachment":[{"href":"http:\/\/dsrmedios.com.ar\/diario\/wp-json\/wp\/v2\/media?parent=39281"}],"wp:term":[{"taxonomy":"category","embeddable":true,"href":"http:\/\/dsrmedios.com.ar\/diario\/wp-json\/wp\/v2\/categories?post=39281"},{"taxonomy":"post_tag","embeddable":true,"href":"http:\/\/dsrmedios.com.ar\/diario\/wp-json\/wp\/v2\/tags?post=39281"}],"curies":[{"name":"wp","href":"https:\/\/api.w.org\/{rel}","templated":true}]}}