{"id":39261,"date":"2023-09-06T09:57:56","date_gmt":"2023-09-06T12:57:56","guid":{"rendered":"http:\/\/dsrmedios.com.ar\/diario\/?p=39261"},"modified":"2023-09-06T09:58:00","modified_gmt":"2023-09-06T12:58:00","slug":"las-dos-preocupaciones-de-sergio-massa-en-la-campana-de-cara-a-las-elecciones-de-octubre","status":"publish","type":"post","link":"http:\/\/dsrmedios.com.ar\/diario\/archivos\/39261","title":{"rendered":"Las dos preocupaciones de Sergio Massa en la campa\u00f1a de cara a las elecciones de octubre"},"content":{"rendered":"\n<p>En el segundo tramo de la campa\u00f1a, en el&nbsp;<strong>peronismo&nbsp;<\/strong>trabajan sobre la idea de que entrar\u00e1n al balotaje a pelear la presidencia con<strong>&nbsp;Javier Milei.<\/strong>&nbsp;Est\u00e1n convencidos de que<strong>&nbsp;Patricia Bullrich<\/strong>&nbsp;no tiene capacidad de aumentar su caudal electoral para quedarse con el segundo lugar y que se tendr\u00e1 que conformar con el tercer puesto.&nbsp;<strong>\u201cEst\u00e1 fuera de juego\u201d<\/strong>, repiten.<\/p>\n\n\n\n<p>La preocupaci\u00f3n principal es otra. En verdad,&nbsp;<strong>son dos<\/strong>. Pero ambas est\u00e1n atadas al candidato de La Libertad Avanza (LLA). La primera est\u00e1 proyectada en base al enojo que se generar\u00e1 en la sociedad cuando conozca que la inflaci\u00f3n de agosto tendr\u00e1 dos cifras, dato que se conocer\u00e1 el 13 de septiembre. \u00bfQui\u00e9n canalizar\u00e1 ese enojo? \u201c<strong>Milei\u201d,<\/strong>&nbsp;responden a coro en todos los sectores de la coalici\u00f3n.<\/p>\n\n\n\n<p>En algunas terminales del oficialismo matizan esa posible reacci\u00f3n.<strong>&nbsp;\u201cLos dos d\u00edgitos ser\u00e1n una mancha m\u00e1s al tigre. No va a cambiar demasiado\u201d<\/strong>, asegur\u00f3 un dirigente de extrema confianza de Sergio Massa. Otro, tambi\u00e9n cercano al ministro de Econom\u00eda, se mostr\u00f3 m\u00e1s preocupado: \u201cQue sea 8 o 9 es lo mismo. Pero las dos cifras no es mismo. Va a estar dif\u00edcil\u201d.<\/p>\n\n\n\n<p>Lo cierto es que temen que el libertario coseche todo el malestar, concentre mayor cantidad de votos y termine dan un salto cuantitativo que lo convierta en ganador en las elecciones generales de octubre. Para eso deber\u00eda sacar el 10% de diferencia respecto al segundo o alcanzar el 45 por ciento. Las proyecciones que hacen son sobre la primera opci\u00f3n.<\/p>\n\n\n\n<p><img decoding=\"async\" loading=\"lazy\" alt=\"Javier Milei encabez\u00f3 una caravana en La Matanza. Busca aumentar el caudal de votos en el conurbano\" height=\"463\" width=\"816\" src=\"https:\/\/www.infobae.com\/new-resizer\/UAYWth1pQ84R5jBaKjMxWSGZZgA=\/arc-anglerfish-arc2-prod-infobae\/public\/D2CKS2RMT5FITHO3VSARVTGUPQ.jpeg\" srcset=\"https:\/\/www.infobae.com\/new-resizer\/wiKheO8I8UnMwpVMLLyxqNzcnpU=\/420x236\/filters:format(webp):quality(85)\/cloudfront-us-east-1.images.arcpublishing.com\/infobae\/D2CKS2RMT5FITHO3VSARVTGUPQ.jpeg 420w,https:\/\/www.infobae.com\/new-resizer\/O9FsBybGG7wiJJ4w7t5qn2s1A_Q=\/768x432\/filters:format(webp):quality(85)\/cloudfront-us-east-1.images.arcpublishing.com\/infobae\/D2CKS2RMT5FITHO3VSARVTGUPQ.jpeg 768w,https:\/\/www.infobae.com\/new-resizer\/bJN3vAz9rzV7sj5GwADlpaHHdoI=\/992x558\/filters:format(webp):quality(85)\/cloudfront-us-east-1.images.arcpublishing.com\/infobae\/D2CKS2RMT5FITHO3VSARVTGUPQ.jpeg 992w,https:\/\/www.infobae.com\/new-resizer\/ERPFjAbHVB9n83tyua-cOSXyeEk=\/1200x675\/filters:format(webp):quality(85)\/cloudfront-us-east-1.images.arcpublishing.com\/infobae\/D2CKS2RMT5FITHO3VSARVTGUPQ.jpeg 1200w,https:\/\/www.infobae.com\/new-resizer\/4GpsY29cM1tW1OtWBff4iclCczo=\/1440x810\/filters:format(webp):quality(85)\/cloudfront-us-east-1.images.arcpublishing.com\/infobae\/D2CKS2RMT5FITHO3VSARVTGUPQ.jpeg 1440w\">Javier Milei encabez\u00f3 una caravana en La Matanza. Busca aumentar el caudal de votos en el conurbano<\/p>\n\n\n\n<p><strong>\u201cMilei crece y a nosotros nos quedan dos meses de malas noticias<\/strong>. Es muy dif\u00edcil la tarea que tenemos. Nos cuesta mucho enamorar a los votantes. Y no sabemos cu\u00e1ntos de todos los que no fueron a votar pueden sumarse a su candidatura\u201d, reflexion\u00f3 un alto funcionario del gobierno nacional.<\/p>\n\n\n\n<p><strong>La segunda preocupaci\u00f3n est\u00e1 ligada a la posibilidad de que la candidatura de Bullrich se desinfle m\u00e1s de lo que estiman&nbsp;<\/strong>y que esos votos sean capturados por el libertario. Incluso estiman que pueden ocurrir ambos movimientos y que ese combo podr\u00eda generar que Milei termine el juego electoral con un jaque mate en octubre.<\/p>\n\n\n\n<p>\u201cNecesitamos que Patricia no se caiga tanto porque sino Milei nos va terminar ganando en la primera vuelta. Existen cada vez m\u00e1s votantes que temen por un gobierno de \u00e9l. Nosotros tenemos que exponerlo y tratar de capturar votos de todos los lugares posibles\u201d, se sincer\u00f3 un funcionario nacional que habla en forma frecuente con el candidato a presidente de Uni\u00f3n por la Patria (UP).<\/p>\n\n\n\n<p>Un ministro del gabinete nacional fue a\u00fan m\u00e1s expl\u00edcito:&nbsp;<strong>\u201cHay que rezar para que Patricia no se caiga a pedazos porque sino estamos listos\u201d<\/strong>. En el peronismo conviven con el temor de que la elecci\u00f3n se termine en octubre y el optimismo de poder llegar al balotaje y hacer fuerte la campa\u00f1a del miedo frente a la figura de Milei.<\/p>\n\n\n\n<p><img decoding=\"async\" loading=\"lazy\" alt=\"En el oficialismo creen que Patricia Bullrich est\u00e1 &quot;fuera de juego&quot; pero temen que su candidatura se desinfle demasiado\" height=\"1080\" width=\"1920\" src=\"https:\/\/www.infobae.com\/new-resizer\/yWEp_-XzqNpu8KrnolHOHRyG8m4=\/arc-anglerfish-arc2-prod-infobae\/public\/WOLGTWOZK5EGTI3XKWYJSGU6TY.jpg\" srcset=\"https:\/\/www.infobae.com\/new-resizer\/bmyGO8mLQb2XZwAGFb-pPGRaHcw=\/420x236\/filters:format(webp):quality(85)\/cloudfront-us-east-1.images.arcpublishing.com\/infobae\/WOLGTWOZK5EGTI3XKWYJSGU6TY.jpg 420w,https:\/\/www.infobae.com\/new-resizer\/DE1n7qMJsWRSxR4n4asTcNiVTes=\/768x432\/filters:format(webp):quality(85)\/cloudfront-us-east-1.images.arcpublishing.com\/infobae\/WOLGTWOZK5EGTI3XKWYJSGU6TY.jpg 768w,https:\/\/www.infobae.com\/new-resizer\/Ri-7byNVp9EB2GCGr4t6mpzyF6g=\/992x558\/filters:format(webp):quality(85)\/cloudfront-us-east-1.images.arcpublishing.com\/infobae\/WOLGTWOZK5EGTI3XKWYJSGU6TY.jpg 992w,https:\/\/www.infobae.com\/new-resizer\/8BZG6sPxmQMb5v9aUQo8O47Oy6U=\/1200x675\/filters:format(webp):quality(85)\/cloudfront-us-east-1.images.arcpublishing.com\/infobae\/WOLGTWOZK5EGTI3XKWYJSGU6TY.jpg 1200w,https:\/\/www.infobae.com\/new-resizer\/4Wiu80jUKncVeCGuJO-fi1mHgxI=\/1440x810\/filters:format(webp):quality(85)\/cloudfront-us-east-1.images.arcpublishing.com\/infobae\/WOLGTWOZK5EGTI3XKWYJSGU6TY.jpg 1440w\">En el oficialismo creen que Patricia Bullrich est\u00e1 &#8220;fuera de juego&#8221; pero temen que su candidatura se desinfle demasiado<\/p>\n\n\n\n<p>El diputado de LLA hizo una elecci\u00f3n muy buena en los principales distritos electorales del pa\u00eds. Gan\u00f3 en Mendoza, C\u00f3rdoba, Santa Fe y Tucum\u00e1n.<strong>\u00a0En el peronismo no encuentran motivos para que su caudal de votos no se ampl\u00ede de cara a la elecci\u00f3n general.\u00a0<\/strong>Tiene el caballo ganador y expresa el cambio profundo frente a un oficialismo que intenta reinventarse en medio de una inflaci\u00f3n descontrolada.<\/p>\n\n\n\n<p>Adem\u00e1s, creen que no le hace falta demasiada estructura para poder fiscalizar los votos porque el caudal puede ser muy grande.<strong>&nbsp;\u201cMilei no fue a Salta ni de vacaciones y sac\u00f3 el 49%<\/strong>. No tiene concejales, ni fiscales, ni gobernadores, ni legisladores. Pero gan\u00f3 en casi todo el pa\u00eds\u201d, reflexionaron en el coraz\u00f3n del massismo.<\/p>\n\n\n\n<p>La clave est\u00e1 en que ese caudal de votos no rompa los l\u00edmites de distancia con Massa. Por eso en el oficialismo est\u00e1n enfocados en mejorar la elecci\u00f3n en la provincia de Buenos Aires, donde hay miles de votos acumulados en el conurbano que no acompa\u00f1aron al peronismo en las PASO. Axel Kicillof ser\u00e1 una pieza importante para marcar la diferencia en el territorio m\u00e1s poblado del pa\u00eds.<\/p>\n\n\n\n<p>Con Milei primero en todas las encuestas -con una diferencia de entre cuatro y seis puntos sobre Massa-, el objetivo central de la campa\u00f1a de UP es solidificar el segundo lugar, romper la barrera de los 30 puntos (sacaron 27 en las primarias) y postergar el cierre de la elecci\u00f3n presidencial para noviembre.<\/p>\n\n\n\n<p><img decoding=\"async\" loading=\"lazy\" alt=\"Sergio Massa durante su recorrida en C\u00f3rdoba, una de las provincias donde ir\u00e1 a buscar votos que le permitan llegar al balotaje (X @SergioMassa)\" height=\"720\" width=\"1280\" src=\"https:\/\/www.infobae.com\/new-resizer\/THKGQjqgOsgbtlFBe9dNB1qeFEQ=\/arc-anglerfish-arc2-prod-infobae\/public\/HEBEAM5DNZEL7FDBMZ2MHZV77Q.jpg\" srcset=\"https:\/\/www.infobae.com\/new-resizer\/8xyFovS2pf7J01FSU1F4e6dakgg=\/420x236\/filters:format(webp):quality(85)\/cloudfront-us-east-1.images.arcpublishing.com\/infobae\/HEBEAM5DNZEL7FDBMZ2MHZV77Q.jpg 420w,https:\/\/www.infobae.com\/new-resizer\/C-4YumM45KUwvEZ3pLUBdqUL9UE=\/768x432\/filters:format(webp):quality(85)\/cloudfront-us-east-1.images.arcpublishing.com\/infobae\/HEBEAM5DNZEL7FDBMZ2MHZV77Q.jpg 768w,https:\/\/www.infobae.com\/new-resizer\/RGk-PybbS2EQKna-ja3dxokKCTA=\/992x558\/filters:format(webp):quality(85)\/cloudfront-us-east-1.images.arcpublishing.com\/infobae\/HEBEAM5DNZEL7FDBMZ2MHZV77Q.jpg 992w,https:\/\/www.infobae.com\/new-resizer\/4D2mpVSMsRRDaXe0RGrNl1sh7tk=\/1200x675\/filters:format(webp):quality(85)\/cloudfront-us-east-1.images.arcpublishing.com\/infobae\/HEBEAM5DNZEL7FDBMZ2MHZV77Q.jpg 1200w,https:\/\/www.infobae.com\/new-resizer\/AQx48P-6oYrEt0mn25oHuKPeiUg=\/1440x810\/filters:format(webp):quality(85)\/cloudfront-us-east-1.images.arcpublishing.com\/infobae\/HEBEAM5DNZEL7FDBMZ2MHZV77Q.jpg 1440w\">Sergio Massa durante su recorrida en C\u00f3rdoba, una de las provincias donde ir\u00e1 a buscar votos que le permitan llegar al balotaje (X @SergioMassa)<\/p>\n\n\n\n<p>Entienden que si lo logran,<strong>&nbsp;en el balotaje podr\u00e1n capturar votos de todo el arco peronista (incluso el peronismo cordob\u00e9s), el radicalismo, la Coalici\u00f3n C\u00edvica, la izquierda y las fuerzas menores&nbsp;<\/strong>que quedaron en el camino durante el proceso electoral. En ese escenario hay muchas peceras donde ir a buscar votos que permitan un crecimiento exponencial de la candidatura de Massa y un posterior triunfo.<\/p>\n\n\n\n<p>M\u00e1s all\u00e1 de que las encuestas que tienen actualmente proyectan un resultado negativo en ese eventual escenario de balotaje, no creen que sea una utop\u00eda.<\/p>\n\n\n\n<p>No es casual que por estos d\u00edas el ministro de Econom\u00eda hable de la construcci\u00f3n de un gobierno de&nbsp;<strong>\u201cunidad nacional\u201d<\/strong>&nbsp;para la etapa de gesti\u00f3n que viene. El lunes, durante una cena de UP, Massa utiliz\u00f3 la frase que pronunci\u00f3 Juan Domingo Per\u00f3n cuando regres\u00f3 a la Argentina en 1973. Un concepto que busca abrir puertas m\u00e1s all\u00e1 del peronismo.<\/p>\n\n\n\n<p>\u201cNosotros desde el 10 de diciembre vamos a convocar a un gobierno de unidad nacional bajo la consigna de que en este tiempo&nbsp;<strong>para un argentino no hay nada mejor que otro argentino\u201d<\/strong>, sostuvo. Massa imagina un gobierno donde pueda estrechar lazos con el peronismo cordob\u00e9s y con una parte del radicalismo. Una gesti\u00f3n que lo saque del encierro en el que qued\u00f3 el Frente de Todos.<\/p>\n\n\n\n<p>En este tramo de la campa\u00f1a el ministro de Econom\u00eda saldr\u00e1 a buscar a votantes que acompa\u00f1aron a la oposici\u00f3n en las elecciones primarias.&nbsp;<strong>Quiere capturar el \u201cvoto blando\u201d de Juntos por el Cambio y de La Libertad Avanza.&nbsp;<\/strong>Porque, seg\u00fan advierten en el b\u00fanker oficialista, \u201cuno de cada 10 votos de Milei son blandos\u201d. El objetivo es convencer a ese votante de que las propuestas libertarias son inviables para la Argentina.<\/p>\n\n\n\n<p><img decoding=\"async\" loading=\"lazy\" alt=\"En el peronismo preocupa mucho el impacto que tendr\u00e1 el nuevo registro de inflaci\u00f3n en el segundo tramo de la campa\u00f1a (REUTERS)\" height=\"3339\" width=\"5000\" src=\"https:\/\/www.infobae.com\/new-resizer\/bbCFWDaRIGc-KK9aONdD31kW_ts=\/arc-anglerfish-arc2-prod-infobae\/public\/2NZPDCS5E3W757W2AEFIFIOTVQ.jpg\" srcset=\"https:\/\/www.infobae.com\/new-resizer\/Tc9qffs7zyUIwxLzmCYURql4W4Q=\/420x280\/filters:format(webp):quality(85)\/cloudfront-us-east-1.images.arcpublishing.com\/infobae\/2NZPDCS5E3W757W2AEFIFIOTVQ.jpg 420w,https:\/\/www.infobae.com\/new-resizer\/Rt5Ef5tSO17ZL1Q8-e3wqWgkULk=\/768x512\/filters:format(webp):quality(85)\/cloudfront-us-east-1.images.arcpublishing.com\/infobae\/2NZPDCS5E3W757W2AEFIFIOTVQ.jpg 768w,https:\/\/www.infobae.com\/new-resizer\/ee2fGtrYhQZWTBXtcVNAaitg3Iw=\/992x661\/filters:format(webp):quality(85)\/cloudfront-us-east-1.images.arcpublishing.com\/infobae\/2NZPDCS5E3W757W2AEFIFIOTVQ.jpg 992w,https:\/\/www.infobae.com\/new-resizer\/720kdZIdQriIeAbb_kEgjDDEtMI=\/1200x800\/filters:format(webp):quality(85)\/cloudfront-us-east-1.images.arcpublishing.com\/infobae\/2NZPDCS5E3W757W2AEFIFIOTVQ.jpg 1200w,https:\/\/www.infobae.com\/new-resizer\/iiV485VOWZxJA8IC3LrcyD2Tw8U=\/1440x960\/filters:format(webp):quality(85)\/cloudfront-us-east-1.images.arcpublishing.com\/infobae\/2NZPDCS5E3W757W2AEFIFIOTVQ.jpg 1440w\">En el peronismo preocupa mucho el impacto que tendr\u00e1 el nuevo registro de inflaci\u00f3n en el segundo tramo de la campa\u00f1a (REUTERS)<\/p>\n\n\n\n<p>En el caso de la coalici\u00f3n opositora, buscar\u00e1n capturar votos del radicalismo y del peronismo PRO. Son los dos sectores donde creen que podr\u00edan limitar a Juntos por el Cambio. Pero est\u00e1n expuestos a que esa avanzada sobre los votantes opositores termine desinflando por completo a Bullrich y no les alcancen para quedar a menos de 10 puntos de Milei.<\/p>\n\n\n\n<p>Los votantes de la LLA que puedan capturar son los que expresaron su enojo en las PASO pero pueden reconsiderar su postura frente a la cercan\u00eda con la definici\u00f3n de la elecci\u00f3n. Lo que se pone en juego ahora no es el castigo a la clase pol\u00edtica sino qui\u00e9n gobierna el pa\u00eds a partir del 10 de diciembre.<\/p>\n\n\n\n<p>El peronismo est\u00e1 encerrado en un laberinto del que no sabe c\u00f3mo saldr\u00e1. Pero a\u00fan as\u00ed, se aferra a la\u00a0<strong>inviabilidad de los proyectos del libertario<\/strong>\u00a0para convencer a la mayor\u00eda de los argentinos en un balotaje. A\u00fan creen que pueden. Contra todo pron\u00f3stico.<\/p>\n\n\n\n<p>Fuente: Infobae<\/p>\n","protected":false},"excerpt":{"rendered":"<div class=\"mh-excerpt\"><p>En el segundo tramo de la campa\u00f1a, en el&nbsp;peronismo&nbsp;trabajan sobre la idea de que entrar\u00e1n al balotaje a pelear la presidencia con&nbsp;Javier Milei.&nbsp;Est\u00e1n convencidos de que&nbsp;Patricia Bullrich&nbsp;no tiene capacidad de aumentar su caudal electoral para quedarse con el segundo lugar y que se tendr\u00e1 que conformar con el tercer puesto.&nbsp;\u201cEst\u00e1 fuera de juego\u201d, repiten. La preocupaci\u00f3n principal es otra. En verdad,&nbsp;son dos. Pero ambas est\u00e1n atadas al candidato de La Libertad Avanza (LLA). La primera est\u00e1 proyectada en base al enojo que se generar\u00e1 en la sociedad cuando conozca que la inflaci\u00f3n de agosto tendr\u00e1 dos cifras, dato que se <a class=\"mh-excerpt-more\" href=\"http:\/\/dsrmedios.com.ar\/diario\/archivos\/39261\" title=\"Las dos preocupaciones de Sergio Massa en la campa\u00f1a de cara a las elecciones de octubre\">[Leer m\u00e1s]<\/a><\/p>\n<\/div>","protected":false},"author":8,"featured_media":32248,"comment_status":"open","ping_status":"closed","sticky":false,"template":"","format":"standard","meta":{"_jetpack_newsletter_access":""},"categories":[6],"tags":[],"jetpack_featured_media_url":"http:\/\/dsrmedios.com.ar\/diario\/wp-content\/uploads\/2023\/05\/massa-1024x576-1.jpg","jetpack_sharing_enabled":true,"jetpack_shortlink":"https:\/\/wp.me\/p9fihK-adf","_links":{"self":[{"href":"http:\/\/dsrmedios.com.ar\/diario\/wp-json\/wp\/v2\/posts\/39261"}],"collection":[{"href":"http:\/\/dsrmedios.com.ar\/diario\/wp-json\/wp\/v2\/posts"}],"about":[{"href":"http:\/\/dsrmedios.com.ar\/diario\/wp-json\/wp\/v2\/types\/post"}],"author":[{"embeddable":true,"href":"http:\/\/dsrmedios.com.ar\/diario\/wp-json\/wp\/v2\/users\/8"}],"replies":[{"embeddable":true,"href":"http:\/\/dsrmedios.com.ar\/diario\/wp-json\/wp\/v2\/comments?post=39261"}],"version-history":[{"count":1,"href":"http:\/\/dsrmedios.com.ar\/diario\/wp-json\/wp\/v2\/posts\/39261\/revisions"}],"predecessor-version":[{"id":39263,"href":"http:\/\/dsrmedios.com.ar\/diario\/wp-json\/wp\/v2\/posts\/39261\/revisions\/39263"}],"wp:featuredmedia":[{"embeddable":true,"href":"http:\/\/dsrmedios.com.ar\/diario\/wp-json\/wp\/v2\/media\/32248"}],"wp:attachment":[{"href":"http:\/\/dsrmedios.com.ar\/diario\/wp-json\/wp\/v2\/media?parent=39261"}],"wp:term":[{"taxonomy":"category","embeddable":true,"href":"http:\/\/dsrmedios.com.ar\/diario\/wp-json\/wp\/v2\/categories?post=39261"},{"taxonomy":"post_tag","embeddable":true,"href":"http:\/\/dsrmedios.com.ar\/diario\/wp-json\/wp\/v2\/tags?post=39261"}],"curies":[{"name":"wp","href":"https:\/\/api.w.org\/{rel}","templated":true}]}}