{"id":39257,"date":"2023-09-06T09:56:09","date_gmt":"2023-09-06T12:56:09","guid":{"rendered":"http:\/\/dsrmedios.com.ar\/diario\/?p=39257"},"modified":"2023-09-06T09:56:12","modified_gmt":"2023-09-06T12:56:12","slug":"crisis-en-river-revelaron-quienes-son-los-cuatro-jugadores-que-no-seguiran-el-ano-proximo","status":"publish","type":"post","link":"http:\/\/dsrmedios.com.ar\/diario\/archivos\/39257","title":{"rendered":"Crisis en River: revelaron qui\u00e9nes son los cuatro jugadores que no seguir\u00e1n el a\u00f1o pr\u00f3ximo"},"content":{"rendered":"\n<p>No es una novedad que<a href=\"https:\/\/tn.com.ar\/deportes\/futbol\/2023\/09\/05\/martin-demichelis-y-los-jugadores-de-river-se-juntaron-a-cenar-el-motivo-y-el-lugar-que-los-convoco\/\" target=\"_blank\" rel=\"noreferrer noopener\"><strong>en River hay una crisis deportiva<\/strong><\/a>. Lo admiten los protagonistas y tambi\u00e9n la prensa especializada, que d\u00eda a d\u00eda cubre la actualidad en el club. La eliminaci\u00f3n en la Copa Libertadores fue un golpe duro que aceler\u00f3 algunos procesos y de seguro,<strong>&nbsp;muchos de los \u00eddolos Millonarios no seguir\u00e1n el a\u00f1o pr\u00f3ximo.<\/strong><\/p>\n\n\n\n<p>El periodista\u00a0<strong>Nicol\u00e1s Distasio<\/strong>\u00a0se anim\u00f3 a ponerle nombre propio a esos futbolistas que no seguir\u00e1n e inform\u00f3 que son cuatro los protagonistas.\u00a0<strong>Enzo P\u00e9rez<\/strong>,\u00a0<strong>Bruno Zuculini<\/strong>,<strong>\u00a0Jonathan Maidana<\/strong>\u00a0y\u00a0<strong>Mat\u00edas Su\u00e1rez<\/strong>\u00a0ser\u00edan los jugadores que no continuar\u00e1n despu\u00e9s de diciembre.<\/p>\n\n\n\n<h2>\u201cA Enzo P\u00e9rez le ofrecieron renovar, pero dijo que no\u201d<\/h2>\n\n\n\n<p><strong>\u201cRiver le ofreci\u00f3 en abril renovar el contrato a Enzo P\u00e9rez y \u00e9l dijo que no<\/strong>&nbsp;porque todav\u00eda no sabe qu\u00e9 va a ser de su futuro. De hecho, nosotros venimos contando que hay una lista de jugadores que en diciembre cuando finalicen su contrato seguramente se vayan a replantar la continuidad como son Maidana, Mat\u00edas Su\u00e1rez y Zuculini\u201d, indic\u00f3 Distacio en&nbsp;<em>ESPN<\/em>.<\/p>\n\n\n\n<figure class=\"wp-block-image\"><img decoding=\"async\" src=\"https:\/\/tn.com.ar\/resizer\/CtWH6Ox0KVK1NMDUwkwInyWxDDw=\/767x0\/smart\/filters:format(webp)\/thumbs.vodgc.net\/1-14-IuLbbO1693995457247_1080P.jpg\" alt=\"Video Placeholder\"\/><\/figure>\n\n\n\n<h2>El presidente de River desminti\u00f3 una crisis entre el plantel y el DT<\/h2>\n\n\n\n<p>La pol\u00e9mica se adue\u00f1\u00f3 de la escena en&nbsp;<a href=\"https:\/\/tn.com.ar\/deportes\/futbol\/2023\/09\/04\/aseguran-que-martin-demichelis-debe-atravesar-dos-pruebas-de-fuego-para-seguir-como-dt-de-river-el-lo-sabe\/\"><strong>River<\/strong><\/a>. Los rumores de&nbsp;<a href=\"https:\/\/tn.com.ar\/deportes\/futbol\/2023\/09\/05\/que-paso-entre-los-referentes-de-river-y-demichelis-la-charla-privada-que-se-filtro-y-molesto-al-plantel\/\"><strong>una ruptura interna entre el cuerpo t\u00e9cnico de Mart\u00edn Demichelis y los jugadores referentes del Millonario<\/strong><\/a>&nbsp;son\u00f3 muy fuerte en todo el f\u00fatbol argentino y se desat\u00f3 el esc\u00e1ndalo. Este martes, en la cena anual de la Fundaci\u00f3n River, todas las miradas estuvieron puestas en los detalles. Por eso,&nbsp;<strong>Jorge Brito no esquiv\u00f3 el tema y dej\u00f3 unas palabras tranquilizadoras para los hinchas que no pasaron desapercibidas<\/strong>.<\/p>\n\n\n\n<p>Si bien el presidente de River no se refiri\u00f3 de manera expresa sobre este tema tan pol\u00e9mico,&nbsp;<strong>si lo hizo de manera indirecta<\/strong>. Est\u00e1 claro que los comentarios tuvieron una repercusi\u00f3n impresionante y era imposible no mencionarlo.<\/p>\n\n\n\n<figure class=\"wp-block-image\"><img decoding=\"async\" src=\"https:\/\/tn.com.ar\/resizer\/19hdjrNUFR3NSH3fYvByDjDV49w=\/767x0\/smart\/filters:format(webp)\/cloudfront-us-east-1.images.arcpublishing.com\/artear\/PM2PBK2IEZAOBCTPJJP2Q3K4AQ.jpg\" alt=\"Jorge Brito se refiri\u00f3 a los rumores de ruptura interna en la relaci\u00f3n entre los jugadores de River y Mart\u00edn Demichelis. (Foto: Captura Star +)\"\/><figcaption class=\"wp-element-caption\">Jorge Brito se refiri\u00f3 a los rumores de ruptura interna en la relaci\u00f3n entre los jugadores de River y Mart\u00edn Demichelis. (Foto: Captura Star +)<\/figcaption><\/figure>\n\n\n\n<p>Por eso, Brito tom\u00f3 la palabra en su discurso y dej\u00f3 un mensaje claro. \u201c<strong>Yo desde River tengo la suerte de trabajar en el lugar que quiero y con la gente que quiero<\/strong>. De tener no solo grandes profesionales como los jugadores, en el cuerpo t\u00e9cnico, en la comisi\u00f3n directiva y en todas las areas del club y tener grandes seres humanos que para mi y para nosotros es muy importante\u201d, sostuvo.<\/p>\n\n\n\n<p>Por supuesto, lleg\u00f3 el momento de aportar calma ante tanta pol\u00e9mica y el presidente lo hizo sin dudar: \u201c<strong>Decirles a todos los hinchas que se queden tranquilos, que estamos tan o m\u00e1s unidos que nunca<\/strong>&nbsp;y siempre va a seguir River trabajando de la manera en que lo hicimos y para siempre, porque somos River\u201d.<\/p>\n\n\n\n<p>Esta frase no pas\u00f3 desapercibida y r\u00e1pidamente levant\u00f3 revuelo en las redes sociales ya que Brito no pudo esquivar hablar sobre estos rumores.<\/p>\n\n\n\n<h2>La charla privada de Mart\u00edn Demichelis que molest\u00f3 a los jugadores<\/h2>\n\n\n\n<p>Fue tras&nbsp;<a href=\"https:\/\/tn.com.ar\/deportes\/futbol\/2023\/08\/08\/river-visita-a-inter-de-porto-alegre-en-busca-de-la-clasificacion-a-cuartos-de-final-de-la-copa-libertadores\/\">la dur\u00edsima eliminaci\u00f3n de River en la Copa Libertadores ocurrida en Brasil ante Inter de Porto Alegre<\/a>. El DT habr\u00eda mantenido una charla informal y privada con periodistas que cubren el d\u00eda a d\u00eda del Millonario y algunas de las declaraciones del entrenador habr\u00eda sido filtradas al plantel.&nbsp;<strong>Demichelis se habr\u00eda quejado del nivel de algunos futbolistas en particular a los que mencion\u00f3 con nombres propios<\/strong>&nbsp;y habr\u00eda dejado una frase contundente relacionada con<strong>&nbsp;lo implacable del paso del tiempo<\/strong>&nbsp;para algunos jugadores, sobre todo para algunos de los m\u00e1ximos representantes.<\/p>\n\n\n\n<h2>C\u00f3mo est\u00e1 la relaci\u00f3n de Mart\u00edn Demichelis con el plantel de River<\/h2>\n\n\n\n<p>Esta semana, en tanto, se filtr\u00f3 la informaci\u00f3n que suger\u00eda que algunos de los jugadores que Demichelis se\u00f1al\u00f3 en esa charla que deb\u00eda ser privada ya no iban a ser tenidos en cuenta a partir de diciembre. Ese comentario no solo lleg\u00f3 a los o\u00eddos de esos futbolistas de River, que pidieron una reuni\u00f3n urgente con el DT, sino que los dirigentes tambi\u00e9n se enteraron.<\/p>\n\n\n\n<p>El episodio se suma a una serie de cr\u00edticas deportivas por los consecutivos cambios que lleva a cabo d\u00eda a d\u00eda el t\u00e9cnico del club de N\u00fa\u00f1ez.<\/p>\n\n\n\n<h2>\u201cNo hay un buen clima\u201d<\/h2>\n\n\n\n<p>\u201cMart\u00edn Demichelis entend\u00eda que le iba a alcanzar con este plantel amplio que tiene para pelear la Copa de la Liga y para pensar en a Copa Libertadores del a\u00f1o que viene.\u00a0<strong>Ese escenario cambi\u00f3.\u00a0<\/strong>La eliminaci\u00f3n de la Libertadores fue una explosi\u00f3n en los dirigentes y en el plantel.\u00a0<strong>No hay un buen clima<\/strong>\u201d, revel\u00f3 Gustavo Yarroch, periodista de\u00a0<em>ESPN<\/em>.<\/p>\n\n\n\n<p>Fuente: TN<\/p>\n","protected":false},"excerpt":{"rendered":"<div class=\"mh-excerpt\"><p>No es una novedad queen River hay una crisis deportiva. Lo admiten los protagonistas y tambi\u00e9n la prensa especializada, que d\u00eda a d\u00eda cubre la actualidad en el club. La eliminaci\u00f3n en la Copa Libertadores fue un golpe duro que aceler\u00f3 algunos procesos y de seguro,&nbsp;muchos de los \u00eddolos Millonarios no seguir\u00e1n el a\u00f1o pr\u00f3ximo. El periodista\u00a0Nicol\u00e1s Distasio\u00a0se anim\u00f3 a ponerle nombre propio a esos futbolistas que no seguir\u00e1n e inform\u00f3 que son cuatro los protagonistas.\u00a0Enzo P\u00e9rez,\u00a0Bruno Zuculini,\u00a0Jonathan Maidana\u00a0y\u00a0Mat\u00edas Su\u00e1rez\u00a0ser\u00edan los jugadores que no continuar\u00e1n despu\u00e9s de diciembre. \u201cA Enzo P\u00e9rez le ofrecieron renovar, pero dijo que no\u201d \u201cRiver le <a class=\"mh-excerpt-more\" href=\"http:\/\/dsrmedios.com.ar\/diario\/archivos\/39257\" title=\"Crisis en River: revelaron qui\u00e9nes son los cuatro jugadores que no seguir\u00e1n el a\u00f1o pr\u00f3ximo\">[Leer m\u00e1s]<\/a><\/p>\n<\/div>","protected":false},"author":8,"featured_media":39259,"comment_status":"open","ping_status":"closed","sticky":false,"template":"","format":"standard","meta":{"_jetpack_newsletter_access":""},"categories":[6],"tags":[],"jetpack_featured_media_url":"http:\/\/dsrmedios.com.ar\/diario\/wp-content\/uploads\/2023\/09\/riverjpg.webp","jetpack_sharing_enabled":true,"jetpack_shortlink":"https:\/\/wp.me\/p9fihK-adb","_links":{"self":[{"href":"http:\/\/dsrmedios.com.ar\/diario\/wp-json\/wp\/v2\/posts\/39257"}],"collection":[{"href":"http:\/\/dsrmedios.com.ar\/diario\/wp-json\/wp\/v2\/posts"}],"about":[{"href":"http:\/\/dsrmedios.com.ar\/diario\/wp-json\/wp\/v2\/types\/post"}],"author":[{"embeddable":true,"href":"http:\/\/dsrmedios.com.ar\/diario\/wp-json\/wp\/v2\/users\/8"}],"replies":[{"embeddable":true,"href":"http:\/\/dsrmedios.com.ar\/diario\/wp-json\/wp\/v2\/comments?post=39257"}],"version-history":[{"count":1,"href":"http:\/\/dsrmedios.com.ar\/diario\/wp-json\/wp\/v2\/posts\/39257\/revisions"}],"predecessor-version":[{"id":39260,"href":"http:\/\/dsrmedios.com.ar\/diario\/wp-json\/wp\/v2\/posts\/39257\/revisions\/39260"}],"wp:featuredmedia":[{"embeddable":true,"href":"http:\/\/dsrmedios.com.ar\/diario\/wp-json\/wp\/v2\/media\/39259"}],"wp:attachment":[{"href":"http:\/\/dsrmedios.com.ar\/diario\/wp-json\/wp\/v2\/media?parent=39257"}],"wp:term":[{"taxonomy":"category","embeddable":true,"href":"http:\/\/dsrmedios.com.ar\/diario\/wp-json\/wp\/v2\/categories?post=39257"},{"taxonomy":"post_tag","embeddable":true,"href":"http:\/\/dsrmedios.com.ar\/diario\/wp-json\/wp\/v2\/tags?post=39257"}],"curies":[{"name":"wp","href":"https:\/\/api.w.org\/{rel}","templated":true}]}}