{"id":39253,"date":"2023-09-06T09:55:05","date_gmt":"2023-09-06T12:55:05","guid":{"rendered":"http:\/\/dsrmedios.com.ar\/diario\/?p=39253"},"modified":"2023-09-06T09:55:08","modified_gmt":"2023-09-06T12:55:08","slug":"milei-y-su-equipo-se-complican-con-algunos-temas-propios-pero-reafirman-una-alarmante-vision-de-poder","status":"publish","type":"post","link":"http:\/\/dsrmedios.com.ar\/diario\/archivos\/39253","title":{"rendered":"Milei y su equipo se complican con algunos temas propios, pero reafirman una alarmante visi\u00f3n de poder"},"content":{"rendered":"\n<p><strong>Javier Milei<\/strong>&nbsp;sintetiz\u00f3 discurso y estilo propios para convertirse en candidato exitoso. Ocurre ahora que el discurso&nbsp;<strong>entr\u00f3 en proceso de ajuste<\/strong>&nbsp;y el estilo, extremado,&nbsp;<strong>genera reparos o inquietud<\/strong>. Reacciona mal cuando le se\u00f1alan que varios planteos -en primer lugar,&nbsp;<strong>la dolarizaci\u00f3n, su sello<\/strong>&#8211; est\u00e1n siendo&nbsp;<strong>relativizados<\/strong>, de m\u00ednima, en cuanto a los tiempos que demandar\u00eda su ejecuci\u00f3n. \u00c9l mismo y su equipo remiten con fastidio a la letra m\u00e1s cuidada de sus propuestas para rechazar cualquier giro, pero el eco de la campa\u00f1a es otro:&nbsp;<strong>consignas y escenograf\u00eda fuertes, sin matices<\/strong>. En ese contraste, las respuestas exponen algunos&nbsp;<strong>enredos argumentales<\/strong>&nbsp;y reacciones&nbsp;<strong>descalificadoras<\/strong>, que suman, en todo caso, a&nbsp;<strong>una alarmante visi\u00f3n de poder<\/strong>.<\/p>\n\n\n\n<p>Parece claro que se est\u00e1n produciendo retoques en el discurso. Es notable en las exposiciones de integrantes de su equipo econ\u00f3mico,&nbsp;<strong>no s\u00f3lo en cuanto a la dolarizaci\u00f3n o el futuro del Banco Central<\/strong>, sino adem\u00e1s en relaci\u00f3n con&nbsp;<strong>la reforma del Estado y los planes para \u00e1reas espec\u00edficas como Educaci\u00f3n y pol\u00edtica social<\/strong>. Y es probable que, como efecto hacia el propio interior de La Libertad Avanza, algunas nuevas declaraciones del candidato -como su mirada sobre el recurso del agua potable y la contaminaci\u00f3n-,&nbsp;<strong>merezcan reinterpretaciones<\/strong>.<\/p>\n\n\n\n<p>Al rev\u00e9s, resulta llamativo el juego de mensajes sobre la hip\u00f3tesis de llegar al Gobierno&nbsp;<strong>sin peso decisivo<\/strong>&nbsp;en el Senado y en Diputados y&nbsp;<strong>sin poder territorial propio<\/strong>.<\/p>\n\n\n\n<p>Milei fue sugerente, bastante antes de las PASO, sobre los dos puntos centrales en ese imaginario: convocatoria a\u00a0<strong>consulta popular,<\/strong>\u00a0como elemento de presi\u00f3n sobre el Congreso para avanzar con algunos proyectos, y\u00a0<strong>manejo fiscal<\/strong>\u00a0en el trato con los gobernadores. El primero es un instrumento\u00a0<strong>limitado<\/strong>\u00a0y el segundo, una pieza\u00a0<strong>tradicional<\/strong>\u00a0de la pol\u00edtica,\u00a0<strong>condenada en el discurso<\/strong>.<\/p>\n\n\n\n<p>En este terreno, algunos integrantes de su c\u00edrculo&nbsp;<strong>son realmente expl\u00edcitos<\/strong>. Exponen un criterio reducido sobre el funcionamiento democr\u00e1tico. Y sostienen que si su candidato gana la elecci\u00f3n presidencial, los legisladores&nbsp;<strong>deber\u00edan acatar la \u201cvoluntad popular\u201d<\/strong>. Es decir, una especie de&nbsp;<strong>presidencialismo extremo<\/strong>, sin atender los criterios b\u00e1sicos del sistema y menos a\u00fan, el lugar de las minor\u00edas. Esto \u00faltimo, las minor\u00edas, ser\u00eda respecto de la elecci\u00f3n presidencial&nbsp;<strong>pero no en las c\u00e1maras del Congreso<\/strong>, cuyo recambio no es definido en un turno electoral sino en funci\u00f3n de tendencias m\u00e1s extendidas en el tiempo.<\/p>\n\n\n\n<p><img decoding=\"async\" loading=\"lazy\" alt=\"Dif\u00edcil juego de tres. Milei, Bullrich y Massa tratan de elegir el rival para polarizar\" height=\"1080\" width=\"1920\" src=\"https:\/\/www.infobae.com\/new-resizer\/kix7gVkIJ3v1lL6o3MSzZuzphiU=\/arc-anglerfish-arc2-prod-infobae\/public\/6ZJPZZIU3VHPDGO3KVJ3W3MJLM.jpg\" srcset=\"https:\/\/www.infobae.com\/new-resizer\/pp3k9802scXCKfO0dLAXEI9YwAA=\/420x236\/filters:format(webp):quality(85)\/cloudfront-us-east-1.images.arcpublishing.com\/infobae\/6ZJPZZIU3VHPDGO3KVJ3W3MJLM.jpg 420w,https:\/\/www.infobae.com\/new-resizer\/upv-n3YL_RmbJTbdvaKGgIu2Ztk=\/768x432\/filters:format(webp):quality(85)\/cloudfront-us-east-1.images.arcpublishing.com\/infobae\/6ZJPZZIU3VHPDGO3KVJ3W3MJLM.jpg 768w,https:\/\/www.infobae.com\/new-resizer\/h_ys2ag0HzXF-WeWqsLQSqaew1c=\/992x558\/filters:format(webp):quality(85)\/cloudfront-us-east-1.images.arcpublishing.com\/infobae\/6ZJPZZIU3VHPDGO3KVJ3W3MJLM.jpg 992w,https:\/\/www.infobae.com\/new-resizer\/p44DronWRt_zcnf94tWWBzozw2g=\/1200x675\/filters:format(webp):quality(85)\/cloudfront-us-east-1.images.arcpublishing.com\/infobae\/6ZJPZZIU3VHPDGO3KVJ3W3MJLM.jpg 1200w,https:\/\/www.infobae.com\/new-resizer\/R-QeHDxDGjc-HC7gJDeMq_9nF2c=\/1440x810\/filters:format(webp):quality(85)\/cloudfront-us-east-1.images.arcpublishing.com\/infobae\/6ZJPZZIU3VHPDGO3KVJ3W3MJLM.jpg 1440w\">Dif\u00edcil juego de tres. Milei, Bullrich y Massa tratan de elegir el rival para polarizar<\/p>\n\n\n\n<p>La m\u00e1s expresiva en ese punto fue, de entrada,\u00a0<strong>Carolina P\u00edparo<\/strong>. \u201cA ver si entendemos que los diputados representamos al pueblo\u201d, tuite\u00f3 poco despu\u00e9s de las primarias. El Congreso, visto as\u00ed,\u00a0<strong>deber\u00eda alinearse con el Ejecutivo mec\u00e1nicamente<\/strong>. Una\u00a0<strong>extra\u00f1a concepci\u00f3n<\/strong>\u00a0del funcionamiento de los poderes. Otros, en cambio, fueron menos directos que la candidata a gobernadora de Buenos Aires. Pero en todos los casos, sobrevuela\u00a0<strong>un fuerte sentido plebiscitario<\/strong>,\u00a0<strong>desajustado adem\u00e1s del mecanismo electoral argentino<\/strong>, que permite consagrar presidente con poco m\u00e1s del 40% o del 45% de los votos, seg\u00fan el caso, en primera vuelta.<\/p>\n\n\n\n<p>El otro punto -el manejo de fondos- fue puesto sobre la mesa por&nbsp;<strong>Marcela Pagano<\/strong>, en una entrevista por TN que pas\u00f3 algo inadvertida. La periodista y candidata a diputada destac\u00f3 que muchos legisladores seguramente opositores a un eventual gobierno en manos libertarias&nbsp;<strong>responder\u00edan de manera directa a los gobernadores de sus distritos<\/strong>. Es algo palpable en el Senado y m\u00e1s difuso en Diputados. No es el tema central. En cualquier caso, se trat\u00f3 de una descripci\u00f3n que&nbsp;<strong>anticipaba el remate<\/strong>: las necesidades econ\u00f3micas de los jefes provinciales&nbsp;<strong>atadas a la decisi\u00f3n del Ejecutivo nacional<\/strong>.<\/p>\n\n\n\n<p>La candidata fue enf\u00e1tica al se\u00f1alar que&nbsp;<strong>la \u201cfirma\u201d para esos fondos ser\u00eda la de Milei<\/strong>. Se refer\u00eda a las&nbsp;<strong>transferencias discrecionales<\/strong>, cuyo fin figuraba en algunas de las promesas electorales. Dicho de otra forma:&nbsp;<strong>se trata del uso de un elemento absolutamente distorsivo de financiamiento de las provincias, en el juego de poder tradicional<\/strong>. Se supone que al menos, salvo casos excepcionales o de emergencias, tales fondos deber\u00edan seguir la l\u00f3gica de la coparticipaci\u00f3n, discutible -de hecho, en larga espera de reforma- pero&nbsp;<strong>menos arbitraria que la \u201cfirma\u201d presidencial<\/strong>.<\/p>\n\n\n\n<p>Los temas en ajuste ocupan otros rubros. Y la dolarizaci\u00f3n sigue en el rengl\u00f3n n\u00famero uno. Por supuesto,&nbsp;<strong>es un flanco de debate<\/strong>. El oficialismo lo rechaza y lo incluye como un foco principal de disputa. Asom\u00f3 como el costado m\u00e1s vistoso y&nbsp;<strong>Sergio Massa<\/strong>&nbsp;lo coloca entre sus principales advertencias, en el intento de&nbsp;<strong>polarizar<\/strong>&nbsp;con Milei.&nbsp;<strong>Patricia Bullrich<\/strong>&nbsp;dio un giro al sumar a&nbsp;<strong>Carlos Melconian<\/strong>, que se meti\u00f3 de lleno en las diferencias discursivas del equipo del libertario, ironiz\u00f3 al decir que la idea&nbsp;<strong>\u201cest\u00e1 a punto de archivarse\u201d<\/strong>&nbsp;y hasta logr\u00f3&nbsp;<strong>alg\u00fan cruce correspondido por Milei<\/strong>, que de entrada&nbsp;<strong>jug\u00f3 a ignorarlo<\/strong>.<\/p>\n\n\n\n<p>Todo eso, es decir los movimientos de los rivales, escapa finalmente a la botonera de la campa\u00f1a de La Libertad Avanza. Pero en rigor, el enredo&nbsp;<strong>es obra de algunas idas y vueltas en el c\u00edrculo de Milei<\/strong>. Esta semana,&nbsp;<strong>Dar\u00edo Epstein<\/strong>&nbsp;insisti\u00f3 con describir la dolarizaci\u00f3n como un proceso sin tiempo fijado de comienzo. \u201cJavier tiene una propuesta de dolarizaci\u00f3n muy concreta,&nbsp;<strong>tan concreta que no vamos a dolarizar si no hay d\u00f3lares<\/strong>\u201d, jug\u00f3 ante el p\u00fablico en un ciclo organizado por Clar\u00edn. Por supuesto, se\u00f1al\u00f3 que&nbsp;<strong>la primera tarea<\/strong>&nbsp;es bajar sin vueltas el d\u00e9ficit. Un objetivo&nbsp;<strong>ligado adem\u00e1s a otros presupuestos<\/strong>, como administrar el sistema de programas sociales y generar empleo.<\/p>\n\n\n\n<p>Milei reacciona con enojo, y hasta estalla, cuando le sugieren el teorema de Baglini, ante la posibilidad de llegar al poder. Escala al punto de\u00a0<strong>descalificar y atacar<\/strong>\u00a0a un medio o a un periodista frente a un se\u00f1alamiento que el resulta inc\u00f3modo. El \u00faltimo episodio fue con La Naci\u00f3n, a ra\u00edz de un art\u00edculo sobre\u00a0<strong>los cambios en la propuesta referida a tenencia y portaci\u00f3n de armas<\/strong>. Puede que acotar o moderar el discurso sea un juego t\u00e1ctico de campa\u00f1a, o un acomodamiento frente a las chances electorales.\u00a0<strong>Pero tambi\u00e9n las reacciones personales son un dato pol\u00edtico en ese camino<\/strong>.<\/p>\n\n\n\n<p>Fuente: Infobae<\/p>\n","protected":false},"excerpt":{"rendered":"<div class=\"mh-excerpt\"><p>Javier Milei&nbsp;sintetiz\u00f3 discurso y estilo propios para convertirse en candidato exitoso. Ocurre ahora que el discurso&nbsp;entr\u00f3 en proceso de ajuste&nbsp;y el estilo, extremado,&nbsp;genera reparos o inquietud. Reacciona mal cuando le se\u00f1alan que varios planteos -en primer lugar,&nbsp;la dolarizaci\u00f3n, su sello&#8211; est\u00e1n siendo&nbsp;relativizados, de m\u00ednima, en cuanto a los tiempos que demandar\u00eda su ejecuci\u00f3n. \u00c9l mismo y su equipo remiten con fastidio a la letra m\u00e1s cuidada de sus propuestas para rechazar cualquier giro, pero el eco de la campa\u00f1a es otro:&nbsp;consignas y escenograf\u00eda fuertes, sin matices. En ese contraste, las respuestas exponen algunos&nbsp;enredos argumentales&nbsp;y reacciones&nbsp;descalificadoras, que suman, en todo caso, <a class=\"mh-excerpt-more\" href=\"http:\/\/dsrmedios.com.ar\/diario\/archivos\/39253\" title=\"Milei y su equipo se complican con algunos temas propios, pero reafirman una alarmante visi\u00f3n de poder\">[Leer m\u00e1s]<\/a><\/p>\n<\/div>","protected":false},"author":8,"featured_media":39256,"comment_status":"open","ping_status":"closed","sticky":false,"template":"","format":"standard","meta":{"_jetpack_newsletter_access":""},"categories":[6],"tags":[],"jetpack_featured_media_url":"http:\/\/dsrmedios.com.ar\/diario\/wp-content\/uploads\/2023\/09\/milei-4-940x529-1.jpg","jetpack_sharing_enabled":true,"jetpack_shortlink":"https:\/\/wp.me\/p9fihK-ad7","_links":{"self":[{"href":"http:\/\/dsrmedios.com.ar\/diario\/wp-json\/wp\/v2\/posts\/39253"}],"collection":[{"href":"http:\/\/dsrmedios.com.ar\/diario\/wp-json\/wp\/v2\/posts"}],"about":[{"href":"http:\/\/dsrmedios.com.ar\/diario\/wp-json\/wp\/v2\/types\/post"}],"author":[{"embeddable":true,"href":"http:\/\/dsrmedios.com.ar\/diario\/wp-json\/wp\/v2\/users\/8"}],"replies":[{"embeddable":true,"href":"http:\/\/dsrmedios.com.ar\/diario\/wp-json\/wp\/v2\/comments?post=39253"}],"version-history":[{"count":1,"href":"http:\/\/dsrmedios.com.ar\/diario\/wp-json\/wp\/v2\/posts\/39253\/revisions"}],"predecessor-version":[{"id":39258,"href":"http:\/\/dsrmedios.com.ar\/diario\/wp-json\/wp\/v2\/posts\/39253\/revisions\/39258"}],"wp:featuredmedia":[{"embeddable":true,"href":"http:\/\/dsrmedios.com.ar\/diario\/wp-json\/wp\/v2\/media\/39256"}],"wp:attachment":[{"href":"http:\/\/dsrmedios.com.ar\/diario\/wp-json\/wp\/v2\/media?parent=39253"}],"wp:term":[{"taxonomy":"category","embeddable":true,"href":"http:\/\/dsrmedios.com.ar\/diario\/wp-json\/wp\/v2\/categories?post=39253"},{"taxonomy":"post_tag","embeddable":true,"href":"http:\/\/dsrmedios.com.ar\/diario\/wp-json\/wp\/v2\/tags?post=39253"}],"curies":[{"name":"wp","href":"https:\/\/api.w.org\/{rel}","templated":true}]}}