{"id":39231,"date":"2023-09-05T11:46:59","date_gmt":"2023-09-05T14:46:59","guid":{"rendered":"http:\/\/dsrmedios.com.ar\/diario\/?p=39231"},"modified":"2023-09-05T18:15:36","modified_gmt":"2023-09-05T21:15:36","slug":"gaston-partarrieu-recibio-los-premios-rma-2023","status":"publish","type":"post","link":"http:\/\/dsrmedios.com.ar\/diario\/archivos\/39231","title":{"rendered":"Gast\u00f3n Partarrieu recibi\u00f3 los Premios RMA 2023"},"content":{"rendered":"\n<p>En una emocionante ceremonia realizada en el Complejo Hist\u00f3rico Cultural \u201cManzana de las Luces\u201d de la ciudad aut\u00f3noma de Buenos Aires, y con la presencia del Ministro de Cultura de la Naci\u00f3n, Trist\u00e1n Bauer, y la Secretaria de Patrimonio Cultural, Valeria Gonz\u00e1lez, se entregaron los PREMIOS RMA 2023, que reconocen las buenas pr\u00e1cticas en museos de todo el pa\u00eds.<\/p>\n\n\n\n<p>El Lic. Gast\u00f3n Partarrieu, director del Museo Regional Dr. Adolfo Alsina asisti\u00f3 al evento para recibir el premio por el proyecto presentado \u201cMuseo Virtual: Villa Lago Epecu\u00e9n\u201d.<\/p>\n\n\n\n<p><br>\u201cCada premio representa proyectos que se llevan adelante con entrega y amor. Por eso, es fundamental que estemos muy unidos en la defensa de lo p\u00fablico\u201d, afirm\u00f3 Trist\u00e1n Bauer al dar inicio a la ceremonia.<\/p>\n","protected":false},"excerpt":{"rendered":"<div class=\"mh-excerpt\"><p>En una emocionante ceremonia realizada en el Complejo Hist\u00f3rico Cultural \u201cManzana de las Luces\u201d de la ciudad aut\u00f3noma de Buenos Aires, y con la presencia del Ministro de Cultura de la Naci\u00f3n, Trist\u00e1n Bauer, y la Secretaria de Patrimonio Cultural, Valeria Gonz\u00e1lez, se entregaron los PREMIOS RMA 2023, que reconocen las buenas pr\u00e1cticas en museos de todo el pa\u00eds. El Lic. Gast\u00f3n Partarrieu, director del Museo Regional Dr. Adolfo Alsina asisti\u00f3 al evento para recibir el premio por el proyecto presentado \u201cMuseo Virtual: Villa Lago Epecu\u00e9n\u201d. \u201cCada premio representa proyectos que se llevan adelante con entrega y amor. Por eso, <a class=\"mh-excerpt-more\" href=\"http:\/\/dsrmedios.com.ar\/diario\/archivos\/39231\" title=\"Gast\u00f3n Partarrieu recibi\u00f3 los Premios RMA 2023\">[Leer m\u00e1s]<\/a><\/p>\n<\/div>","protected":false},"author":8,"featured_media":39233,"comment_status":"open","ping_status":"closed","sticky":false,"template":"","format":"standard","meta":{"_jetpack_newsletter_access":""},"categories":[18,31,5],"tags":[],"jetpack_featured_media_url":"http:\/\/dsrmedios.com.ar\/diario\/wp-content\/uploads\/2023\/09\/WhatsApp-Image-2023-09-05-at-10.44.05.jpeg","jetpack_sharing_enabled":true,"jetpack_shortlink":"https:\/\/wp.me\/p9fihK-acL","_links":{"self":[{"href":"http:\/\/dsrmedios.com.ar\/diario\/wp-json\/wp\/v2\/posts\/39231"}],"collection":[{"href":"http:\/\/dsrmedios.com.ar\/diario\/wp-json\/wp\/v2\/posts"}],"about":[{"href":"http:\/\/dsrmedios.com.ar\/diario\/wp-json\/wp\/v2\/types\/post"}],"author":[{"embeddable":true,"href":"http:\/\/dsrmedios.com.ar\/diario\/wp-json\/wp\/v2\/users\/8"}],"replies":[{"embeddable":true,"href":"http:\/\/dsrmedios.com.ar\/diario\/wp-json\/wp\/v2\/comments?post=39231"}],"version-history":[{"count":2,"href":"http:\/\/dsrmedios.com.ar\/diario\/wp-json\/wp\/v2\/posts\/39231\/revisions"}],"predecessor-version":[{"id":39248,"href":"http:\/\/dsrmedios.com.ar\/diario\/wp-json\/wp\/v2\/posts\/39231\/revisions\/39248"}],"wp:featuredmedia":[{"embeddable":true,"href":"http:\/\/dsrmedios.com.ar\/diario\/wp-json\/wp\/v2\/media\/39233"}],"wp:attachment":[{"href":"http:\/\/dsrmedios.com.ar\/diario\/wp-json\/wp\/v2\/media?parent=39231"}],"wp:term":[{"taxonomy":"category","embeddable":true,"href":"http:\/\/dsrmedios.com.ar\/diario\/wp-json\/wp\/v2\/categories?post=39231"},{"taxonomy":"post_tag","embeddable":true,"href":"http:\/\/dsrmedios.com.ar\/diario\/wp-json\/wp\/v2\/tags?post=39231"}],"curies":[{"name":"wp","href":"https:\/\/api.w.org\/{rel}","templated":true}]}}