{"id":39226,"date":"2023-09-05T11:45:06","date_gmt":"2023-09-05T14:45:06","guid":{"rendered":"http:\/\/dsrmedios.com.ar\/diario\/?p=39226"},"modified":"2023-09-05T18:15:54","modified_gmt":"2023-09-05T21:15:54","slug":"dia-no-laborable-en-carhue-el-viernes-8-de-septiembre-2","status":"publish","type":"post","link":"http:\/\/dsrmedios.com.ar\/diario\/archivos\/39226","title":{"rendered":"D\u00eda No Laborable en Carhu\u00e9 el\u00a0viernes\u00a08 de septiembre"},"content":{"rendered":"\n<p>Con motivo de conmemorarse el D\u00eda de la Patrona de Carhu\u00e9, Nuestra Se\u00f1ora de los Desamparados, el viernes 8 de septiembre ser\u00e1 D\u00eda No Laborable para la Administraci\u00f3n P\u00fablica y el Banco de la Provincia de Buenos Aires, y feriados optativos para la industria, el comercio y restantes actividades en la ciudad de Carhu\u00e9.<\/p>\n","protected":false},"excerpt":{"rendered":"<div class=\"mh-excerpt\"><p>Con motivo de conmemorarse el D\u00eda de la Patrona de Carhu\u00e9, Nuestra Se\u00f1ora de los Desamparados, el viernes 8 de septiembre ser\u00e1 D\u00eda No Laborable para la Administraci\u00f3n P\u00fablica y el Banco de la Provincia de Buenos Aires, y feriados optativos para la industria, el comercio y restantes actividades en la ciudad de Carhu\u00e9.<\/p>\n<\/div>","protected":false},"author":8,"featured_media":39229,"comment_status":"open","ping_status":"closed","sticky":false,"template":"","format":"standard","meta":{"_jetpack_newsletter_access":""},"categories":[18,31,5],"tags":[],"jetpack_featured_media_url":"http:\/\/dsrmedios.com.ar\/diario\/wp-content\/uploads\/2023\/09\/descarga-40.jpg","jetpack_sharing_enabled":true,"jetpack_shortlink":"https:\/\/wp.me\/p9fihK-acG","_links":{"self":[{"href":"http:\/\/dsrmedios.com.ar\/diario\/wp-json\/wp\/v2\/posts\/39226"}],"collection":[{"href":"http:\/\/dsrmedios.com.ar\/diario\/wp-json\/wp\/v2\/posts"}],"about":[{"href":"http:\/\/dsrmedios.com.ar\/diario\/wp-json\/wp\/v2\/types\/post"}],"author":[{"embeddable":true,"href":"http:\/\/dsrmedios.com.ar\/diario\/wp-json\/wp\/v2\/users\/8"}],"replies":[{"embeddable":true,"href":"http:\/\/dsrmedios.com.ar\/diario\/wp-json\/wp\/v2\/comments?post=39226"}],"version-history":[{"count":2,"href":"http:\/\/dsrmedios.com.ar\/diario\/wp-json\/wp\/v2\/posts\/39226\/revisions"}],"predecessor-version":[{"id":39249,"href":"http:\/\/dsrmedios.com.ar\/diario\/wp-json\/wp\/v2\/posts\/39226\/revisions\/39249"}],"wp:featuredmedia":[{"embeddable":true,"href":"http:\/\/dsrmedios.com.ar\/diario\/wp-json\/wp\/v2\/media\/39229"}],"wp:attachment":[{"href":"http:\/\/dsrmedios.com.ar\/diario\/wp-json\/wp\/v2\/media?parent=39226"}],"wp:term":[{"taxonomy":"category","embeddable":true,"href":"http:\/\/dsrmedios.com.ar\/diario\/wp-json\/wp\/v2\/categories?post=39226"},{"taxonomy":"post_tag","embeddable":true,"href":"http:\/\/dsrmedios.com.ar\/diario\/wp-json\/wp\/v2\/tags?post=39226"}],"curies":[{"name":"wp","href":"https:\/\/api.w.org\/{rel}","templated":true}]}}