{"id":39224,"date":"2023-09-05T11:43:56","date_gmt":"2023-09-05T14:43:56","guid":{"rendered":"http:\/\/dsrmedios.com.ar\/diario\/?p=39224"},"modified":"2023-09-05T18:16:10","modified_gmt":"2023-09-05T21:16:10","slug":"exitoso-festival-de-danza-en-carhue","status":"publish","type":"post","link":"http:\/\/dsrmedios.com.ar\/diario\/archivos\/39224","title":{"rendered":"Exitoso Festival de Danza en Carhu\u00e9"},"content":{"rendered":"\n<p>Carhu\u00e9, Rivera y San Miguel se unieron en el Festival de Danza organizado por la agrupaci\u00f3n Caribe Dance.<\/p>\n\n\n\n<p>M\u00e1s de 170 bailarines demostraron su arte en el Festival de Danza en Casa de la Cultura de Carhu\u00e9 con el acompa\u00f1amiento de gran cantidad de p\u00fablico que colm\u00f3 las instalaciones.<\/p>\n\n\n\n<p>Los alumnos de los talleres a cargo del profesor Jos\u00e9 Montiel y la profesora Daii Fibiger de Rivera y grupos independientes invitados demostraron su talento a puro ritmo de grandes y chicos.<\/p>\n","protected":false},"excerpt":{"rendered":"<div class=\"mh-excerpt\"><p>Carhu\u00e9, Rivera y San Miguel se unieron en el Festival de Danza organizado por la agrupaci\u00f3n Caribe Dance. M\u00e1s de 170 bailarines demostraron su arte en el Festival de Danza en Casa de la Cultura de Carhu\u00e9 con el acompa\u00f1amiento de gran cantidad de p\u00fablico que colm\u00f3 las instalaciones. Los alumnos de los talleres a cargo del profesor Jos\u00e9 Montiel y la profesora Daii Fibiger de Rivera y grupos independientes invitados demostraron su talento a puro ritmo de grandes y chicos.<\/p>\n<\/div>","protected":false},"author":8,"featured_media":39227,"comment_status":"open","ping_status":"closed","sticky":false,"template":"","format":"standard","meta":{"_jetpack_newsletter_access":""},"categories":[18,31,5],"tags":[],"jetpack_featured_media_url":"http:\/\/dsrmedios.com.ar\/diario\/wp-content\/uploads\/2023\/09\/WhatsApp-Image-2023-09-04-at-12.58.14.jpeg","jetpack_sharing_enabled":true,"jetpack_shortlink":"https:\/\/wp.me\/p9fihK-acE","_links":{"self":[{"href":"http:\/\/dsrmedios.com.ar\/diario\/wp-json\/wp\/v2\/posts\/39224"}],"collection":[{"href":"http:\/\/dsrmedios.com.ar\/diario\/wp-json\/wp\/v2\/posts"}],"about":[{"href":"http:\/\/dsrmedios.com.ar\/diario\/wp-json\/wp\/v2\/types\/post"}],"author":[{"embeddable":true,"href":"http:\/\/dsrmedios.com.ar\/diario\/wp-json\/wp\/v2\/users\/8"}],"replies":[{"embeddable":true,"href":"http:\/\/dsrmedios.com.ar\/diario\/wp-json\/wp\/v2\/comments?post=39224"}],"version-history":[{"count":2,"href":"http:\/\/dsrmedios.com.ar\/diario\/wp-json\/wp\/v2\/posts\/39224\/revisions"}],"predecessor-version":[{"id":39250,"href":"http:\/\/dsrmedios.com.ar\/diario\/wp-json\/wp\/v2\/posts\/39224\/revisions\/39250"}],"wp:featuredmedia":[{"embeddable":true,"href":"http:\/\/dsrmedios.com.ar\/diario\/wp-json\/wp\/v2\/media\/39227"}],"wp:attachment":[{"href":"http:\/\/dsrmedios.com.ar\/diario\/wp-json\/wp\/v2\/media?parent=39224"}],"wp:term":[{"taxonomy":"category","embeddable":true,"href":"http:\/\/dsrmedios.com.ar\/diario\/wp-json\/wp\/v2\/categories?post=39224"},{"taxonomy":"post_tag","embeddable":true,"href":"http:\/\/dsrmedios.com.ar\/diario\/wp-json\/wp\/v2\/tags?post=39224"}],"curies":[{"name":"wp","href":"https:\/\/api.w.org\/{rel}","templated":true}]}}