{"id":39211,"date":"2023-09-05T10:07:16","date_gmt":"2023-09-05T13:07:16","guid":{"rendered":"http:\/\/dsrmedios.com.ar\/diario\/?p=39211"},"modified":"2023-09-05T10:07:20","modified_gmt":"2023-09-05T13:07:20","slug":"massa-relanza-su-campana-anunciara-un-nuevo-plan-de-seguridad-y-pide-un-apoyo-explicito-de-los-gobernadores","status":"publish","type":"post","link":"http:\/\/dsrmedios.com.ar\/diario\/archivos\/39211","title":{"rendered":"Massa relanza su campa\u00f1a: anunciar\u00e1 un nuevo plan de seguridad y pide un apoyo expl\u00edcito de los gobernadores"},"content":{"rendered":"\n<p>A falta de 45 d\u00edas para la primera vuelta,&nbsp;<a href=\"https:\/\/tn.com.ar\/politica\/2023\/09\/03\/massa-define-la-estrategia-para-polarizar-con-milei-sin-demonizarlo-para-evitar-que-se-despegue-de-uxp\/\" target=\"_blank\" rel=\"noreferrer noopener\"><strong>Sergio Massa<\/strong>&nbsp;reorganiza por completo su estrategia<\/a>. Desde el pasado viernes, el minsitro considera que cumpli\u00f3 la promesa hecha a las Pymes de permitirles importar y lleg\u00f3 a un acuerdo con las empresas de&nbsp;<a href=\"https:\/\/tn.com.ar\/politica\/2023\/08\/29\/el-gobierno-cruzo-a-las-prepagas-que-cuestionaron-la-suspension-de-aumentos-no-creo-que-tengan-deficit\/\" target=\"_blank\" rel=\"noreferrer noopener\">medicina prepaga para congelar las cuotas<\/a>. Durante el fin de semana, lanz\u00f3 fuertes cr\u00edticas contra las propuestas de&nbsp;<strong>Javier Milei<\/strong>.<\/p>\n\n\n\n<p>En las pr\u00f3ximas horas, Massa har\u00e1 un importante anuncio sobre su pol\u00edtica de seguridad, un \u00e1rea donde el kirchnerismo ha tenido un escaso desempe\u00f1o, y que es uno de los puntos fuertes de la candidata de Juntos por el Cambio,&nbsp;<strong>Patricia Bullrich<\/strong>. Adem\u00e1s, el pr\u00f3ximo viernes se reunir\u00e1 con todos los gobernadores peronistas para involucrarlos activamente en su campa\u00f1a.<\/p>\n\n\n\n<p>Massa busca demostrar que est\u00e1 comprometido con sus promesas, a pesar de la controversia que algunas de ellas generaron, como el&nbsp;<a href=\"https:\/\/tn.com.ar\/economia\/2023\/09\/04\/kicillof-dara-una-suma-fija-y-creo-un-fondo-para-asistir-a-los-municipios-tras-la-presion-de-los-intendentes\/\" target=\"_blank\" rel=\"noreferrer noopener\">pago de una suma fija<\/a>&nbsp;por parte de empresas, provincias y municipios, y las dificultades econ\u00f3micas. Se embarca en un relanzamiento de toda su campa\u00f1a, en la cual no figura Cristina Kirchner.<\/p>\n\n\n\n<p>Para evitar caer en la estrategia de Milei, quien se retir\u00f3 de los estudios de televisi\u00f3n para evitar errores no forzados, Massa ha comenzado a criticar las propuestas libertarias sin atacar directamente al candidato.<\/p>\n\n\n\n<h2><em><strong>El nuevo discurso de Massa para polarizar con Milei<\/strong><\/em><\/h2>\n\n\n\n<p>Massa eval\u00faa cada una de las ideas planteadas por Milei y las presenta en el contexto actual. Invita a los votantes a imaginar c\u00f3mo afectar\u00edan a las madres si sus hijos salieran a la calle armados, c\u00f3mo una persona de clase media o baja podr\u00eda acceder a un \u00f3rgano si estos se pudieran vender al mejor postor, y qu\u00e9 consecuencias habr\u00eda para las automotrices y otros productores si se cerraran las exportaciones a Brasil y China, como propone el libertario. Mientras Milei aboga por alejarse del Mercosur, Massa contraataca mostrando una foto con Ignacio Lula Da Silva. Cada paso de Milei es seguido por una respuesta de Massa, sin atacar al candidato de manera directa para evitar victimizarlo o aumentar su popularidad en las encuestas. Tampoco menciona a Bullrich para reducir su visibilidad y apartarla del balotaje.<\/p>\n\n\n\n<figure class=\"wp-block-image\"><img decoding=\"async\" src=\"https:\/\/tn.com.ar\/resizer\/WlDX2yaReZnSDGUBnZae-Q_T07Y=\/767x0\/smart\/filters:format(webp)\/cloudfront-us-east-1.images.arcpublishing.com\/artear\/KMG6HZA2L5DJPCPRLSMOUHMGJA.jpg\" alt=\"Javier Milei, Sergio Massa y Patricia Bullrich se disputan la presidencia. (Foto: T\u00e9lam)\"\/><figcaption class=\"wp-element-caption\">Javier Milei, Sergio Massa y Patricia Bullrich se disputan la presidencia. (Foto: T\u00e9lam)<\/figcaption><\/figure>\n\n\n\n<h2>Massa presiona a los gobernadores para mostrar unidad<\/h2>\n\n\n\n<p>Ayer, Massa y Eduardo Wado de Pedro estuvieron ultimando los detalles de la reuni\u00f3n que el gobernador&nbsp;<strong>Juan Manz\u00far&nbsp;<\/strong>est\u00e1 organizando en Tucum\u00e1n con todos los gobernadores provinciales.<\/p>\n\n\n\n<p>Pretenden movilizar a los votantes en cada distrito para recuperar los votos que Milei les arrebat\u00f3. La advertencia lanzada ayer por el gobernador de Catamarca, Ricardo Quintela, sobre el proyecto del libertario de eliminar la coparticipaci\u00f3n federal act\u00faa como una se\u00f1al para que los dem\u00e1s gobernadores est\u00e9n alerta. La interpretaci\u00f3n de Massa es que el avance no se logra eliminando al otro, sino con la colaboraci\u00f3n de todos.<\/p>\n\n\n\n<h2>C\u00f3mo es el plan de seguridad que anunciar\u00e1 Sergio Massa<\/h2>\n\n\n\n<p>En las pr\u00f3ximas horas, Massa planea recuperar protagonismo abordando un tema muy sensible para la gente com\u00fan: la inseguridad. Este tema ha ocupado titulares recientemente debido a una serie de cinco asesinatos antes de las PASO, as\u00ed como al homicidio de un ingeniero en Palermo en los \u00faltimos diez d\u00edas. Todo esto ocurre en un contexto de leyes permisivas y de una Justicia que act\u00faa de manera exasperantemente lenta.<\/p>\n\n\n\n<p>Massa repite que si no se controla la inseguridad en las calles, no se puede liderar un pa\u00eds. Afirma que, si logr\u00f3 reducir la delincuencia en Tigre, puede hacerlo en todo el pa\u00eds. Este enfoque pone en un aprieto al kirchnerismo, ya que es un tema que nadie ha abordado hasta ahora.<\/p>\n\n\n\n<p>Ayer por la tarde, Massa se reuni\u00f3 con&nbsp;<strong>Eduardo Feijo\u00f3<\/strong>, quien dise\u00f1\u00f3 el esquema de seguridad en Tigre; con&nbsp;<strong>Ramiro Guti\u00e9rrez<\/strong>, el responsable del nuevo plan de seguridad que se anunciar\u00e1 en las pr\u00f3ximas horas y que anteriormente fue interventor en la Polic\u00eda Bonaerense; y con&nbsp;<strong>Ricardo Casal<\/strong>, ex ministro de Seguridad y Justicia.<\/p>\n\n\n\n<p>El esquema propone implementar una serie de medidas y reformas penales en 100 d\u00edas. Entre los proyectos se incluye el aumento de las penas para varios delitos graves, como elevar la pena de prisi\u00f3n por portaci\u00f3n de armas a ocho a\u00f1os y a 12 a\u00f1os en casos de portaci\u00f3n il\u00edcita agravada de armas por parte de delincuentes con antecedentes o armas utilizadas en delitos previos.<\/p>\n\n\n\n<figure class=\"wp-block-image\"><img decoding=\"async\" src=\"https:\/\/tn.com.ar\/resizer\/nbkuVm9_nktTnauxhqDS21rwmvc=\/767x0\/smart\/filters:format(webp)\/cloudfront-us-east-1.images.arcpublishing.com\/artear\/5ZRGSTBWIFEATMW2MSDXN25YHA.jpg\" alt=\"El candidato presidencial de Uni\u00f3n por la Patria, Sergio Massa, en una cumbre con gobernadores peronistas en el CFI (Foto: NA).\"\/><figcaption class=\"wp-element-caption\">El candidato presidencial de Uni\u00f3n por la Patria, Sergio Massa, en una cumbre con gobernadores peronistas en el CFI (Foto: NA).<\/figcaption><\/figure>\n\n\n\n<p>Tambi\u00e9n se busca imponer penas m\u00e1s severas por el&nbsp;<strong>uso de balas de punta hueca<\/strong>, conocidas como \u201cbalas mata polic\u00edas\u201d, as\u00ed como la creaci\u00f3n de un nuevo delito, el de \u201cbalacera\u201d, que involucra tiroteos con m\u00e1s de seis disparos. Adem\u00e1s, se plantea la restricci\u00f3n de la venta de municiones, conocida como \u201cley seca de municiones\u201d, ya que actualmente es posible adquirir cientos de balas calibre 22 en cualquier ferreter\u00eda de la provincia.<\/p>\n\n\n\n<p>El plan tambi\u00e9n contempla la creaci\u00f3n de una Polic\u00eda Judicial y una nueva Agencia de Fuerzas Combinadas. Esto requerir\u00e1 reformas en la ley de seguridad interior y permitir\u00e1 la creaci\u00f3n de comandos unificados de fuerzas federales (incluyendo Gendarmer\u00eda y Prefectura) y fuerzas locales en algunos distritos conflictivos. Adem\u00e1s, se buscar\u00e1 descentralizar la Polic\u00eda Federal y la Justicia Federal.<\/p>\n\n\n\n<p>Este es un \u201cesquema de seguridad anticipatoria y preventiva\u201d que deber\u00e1 ser aprobado por el Congreso nacional a partir de enero. Massa sostiene que es necesario abordar la problem\u00e1tica de las armas de fuego y las municiones, aumentar las penas y proteger a las v\u00edctimas en lugar de a los delincuentes. Esta perspectiva contrasta con la del kirchnerismo y se opone a la propuesta de Milei de permitir la portaci\u00f3n libre de armas.<\/p>\n\n\n\n<p>Fuente: TN<\/p>\n","protected":false},"excerpt":{"rendered":"<div class=\"mh-excerpt\"><p>A falta de 45 d\u00edas para la primera vuelta,&nbsp;Sergio Massa&nbsp;reorganiza por completo su estrategia. Desde el pasado viernes, el minsitro considera que cumpli\u00f3 la promesa hecha a las Pymes de permitirles importar y lleg\u00f3 a un acuerdo con las empresas de&nbsp;medicina prepaga para congelar las cuotas. Durante el fin de semana, lanz\u00f3 fuertes cr\u00edticas contra las propuestas de&nbsp;Javier Milei. En las pr\u00f3ximas horas, Massa har\u00e1 un importante anuncio sobre su pol\u00edtica de seguridad, un \u00e1rea donde el kirchnerismo ha tenido un escaso desempe\u00f1o, y que es uno de los puntos fuertes de la candidata de Juntos por el Cambio,&nbsp;Patricia Bullrich. <a class=\"mh-excerpt-more\" href=\"http:\/\/dsrmedios.com.ar\/diario\/archivos\/39211\" title=\"Massa relanza su campa\u00f1a: anunciar\u00e1 un nuevo plan de seguridad y pide un apoyo expl\u00edcito de los gobernadores\">[Leer m\u00e1s]<\/a><\/p>\n<\/div>","protected":false},"author":8,"featured_media":1444,"comment_status":"open","ping_status":"closed","sticky":false,"template":"","format":"standard","meta":{"_jetpack_newsletter_access":""},"categories":[6],"tags":[],"jetpack_featured_media_url":"http:\/\/dsrmedios.com.ar\/diario\/wp-content\/uploads\/2017\/10\/sergio-MAssa.jpg","jetpack_sharing_enabled":true,"jetpack_shortlink":"https:\/\/wp.me\/p9fihK-acr","_links":{"self":[{"href":"http:\/\/dsrmedios.com.ar\/diario\/wp-json\/wp\/v2\/posts\/39211"}],"collection":[{"href":"http:\/\/dsrmedios.com.ar\/diario\/wp-json\/wp\/v2\/posts"}],"about":[{"href":"http:\/\/dsrmedios.com.ar\/diario\/wp-json\/wp\/v2\/types\/post"}],"author":[{"embeddable":true,"href":"http:\/\/dsrmedios.com.ar\/diario\/wp-json\/wp\/v2\/users\/8"}],"replies":[{"embeddable":true,"href":"http:\/\/dsrmedios.com.ar\/diario\/wp-json\/wp\/v2\/comments?post=39211"}],"version-history":[{"count":1,"href":"http:\/\/dsrmedios.com.ar\/diario\/wp-json\/wp\/v2\/posts\/39211\/revisions"}],"predecessor-version":[{"id":39212,"href":"http:\/\/dsrmedios.com.ar\/diario\/wp-json\/wp\/v2\/posts\/39211\/revisions\/39212"}],"wp:featuredmedia":[{"embeddable":true,"href":"http:\/\/dsrmedios.com.ar\/diario\/wp-json\/wp\/v2\/media\/1444"}],"wp:attachment":[{"href":"http:\/\/dsrmedios.com.ar\/diario\/wp-json\/wp\/v2\/media?parent=39211"}],"wp:term":[{"taxonomy":"category","embeddable":true,"href":"http:\/\/dsrmedios.com.ar\/diario\/wp-json\/wp\/v2\/categories?post=39211"},{"taxonomy":"post_tag","embeddable":true,"href":"http:\/\/dsrmedios.com.ar\/diario\/wp-json\/wp\/v2\/tags?post=39211"}],"curies":[{"name":"wp","href":"https:\/\/api.w.org\/{rel}","templated":true}]}}