{"id":39204,"date":"2023-09-05T10:04:47","date_gmt":"2023-09-05T13:04:47","guid":{"rendered":"http:\/\/dsrmedios.com.ar\/diario\/?p=39204"},"modified":"2023-09-05T18:16:42","modified_gmt":"2023-09-05T21:16:42","slug":"muestra-un-archivo-todas-las-luchas-reconocido-por-la-unesco-como-memoria-del-mundo","status":"publish","type":"post","link":"http:\/\/dsrmedios.com.ar\/diario\/archivos\/39204","title":{"rendered":"Muestra &#8220;Un archivo, todas las luchas&#8221;, reconocido por la UNESCO\u00a0como Memoria del Mundo"},"content":{"rendered":"\n<p>El 10 de octubre a las 10 horas se inaugurar\u00e1 en Casa de la Cultura de Carhu\u00e9 la Muestra: &#8220;Un archivo, todas las luchas&#8221;, de Adelina de Alaye, Madre de la Plaza de Mayo.<\/p>\n\n\n\n<p>La muestra es una producci\u00f3n del Archivo Hist\u00f3rico de la provincia de Buenos Aires. Est\u00e1 basada en el archivo de fotograf\u00edas y documentos que esta Madre construy\u00f3 a trav\u00e9s de su vida, para dejar testimonio de las luchas en pos de la Memoria, la Verdad y la Justicia.<br><br>El Fondo Adelina Dematti de Alaye contiene documentos producidos, recopilados y conservados por ella en sus actividades p\u00fablicas de docencia, b\u00fasqueda de su hijo Carlos Esteban Alaye -desaparecido a los 21 a\u00f1os el 5 de mayo de 1977- y sus actividades de militancia en el \u00e1rea de los Derechos Humanos, as\u00ed como algunos de \u00edndole personal. Si bien el alcance temporal del fondo es de 1928 hasta 2015, la gran mayor\u00eda de la documentaci\u00f3n concierne al per\u00edodo 1976 &#8211; 1983, correspondiente a la etapa del terrorismo de estado.<br><br>Carlos Esteban Alaye naci\u00f3 en Carhu\u00e9, en ocasi\u00f3n de que su padre fuera asignado como gerente de la sucursal local del banco Naci\u00f3n.<br><br>En 2007, la\u00a0<strong>UNESCO reconoci\u00f3 al Archivo de Adelina como Memoria del Mundo<\/strong>, dando cuenta de su incalculable valor patrimonial y pedag\u00f3gico. Al a\u00f1o siguiente Adelina decidi\u00f3 que su Archivo deb\u00eda ser accesible para todos, raz\u00f3n por la cual lo don\u00f3 al Archivo Hist\u00f3rico de la Provincia de Buenos Aires, instituci\u00f3n que ven\u00eda dando fuertes se\u00f1ales de su compromiso con la historia reciente y la memoria de los bonaerenses.<br><br>Adelina fue fundadora de la Organizaci\u00f3n Madres de Plaza de Mayo, miembro de la Asamblea Permanente por los Derechos Humanos de La Plata, de la Comisi\u00f3n Provincial por la Memoria, declarada Ciudadana Ilustre de la Provincia de Buenos Aires y Secretaria de Derechos Humanos de la Municipalidad de La Plata.<\/p>\n\n\n\n<p><\/p>\n","protected":false},"excerpt":{"rendered":"<div class=\"mh-excerpt\"><p>El 10 de octubre a las 10 horas se inaugurar\u00e1 en Casa de la Cultura de Carhu\u00e9 la Muestra: &#8220;Un archivo, todas las luchas&#8221;, de Adelina de Alaye, Madre de la Plaza de Mayo. La muestra es una producci\u00f3n del Archivo Hist\u00f3rico de la provincia de Buenos Aires. Est\u00e1 basada en el archivo de fotograf\u00edas y documentos que esta Madre construy\u00f3 a trav\u00e9s de su vida, para dejar testimonio de las luchas en pos de la Memoria, la Verdad y la Justicia. El Fondo Adelina Dematti de Alaye contiene documentos producidos, recopilados y conservados por ella en sus actividades p\u00fablicas <a class=\"mh-excerpt-more\" href=\"http:\/\/dsrmedios.com.ar\/diario\/archivos\/39204\" title=\"Muestra &#8220;Un archivo, todas las luchas&#8221;, reconocido por la UNESCO\u00a0como Memoria del Mundo\">[Leer m\u00e1s]<\/a><\/p>\n<\/div>","protected":false},"author":8,"featured_media":39208,"comment_status":"open","ping_status":"closed","sticky":false,"template":"","format":"standard","meta":{"_jetpack_newsletter_access":""},"categories":[18,31,5],"tags":[],"jetpack_featured_media_url":"http:\/\/dsrmedios.com.ar\/diario\/wp-content\/uploads\/2023\/09\/WhatsApp-Image-2023-09-04-at-13.14.56-1.jpeg","jetpack_sharing_enabled":true,"jetpack_shortlink":"https:\/\/wp.me\/p9fihK-ack","_links":{"self":[{"href":"http:\/\/dsrmedios.com.ar\/diario\/wp-json\/wp\/v2\/posts\/39204"}],"collection":[{"href":"http:\/\/dsrmedios.com.ar\/diario\/wp-json\/wp\/v2\/posts"}],"about":[{"href":"http:\/\/dsrmedios.com.ar\/diario\/wp-json\/wp\/v2\/types\/post"}],"author":[{"embeddable":true,"href":"http:\/\/dsrmedios.com.ar\/diario\/wp-json\/wp\/v2\/users\/8"}],"replies":[{"embeddable":true,"href":"http:\/\/dsrmedios.com.ar\/diario\/wp-json\/wp\/v2\/comments?post=39204"}],"version-history":[{"count":2,"href":"http:\/\/dsrmedios.com.ar\/diario\/wp-json\/wp\/v2\/posts\/39204\/revisions"}],"predecessor-version":[{"id":39251,"href":"http:\/\/dsrmedios.com.ar\/diario\/wp-json\/wp\/v2\/posts\/39204\/revisions\/39251"}],"wp:featuredmedia":[{"embeddable":true,"href":"http:\/\/dsrmedios.com.ar\/diario\/wp-json\/wp\/v2\/media\/39208"}],"wp:attachment":[{"href":"http:\/\/dsrmedios.com.ar\/diario\/wp-json\/wp\/v2\/media?parent=39204"}],"wp:term":[{"taxonomy":"category","embeddable":true,"href":"http:\/\/dsrmedios.com.ar\/diario\/wp-json\/wp\/v2\/categories?post=39204"},{"taxonomy":"post_tag","embeddable":true,"href":"http:\/\/dsrmedios.com.ar\/diario\/wp-json\/wp\/v2\/tags?post=39204"}],"curies":[{"name":"wp","href":"https:\/\/api.w.org\/{rel}","templated":true}]}}