{"id":39194,"date":"2023-09-05T09:54:37","date_gmt":"2023-09-05T12:54:37","guid":{"rendered":"http:\/\/dsrmedios.com.ar\/diario\/?p=39194"},"modified":"2023-09-05T09:54:40","modified_gmt":"2023-09-05T12:54:40","slug":"axel-kicillof-otorgara-en-septiembre-la-suma-fija-anunciada-por-sergio-massa","status":"publish","type":"post","link":"http:\/\/dsrmedios.com.ar\/diario\/archivos\/39194","title":{"rendered":"Axel Kicillof otorgar\u00e1 en septiembre la suma fija anunciada por Sergio Massa"},"content":{"rendered":"\n<p>Luego de varios d\u00edas de negociaciones y de que varios distritos decidieran no adherir al anuncio de suma fija hecho por Sergio Massa, Axel Kicillof, gobernador de la provincia de Buenos Aires, defini\u00f3 que otorgar\u00e1 el beneficio dispuesto por el ministro de Econom\u00eda y se convierte as\u00ed en un respaldo clave para el tambi\u00e9n candidato a presidente del oficialismo.<\/p>\n\n\n\n<p>De esta manera, el ejecutivo bonaerense proporcionar\u00e1 una suma fija no remunerativa en el mes de septiembre para aquellos que hayan recibido salarios inferiores a $400.000 en agosto.&nbsp;<strong>La suma fija ser\u00e1 de $30.000 para quienes perciben salarios netos iguales o menores a $370.000, y se calcular\u00e1 como la diferencia entre $370.000 y $400.000 para los sueldos netos que superen los 370.000 pesos.<\/strong><\/p>\n\n\n\n<p>Adem\u00e1s, en el marco de las negociaciones en las mesas de monitoreo establecidas en las paritarias, el gobierno de Kicillof lleg\u00f3 a un acuerdo con los representantes gremiales de diversos reg\u00edmenes laborales para agregar un 10% adicional al aumento salarial que ya estaba programado para los sueldos de septiembre. Esto resultar\u00e1 en un incremento promedio del 25% para todas las trabajadoras y trabajadores provinciales. Para aquellos cuyos ingresos no alcancen los $30.000 netos con este incremento, la Provincia garantizar\u00e1 un aumento m\u00ednimo de esa cantidad.<\/p>\n\n\n\n<p>Asimismo, habr\u00e1 un bono de $30.000 en septiembre a quienes reciban jubilaciones por debajo de 120.000 pesos.<\/p>\n\n\n\n<p>El mandatario provincial tambi\u00e9n anunci\u00f3 la creaci\u00f3n del \u201cFondo Especial de Asignaciones Extraordinarias Salariales para Municipios\u201d. Este fondo estar\u00e1 disponible para los municipios a pedido y tendr\u00e1 car\u00e1cter reintegrable, destinado a reforzar los salarios de los empleados municipales.<\/p>\n\n\n\n<p><img decoding=\"async\" loading=\"lazy\" alt=\"El bono alcanzar\u00e1 a empleados en relaci\u00f3n de dependencia de los sectores p\u00fablico y privado, aunque hay un tope de ingresos para acceder al mismo (REUTERS)\" height=\"533\" width=\"800\" src=\"https:\/\/www.infobae.com\/new-resizer\/0mvWgKlcm2W05R_jRLDQGntZAB8=\/arc-anglerfish-arc2-prod-infobae\/public\/GID2KXL5MIPHWOM2OIVZLM2ZCE.jpg\" srcset=\"https:\/\/www.infobae.com\/new-resizer\/NQgUZkkgFKjGW5LDdv73KIyJen4=\/420x280\/filters:format(webp):quality(85)\/cloudfront-us-east-1.images.arcpublishing.com\/infobae\/GID2KXL5MIPHWOM2OIVZLM2ZCE.jpg 420w,https:\/\/www.infobae.com\/new-resizer\/QPJPPiIXPLmj9kE9XfXmzq4bblc=\/768x512\/filters:format(webp):quality(85)\/cloudfront-us-east-1.images.arcpublishing.com\/infobae\/GID2KXL5MIPHWOM2OIVZLM2ZCE.jpg 768w,https:\/\/www.infobae.com\/new-resizer\/zpCvqf5NVyp-YEU9K5R0ZnXBCJU=\/992x661\/filters:format(webp):quality(85)\/cloudfront-us-east-1.images.arcpublishing.com\/infobae\/GID2KXL5MIPHWOM2OIVZLM2ZCE.jpg 992w,https:\/\/www.infobae.com\/new-resizer\/_3ir5_PbP-6rXSXnuyEyIYkfI8k=\/1200x800\/filters:format(webp):quality(85)\/cloudfront-us-east-1.images.arcpublishing.com\/infobae\/GID2KXL5MIPHWOM2OIVZLM2ZCE.jpg 1200w,https:\/\/www.infobae.com\/new-resizer\/JzzWFNBvuaZtmsKr8vuGad5nDyc=\/1440x960\/filters:format(webp):quality(85)\/cloudfront-us-east-1.images.arcpublishing.com\/infobae\/GID2KXL5MIPHWOM2OIVZLM2ZCE.jpg 1440w\">El bono alcanzar\u00e1 a empleados en relaci\u00f3n de dependencia de los sectores p\u00fablico y privado, aunque hay un tope de ingresos para acceder al mismo (REUTERS)<\/p>\n\n\n\n<p>El s\u00e1bado, luego del acto que compartieron Massa y Kicillof en San Vicente para inaugurar el paso bajo nivel \u201cDiego Armando Maradona\u201d de la l\u00ednea Roca, hubo un almuerzo de ambos dirigentes con los intendentes presentes en la jornada.<\/p>\n\n\n\n<h2>C\u00f3mo se cobrar\u00e1 la suma fija anunciada por el Gobierno<\/h2>\n\n\n\n<p>Los detalles de las condiciones de la suma fija, seg\u00fan el tipo de trabajador.<\/p>\n\n\n\n<p><strong>Destinatarios:<\/strong>\u00a0&#8211; Trabajadores del sector privado. &#8211; Empleados del sector p\u00fablico nacional. &#8211; Trabajadores de casas particulares<\/p>\n\n\n\n<p><strong>Monto:&nbsp;<\/strong>&#8211; $60.000 para trabajadores del sector privado y p\u00fablico. &#8211; $25.000 para trabajadores de casas particulares.<\/p>\n\n\n\n<p><strong>Forma de Pago:<\/strong>&nbsp;&#8211; En dos cuotas mensuales. En todos los casos, el monto es proporcional a las horas trabajadas. &#8211; Para trabajadores del sector privado y p\u00fablico: dos tramos de $30.000 a cobrar en septiembre y octubre (es decir, con los salarios de agosto y septiembre). &#8211; Para trabajadores de casas particulares: $12.500 en la primera cuota y $12.500 en la segunda cuotas.<\/p>\n\n\n\n<p><strong>Condiciones:&nbsp;<\/strong>&#8211; No remunerativo. &#8211; Absorbible en futuras negociaciones salariales. &#8211; Limitado a empleados con salarios netos de hasta $400.000 mensuales.<\/p>\n\n\n\n<p>Desde el Palacio de Hacienda, se estableci\u00f3 que s\u00f3lo aquellos empleados con ingresos netos menores a $400.000 ser\u00e1n beneficiarios. El gobierno cubrir\u00e1 el gasto de esta iniciativa, compensando a las microempresas con el 100% y a las peque\u00f1as empresas con el 50% de sus contribuciones. Se estima que alrededor de 5,5 millones de trabajadores se beneficiar\u00e1n con esta medida.<\/p>\n\n\n\n<p>Los trabajadores estatales recibir\u00e1n el mismo bono de $60.000, pagadero en dos partes y con las mismas condiciones. Esta ayuda se limitar\u00e1 a aquellos con salarios de hasta $400.000.<\/p>\n\n\n\n<p>Fuente: Infobae<\/p>\n","protected":false},"excerpt":{"rendered":"<div class=\"mh-excerpt\"><p>Luego de varios d\u00edas de negociaciones y de que varios distritos decidieran no adherir al anuncio de suma fija hecho por Sergio Massa, Axel Kicillof, gobernador de la provincia de Buenos Aires, defini\u00f3 que otorgar\u00e1 el beneficio dispuesto por el ministro de Econom\u00eda y se convierte as\u00ed en un respaldo clave para el tambi\u00e9n candidato a presidente del oficialismo. De esta manera, el ejecutivo bonaerense proporcionar\u00e1 una suma fija no remunerativa en el mes de septiembre para aquellos que hayan recibido salarios inferiores a $400.000 en agosto.&nbsp;La suma fija ser\u00e1 de $30.000 para quienes perciben salarios netos iguales o menores <a class=\"mh-excerpt-more\" href=\"http:\/\/dsrmedios.com.ar\/diario\/archivos\/39194\" title=\"Axel Kicillof otorgar\u00e1 en septiembre la suma fija anunciada por Sergio Massa\">[Leer m\u00e1s]<\/a><\/p>\n<\/div>","protected":false},"author":8,"featured_media":33910,"comment_status":"open","ping_status":"closed","sticky":false,"template":"","format":"standard","meta":{"_jetpack_newsletter_access":""},"categories":[7],"tags":[],"jetpack_featured_media_url":"http:\/\/dsrmedios.com.ar\/diario\/wp-content\/uploads\/2023\/05\/p14-axel-kicillof-n_optjpeg.jpeg","jetpack_sharing_enabled":true,"jetpack_shortlink":"https:\/\/wp.me\/p9fihK-aca","_links":{"self":[{"href":"http:\/\/dsrmedios.com.ar\/diario\/wp-json\/wp\/v2\/posts\/39194"}],"collection":[{"href":"http:\/\/dsrmedios.com.ar\/diario\/wp-json\/wp\/v2\/posts"}],"about":[{"href":"http:\/\/dsrmedios.com.ar\/diario\/wp-json\/wp\/v2\/types\/post"}],"author":[{"embeddable":true,"href":"http:\/\/dsrmedios.com.ar\/diario\/wp-json\/wp\/v2\/users\/8"}],"replies":[{"embeddable":true,"href":"http:\/\/dsrmedios.com.ar\/diario\/wp-json\/wp\/v2\/comments?post=39194"}],"version-history":[{"count":1,"href":"http:\/\/dsrmedios.com.ar\/diario\/wp-json\/wp\/v2\/posts\/39194\/revisions"}],"predecessor-version":[{"id":39195,"href":"http:\/\/dsrmedios.com.ar\/diario\/wp-json\/wp\/v2\/posts\/39194\/revisions\/39195"}],"wp:featuredmedia":[{"embeddable":true,"href":"http:\/\/dsrmedios.com.ar\/diario\/wp-json\/wp\/v2\/media\/33910"}],"wp:attachment":[{"href":"http:\/\/dsrmedios.com.ar\/diario\/wp-json\/wp\/v2\/media?parent=39194"}],"wp:term":[{"taxonomy":"category","embeddable":true,"href":"http:\/\/dsrmedios.com.ar\/diario\/wp-json\/wp\/v2\/categories?post=39194"},{"taxonomy":"post_tag","embeddable":true,"href":"http:\/\/dsrmedios.com.ar\/diario\/wp-json\/wp\/v2\/tags?post=39194"}],"curies":[{"name":"wp","href":"https:\/\/api.w.org\/{rel}","templated":true}]}}