{"id":39180,"date":"2023-09-05T09:46:47","date_gmt":"2023-09-05T12:46:47","guid":{"rendered":"http:\/\/dsrmedios.com.ar\/diario\/?p=39180"},"modified":"2023-09-05T09:46:51","modified_gmt":"2023-09-05T12:46:51","slug":"sequia-a-costa-de-reservas-aseguran-que-la-economia-resistio-mejor-que-lo-previsto-pero-ahora-se-profundiza-la-recesion","status":"publish","type":"post","link":"http:\/\/dsrmedios.com.ar\/diario\/archivos\/39180","title":{"rendered":"Sequ\u00eda: a costa de reservas, aseguran que la econom\u00eda resisti\u00f3 mejor que lo previsto pero ahora se profundiza la recesi\u00f3n"},"content":{"rendered":"\n<p>La econom\u00eda tiene razones que la raz\u00f3n no entiende. A pesar de los dur\u00edsimos datos p\u00fablicos de los \u00faltimos tres meses de la actividad econ\u00f3mica, que determinan que en el primer semestre se haya acumulado una ca\u00edda de 1.9% respecto al mismo per\u00edodo del a\u00f1o pasado, los datos tambi\u00e9n indican que el derrape podr\u00eda haber sido mayor. Al menos as\u00ed lo aseguran algunos informes privados que destacan una resiliencia a la fuerte sequ\u00eda mayor a la esperada por parte de los distintos sectores productivos aunque, advierten, esa performance se sostuvo a costa de perder muchas reservas y de que el Banco Central se quedara sin d\u00f3lares.<a rel=\"noreferrer noopener\" href=\"https:\/\/www.infobae.com\/economia\/2023\/09\/05\/cuanto-cambio-en-pesos-y-en-dolares-el-costo-de-la-construccion-luego-de-la-devaluacion\/\" target=\"_blank\"><\/a><\/p>\n\n\n\n<p>Esa condici\u00f3n, la falta de d\u00f3lares en las reservas, expone ahora todas las variables a una fragilidad extrema, consecuencia de la devaluaci\u00f3n ya implementada y las posibles nuevas correcciones que espera el mercado.<\/p>\n\n\n\n<p>\u201cEl impacto de la devaluaci\u00f3n luego de las PASO tendr\u00e1 un efecto recesivo sobre la econom\u00eda real. Incidir\u00e1 negativamente sobre sectores de la actividad que hasta el momento hab\u00edan sido relativamente menos golpeados (industria, construcci\u00f3n, comercio), como consecuencia del encarecimiento de costos, moderaci\u00f3n del consumo y contexto de mayor incertidumbre y complicaciones en el pago de importaciones\u201d, advirti\u00f3 el \u00faltimo informe de Ecolatina.<\/p>\n\n\n\n<p>La consultora record\u00f3 que la actividad econ\u00f3mica cay\u00f3 un 4,8% interanual en el segundo trimestre y exhibi\u00f3 una contracci\u00f3n de 1,9% anual en los primeros seis meses del 2023 mientras que en junio (\u00faltimo dato publicado por INDEC), el Estimador Mensual de Actividad Econ\u00f3mica (EMAE) se ubic\u00f3 un 4,4% interanual por debajo del mismo mes de 2022, con lo que acumul\u00f3 tres meses consecutivos de ca\u00eddas. Pese a eso, sostuvo, \u201cexcluyendo al agro, la actividad econ\u00f3mica ha venido mostrando cierta resiliencia: en el segundo trimestre se mantuvo estable respecto a un a\u00f1o atr\u00e1s (0,5%), al tiempo que creci\u00f3 un 1,6% en el primer semestre. Esto deja en evidencia que el efecto de la sequ\u00eda tuvo un traslado menor al esperado al resto de los sectores de bienes y servicios en el segundo trimestre, que era el periodo donde se proyectaba el impacto m\u00e1s significativo\u201d.<\/p>\n\n\n\n<p><img decoding=\"async\" loading=\"lazy\" alt=\"Actividad econ\u00f3mica\" height=\"610\" width=\"1080\" src=\"https:\/\/www.infobae.com\/new-resizer\/7eDM5U6pI6wIzQcLu6QD-PiB-AU=\/arc-anglerfish-arc2-prod-infobae\/public\/EHN7MWSY5ZH65JZYTZS6RJJ34A.jpg\" srcset=\"https:\/\/www.infobae.com\/new-resizer\/iJBeIkg5hvNvMPv9QBSrbPYAhGc=\/420x236\/filters:format(webp):quality(85)\/cloudfront-us-east-1.images.arcpublishing.com\/infobae\/EHN7MWSY5ZH65JZYTZS6RJJ34A.jpg 420w,https:\/\/www.infobae.com\/new-resizer\/uMav3yvflymA6iwdpaprlHO2UEw=\/768x432\/filters:format(webp):quality(85)\/cloudfront-us-east-1.images.arcpublishing.com\/infobae\/EHN7MWSY5ZH65JZYTZS6RJJ34A.jpg 768w,https:\/\/www.infobae.com\/new-resizer\/DPskZ7WDnvERqHbyrgoamQvsqa0=\/992x558\/filters:format(webp):quality(85)\/cloudfront-us-east-1.images.arcpublishing.com\/infobae\/EHN7MWSY5ZH65JZYTZS6RJJ34A.jpg 992w,https:\/\/www.infobae.com\/new-resizer\/GTJOEJp1oZAKStUYTjGwuXshmvw=\/1200x675\/filters:format(webp):quality(85)\/cloudfront-us-east-1.images.arcpublishing.com\/infobae\/EHN7MWSY5ZH65JZYTZS6RJJ34A.jpg 1200w,https:\/\/www.infobae.com\/new-resizer\/IX0jFsPreMJHAKenJxJhFYUbIKg=\/1440x810\/filters:format(webp):quality(85)\/cloudfront-us-east-1.images.arcpublishing.com\/infobae\/EHN7MWSY5ZH65JZYTZS6RJJ34A.jpg 1440w\">Actividad econ\u00f3mica<\/p>\n\n\n\n<p>Esta l\u00ednea de razonamiento ya hab\u00eda sido abordada por el ex viceministro de Econom\u00eda durante la gesti\u00f3n de Mart\u00edn Guzm\u00e1n, Fernando Morra, socio del ministro en la consultora Sudamericana Visi\u00f3n, hace m\u00e1s de dos meses. \u201cLo que se puede observar es que cuando uno saca al agro del an\u00e1lisis, el neto de la econom\u00eda est\u00e1 creciendo un 1%. Obviamente que no es una buena noticia que el PBI est\u00e9 cayendo y tener semejante impacto en el agro y en los productores, pero lo que se puede observar es que el resto de la econom\u00eda se est\u00e1 moviendo a un ritmo que no tiene que ver con la ca\u00edda del agro\u201d, afirm\u00f3 en su momento el ex funcionario.<\/p>\n\n\n\n<p>En su informe reciente, Ecolatina retom\u00f3 la idea pero identific\u00f3 que ese crecimiento de la actividad econ\u00f3mica -sin contar al agro- se debe a varios motivos, entre ellos la aceleraci\u00f3n inflacionaria y el fuerte cepo cambiario que incentiva a priorizar el consumo de bienes y servicios como resguardo ante la suba de precios. Es decir, como contracara de bajos niveles de ahorro. El punto m\u00e1s relevante para los analistas es, sin embargo, la utilizaci\u00f3n de yuanes y un incremento en el cr\u00e9dito comercial para sostener el pago de importaciones, que permitieron transitoriamente una mayor oferta de bienes necesarios para no frenar la producci\u00f3n.<\/p>\n\n\n\n<p>Sin embargo, se\u00f1al\u00f3 que ese sostenimiento del nivel de actividad econ\u00f3mica (excluyendo al agro) ocurri\u00f3 a costa de una reducci\u00f3n de las reservas internacionales, cuya escasez ahora deriva en el efecto contrario. \u201cSi bien la incidencia de la sequ\u00eda se ir\u00e1 diluyendo a partir del tercer trimestre, desde agosto comenzaron a impactar los efectos negativos de la suba del d\u00f3lar sobre la econom\u00eda real y la inflaci\u00f3n. M\u00e1s en detalle, los pagos a las importaciones est\u00e1n siendo restringidos nuevamente con mayor intensidad, sumado a la necesidad de profundizar el sesgo contractivo de la pol\u00edtica fiscal y monetaria, al tiempo que se advierte un mayor impacto negativo de la aceleraci\u00f3n inflacionaria sobre los ingresos\u201d, afirm\u00f3 y advirti\u00f3 que \u201cesto tiene como resultado una profundizaci\u00f3n de la recesi\u00f3n econ\u00f3mica\u201d<\/p>\n\n\n\n<p>Fuente: Infobae<\/p>\n","protected":false},"excerpt":{"rendered":"<div class=\"mh-excerpt\"><p>La econom\u00eda tiene razones que la raz\u00f3n no entiende. A pesar de los dur\u00edsimos datos p\u00fablicos de los \u00faltimos tres meses de la actividad econ\u00f3mica, que determinan que en el primer semestre se haya acumulado una ca\u00edda de 1.9% respecto al mismo per\u00edodo del a\u00f1o pasado, los datos tambi\u00e9n indican que el derrape podr\u00eda haber sido mayor. Al menos as\u00ed lo aseguran algunos informes privados que destacan una resiliencia a la fuerte sequ\u00eda mayor a la esperada por parte de los distintos sectores productivos aunque, advierten, esa performance se sostuvo a costa de perder muchas reservas y de que el <a class=\"mh-excerpt-more\" href=\"http:\/\/dsrmedios.com.ar\/diario\/archivos\/39180\" title=\"Sequ\u00eda: a costa de reservas, aseguran que la econom\u00eda resisti\u00f3 mejor que lo previsto pero ahora se profundiza la recesi\u00f3n\">[Leer m\u00e1s]<\/a><\/p>\n<\/div>","protected":false},"author":8,"featured_media":39181,"comment_status":"open","ping_status":"closed","sticky":false,"template":"","format":"standard","meta":{"_jetpack_newsletter_access":""},"categories":[6],"tags":[],"jetpack_featured_media_url":"http:\/\/dsrmedios.com.ar\/diario\/wp-content\/uploads\/2023\/09\/images-60.jpg","jetpack_sharing_enabled":true,"jetpack_shortlink":"https:\/\/wp.me\/p9fihK-abW","_links":{"self":[{"href":"http:\/\/dsrmedios.com.ar\/diario\/wp-json\/wp\/v2\/posts\/39180"}],"collection":[{"href":"http:\/\/dsrmedios.com.ar\/diario\/wp-json\/wp\/v2\/posts"}],"about":[{"href":"http:\/\/dsrmedios.com.ar\/diario\/wp-json\/wp\/v2\/types\/post"}],"author":[{"embeddable":true,"href":"http:\/\/dsrmedios.com.ar\/diario\/wp-json\/wp\/v2\/users\/8"}],"replies":[{"embeddable":true,"href":"http:\/\/dsrmedios.com.ar\/diario\/wp-json\/wp\/v2\/comments?post=39180"}],"version-history":[{"count":1,"href":"http:\/\/dsrmedios.com.ar\/diario\/wp-json\/wp\/v2\/posts\/39180\/revisions"}],"predecessor-version":[{"id":39182,"href":"http:\/\/dsrmedios.com.ar\/diario\/wp-json\/wp\/v2\/posts\/39180\/revisions\/39182"}],"wp:featuredmedia":[{"embeddable":true,"href":"http:\/\/dsrmedios.com.ar\/diario\/wp-json\/wp\/v2\/media\/39181"}],"wp:attachment":[{"href":"http:\/\/dsrmedios.com.ar\/diario\/wp-json\/wp\/v2\/media?parent=39180"}],"wp:term":[{"taxonomy":"category","embeddable":true,"href":"http:\/\/dsrmedios.com.ar\/diario\/wp-json\/wp\/v2\/categories?post=39180"},{"taxonomy":"post_tag","embeddable":true,"href":"http:\/\/dsrmedios.com.ar\/diario\/wp-json\/wp\/v2\/tags?post=39180"}],"curies":[{"name":"wp","href":"https:\/\/api.w.org\/{rel}","templated":true}]}}