{"id":39176,"date":"2023-09-05T09:43:44","date_gmt":"2023-09-05T12:43:44","guid":{"rendered":"http:\/\/dsrmedios.com.ar\/diario\/?p=39176"},"modified":"2023-09-05T09:43:48","modified_gmt":"2023-09-05T12:43:48","slug":"sergio-massa-desde-el-10-de-diciembre-vamos-a-convocar-a-un-gobierno-de-unidad-nacional","status":"publish","type":"post","link":"http:\/\/dsrmedios.com.ar\/diario\/archivos\/39176","title":{"rendered":"Sergio Massa: \u201cDesde el 10 de diciembre vamos a convocar a un gobierno de unidad nacional\u201d"},"content":{"rendered":"\n<p>Sergio Massa habl\u00f3 este lunes en la cena de recaudaci\u00f3n de Uni\u00f3n por la Patria de cara a las elecciones generales de octubre y envi\u00f3 un mensaje de optimismo luego de un resultado en las PASO que no fue el esperado. El evento se llev\u00f3 a cabo en Parque Norte y, frente a empresarios y funcionarios, el candidato presidencial lanz\u00f3 cr\u00edticas al gobierno de Cambiemos por el acuerdo con el FMI, pero se enfoc\u00f3 en polarizar con Javier Milei, el gran ganador de las Primarias y con quien el ministro apunta a competir en un eventual balotaje.<\/p>\n\n\n\n<p>\u201cSi quieren debatir el futuro lo vamos a empezar a debatir desde ahora. No le tenemos miedo al futuro, como no le tuvimos miedo a cada problema que tuvimos que enfrentar. Por sobre todas las cosas, no nos une ni nos mueve el odio. No nos mueve la violencia. No nos mueve el deseo de desaparici\u00f3n del otro. Nos mueve un profundo amor por la Argentina. Gracias por confiar, sigamos confiando.&nbsp;<strong>Qu\u00e9dense tranquilos, el pa\u00eds del futuro va a ganar. En primera vuelta o en segunda, vamos a seguir gobernando la Argentina\u201d<\/strong>, areng\u00f3 el ministro de Econom\u00eda.<\/p>\n\n\n\n<p>El titular del Palacio de hacienda comenz\u00f3 agradeci\u00e9ndoles a los presentes en el evento que, \u201cde alguna manera, dieron una muestra de confianza un poco mayor que la del voto, que es poner un poco de sus ingresos personales en funci\u00f3n de acompa\u00f1ar\u201d los \u201csue\u00f1os, ideas y proyectos\u201d del oficialismo.<\/p>\n\n\n\n<p>Massa retom\u00f3 una idea pronunciada en otros discursos. Prometi\u00f3 que a partir del 10 de diciembre va a trabajar para dejar atr\u00e1s las divisiones y conformar un gobierno de unidad. \u201cEn alg\u00fan momento nos plantean que la grieta es entre el campo y la industria, como si fueran antag\u00f3nicos; en otros momentos nos plantean que es entre el interior y Buenos Aires, como si no fu\u00e9ramos parte de la misma Naci\u00f3n\u201d, introdujo.<\/p>\n\n\n\n<p>Y continu\u00f3: \u201cEn otro momento, cuando no hay antagonismo en el proyecto productivo o en el proyecto federal de pa\u00eds, nos quieren envenenar con el antagonismo pol\u00edtico\u201d. \u201c<strong>Nosotros desde el 10 de diciembre vamos a convocar a un gobierno de unidad nacional bajo la consigna de que en este tiempo para un argentino no hay nada mejor que otro argentino<\/strong>\u201d, cerr\u00f3.<\/p>\n\n\n\n<p><img decoding=\"async\" loading=\"lazy\" alt=\"Sergio Massa apunt\u00f3 contra Milei (Europa Press\/Contacto\/Manuel Cortina)\" height=\"2667\" width=\"4000\" src=\"https:\/\/www.infobae.com\/new-resizer\/yOqWguH9EgBmtmjcqbi4czzrzBQ=\/arc-anglerfish-arc2-prod-infobae\/public\/QGDCNWM6NZDOHK2XCOQKSK3T5Q.jpg\" srcset=\"https:\/\/www.infobae.com\/new-resizer\/qBZ5qau0TUOzaUA8O3Cq4_HEPjk=\/420x280\/filters:format(webp):quality(85)\/cloudfront-us-east-1.images.arcpublishing.com\/infobae\/QGDCNWM6NZDOHK2XCOQKSK3T5Q.jpg 420w,https:\/\/www.infobae.com\/new-resizer\/uXBXiKoElbWQPb4jRWU5dtUAbRc=\/768x512\/filters:format(webp):quality(85)\/cloudfront-us-east-1.images.arcpublishing.com\/infobae\/QGDCNWM6NZDOHK2XCOQKSK3T5Q.jpg 768w,https:\/\/www.infobae.com\/new-resizer\/CS_-VaC1ppWdWWZTAajRCypU1XE=\/992x661\/filters:format(webp):quality(85)\/cloudfront-us-east-1.images.arcpublishing.com\/infobae\/QGDCNWM6NZDOHK2XCOQKSK3T5Q.jpg 992w,https:\/\/www.infobae.com\/new-resizer\/iGxR09fJsETR61yuacZrcR2wx8k=\/1200x800\/filters:format(webp):quality(85)\/cloudfront-us-east-1.images.arcpublishing.com\/infobae\/QGDCNWM6NZDOHK2XCOQKSK3T5Q.jpg 1200w,https:\/\/www.infobae.com\/new-resizer\/M56U0gwdJciX01aPNF1vtaHR7F4=\/1440x960\/filters:format(webp):quality(85)\/cloudfront-us-east-1.images.arcpublishing.com\/infobae\/QGDCNWM6NZDOHK2XCOQKSK3T5Q.jpg 1440w\">Sergio Massa apunt\u00f3 contra Milei (Europa Press\/Contacto\/Manuel Cortina)<\/p>\n\n\n\n<p>Luego, cuestion\u00f3 a Milei, aunque sin nombrarlo directamente, y critic\u00f3 su postura de \u201ccortar v\u00ednculos con China y Brasil\u201d, \u201carancelar las universidades\u201d, \u201cdestruir el Estado, porque todo lo resuelve el mercado\u201d, y \u201celiminar derechos laborales para pasar a un modelo en el que cada uno se salva como puede\u201d.<\/p>\n\n\n\n<p>\u201cQuiero decirles que, como nos encanta enfrentar los desaf\u00edos, as\u00ed como hasta hoy nos dedicamos a contarles a los argentinos lo que hac\u00edamos para enfrentar la crisis, desde hoy empezamos a contar lo que se viene, pero sin esperar al cambio de gobierno para plantear en el Parlamento o en instrumentos de gobierno los cambios que proponemos, sino desde ma\u00f1ana mismo\u201d, remarc\u00f3.<\/p>\n\n\n\n<p>Al respecto, anunci\u00f3 que va a avanzar \u201c<strong>con una primera modificaci\u00f3n que va a permitir que en los pr\u00f3ximos 2 a\u00f1os cada pyme que tome a un trabajador no pague aportes ni contribuciones<\/strong>, para transformar a los programas sociales en empleo, para incorporar a los j\u00f3venes en el mercado de trabajo\u201d.<\/p>\n\n\n\n<p>Asimismo, en otro tramo de su discurso, Massa se volvi\u00f3 a mostrar en contra de \u201cla dolarizaci\u00f3n y de la dolarizaci\u00f3n cobarde, que es bimonetarismo\u201d, al considerar que ser\u00eda \u201centregar la soberan\u00eda en t\u00e9rminos de se\u00f1oraje\u201d.<\/p>\n\n\n\n<p>\u201cEs, de alguna manera, el resignar la capacidad como pa\u00eds de decidir cu\u00e1l es el modelo de desarrollo, la competitividad de nuestra industria, los sectores a desarrollar, la elecci\u00f3n de vectores estrat\u00e9gicos, asumiendo cu\u00e1l es nuestra capacidad instalada m\u00e1s competitiva, o que m\u00e1s empleo genera. Esa es una decisi\u00f3n que se puede tomar cuando uno tiene soberan\u00eda econ\u00f3mica, que depende de tener una moneda, pero hacerla cre\u00edble\u201d, remarc\u00f3.<\/p>\n\n\n\n<p><img decoding=\"async\" loading=\"lazy\" alt=\"El ministro de Econom\u00eda volvi\u00f3 a cuestionar la dolarizaci\u00f3n (Franco Fafasuli)\" height=\"4000\" width=\"6000\" src=\"https:\/\/www.infobae.com\/new-resizer\/rvvtivsiscfPuVuMIZk9ejHO5Pw=\/arc-anglerfish-arc2-prod-infobae\/public\/U4VK63QLTJGRNHC7UFSFA4ERBE.jpg\" srcset=\"https:\/\/www.infobae.com\/new-resizer\/OE3AeV91uOLSylPIKMxaTfW6QE8=\/420x280\/filters:format(webp):quality(85)\/cloudfront-us-east-1.images.arcpublishing.com\/infobae\/U4VK63QLTJGRNHC7UFSFA4ERBE.jpg 420w,https:\/\/www.infobae.com\/new-resizer\/eySYASCPtt1vj37o_1MajQl1dKY=\/768x512\/filters:format(webp):quality(85)\/cloudfront-us-east-1.images.arcpublishing.com\/infobae\/U4VK63QLTJGRNHC7UFSFA4ERBE.jpg 768w,https:\/\/www.infobae.com\/new-resizer\/ELA9WL-GGv8PEtbCbclKBQUcjdw=\/992x661\/filters:format(webp):quality(85)\/cloudfront-us-east-1.images.arcpublishing.com\/infobae\/U4VK63QLTJGRNHC7UFSFA4ERBE.jpg 992w,https:\/\/www.infobae.com\/new-resizer\/EaA55s35-jjyleygiLu8GR7fCqs=\/1200x800\/filters:format(webp):quality(85)\/cloudfront-us-east-1.images.arcpublishing.com\/infobae\/U4VK63QLTJGRNHC7UFSFA4ERBE.jpg 1200w,https:\/\/www.infobae.com\/new-resizer\/2-3UuohS7HfMR3-EbDrbAdo1xoI=\/1440x960\/filters:format(webp):quality(85)\/cloudfront-us-east-1.images.arcpublishing.com\/infobae\/U4VK63QLTJGRNHC7UFSFA4ERBE.jpg 1440w\">El ministro de Econom\u00eda volvi\u00f3 a cuestionar la dolarizaci\u00f3n (Franco Fafasuli)<\/p>\n\n\n\n<p>No obstante, tambi\u00e9n apunt\u00f3 contra Juntos por el Cambio, al acusar a la anterior gesti\u00f3n de \u201ctomar una decisi\u00f3n casi criminal, que fue la de construir un cepo al crecimiento y al desarrollo, tomando un cr\u00e9dito impagable y condicionando en un programa de revisi\u00f3n cada 90 d\u00edas la decisi\u00f3n pol\u00edtica y econ\u00f3mica de nuestro pa\u00eds\u201d.<\/p>\n\n\n\n<p>\u201cNos toc\u00f3 convivir con la herencia, no solo de la mayor deuda de la historia argentina, sino de la m\u00e1s grande que otorg\u00f3 el Fondo Monetario Internacional a un pa\u00eds, con la pandemia, durante la cual salimos con el Estado a respaldar a las pymes, y en el medio de ese proceso el mundo entr\u00f3 en una guerra que cambi\u00f3 los precios relativos, y despu\u00e9s tuvimos la peor sequ\u00eda de la historia\u201d, record\u00f3.<\/p>\n\n\n\n<p>Sin embargo, cerr\u00f3: \u201c<strong>No lloramos, no soy de los que mariconea, soy de los que enfrenta los problemas que le toca enfrentar<\/strong>\u00a0y, as\u00ed como en agosto algunos escapaban de los problemas, yo me hice cargo, y as\u00ed como en aquel momento entend\u00ed mi responsabilidad con la Patria, entiendo, junto con Agust\u00edn (Rossi), mi responsabilidad con el futuro\u201d.<\/p>\n\n\n\n<p>Fuente: Infobae<\/p>\n","protected":false},"excerpt":{"rendered":"<div class=\"mh-excerpt\"><p>Sergio Massa habl\u00f3 este lunes en la cena de recaudaci\u00f3n de Uni\u00f3n por la Patria de cara a las elecciones generales de octubre y envi\u00f3 un mensaje de optimismo luego de un resultado en las PASO que no fue el esperado. El evento se llev\u00f3 a cabo en Parque Norte y, frente a empresarios y funcionarios, el candidato presidencial lanz\u00f3 cr\u00edticas al gobierno de Cambiemos por el acuerdo con el FMI, pero se enfoc\u00f3 en polarizar con Javier Milei, el gran ganador de las Primarias y con quien el ministro apunta a competir en un eventual balotaje. \u201cSi quieren debatir <a class=\"mh-excerpt-more\" href=\"http:\/\/dsrmedios.com.ar\/diario\/archivos\/39176\" title=\"Sergio Massa: \u201cDesde el 10 de diciembre vamos a convocar a un gobierno de unidad nacional\u201d\">[Leer m\u00e1s]<\/a><\/p>\n<\/div>","protected":false},"author":8,"featured_media":447,"comment_status":"open","ping_status":"closed","sticky":false,"template":"","format":"standard","meta":{"_jetpack_newsletter_access":""},"categories":[6],"tags":[],"jetpack_featured_media_url":"http:\/\/dsrmedios.com.ar\/diario\/wp-content\/uploads\/2017\/09\/massa.jpg","jetpack_sharing_enabled":true,"jetpack_shortlink":"https:\/\/wp.me\/p9fihK-abS","_links":{"self":[{"href":"http:\/\/dsrmedios.com.ar\/diario\/wp-json\/wp\/v2\/posts\/39176"}],"collection":[{"href":"http:\/\/dsrmedios.com.ar\/diario\/wp-json\/wp\/v2\/posts"}],"about":[{"href":"http:\/\/dsrmedios.com.ar\/diario\/wp-json\/wp\/v2\/types\/post"}],"author":[{"embeddable":true,"href":"http:\/\/dsrmedios.com.ar\/diario\/wp-json\/wp\/v2\/users\/8"}],"replies":[{"embeddable":true,"href":"http:\/\/dsrmedios.com.ar\/diario\/wp-json\/wp\/v2\/comments?post=39176"}],"version-history":[{"count":1,"href":"http:\/\/dsrmedios.com.ar\/diario\/wp-json\/wp\/v2\/posts\/39176\/revisions"}],"predecessor-version":[{"id":39177,"href":"http:\/\/dsrmedios.com.ar\/diario\/wp-json\/wp\/v2\/posts\/39176\/revisions\/39177"}],"wp:featuredmedia":[{"embeddable":true,"href":"http:\/\/dsrmedios.com.ar\/diario\/wp-json\/wp\/v2\/media\/447"}],"wp:attachment":[{"href":"http:\/\/dsrmedios.com.ar\/diario\/wp-json\/wp\/v2\/media?parent=39176"}],"wp:term":[{"taxonomy":"category","embeddable":true,"href":"http:\/\/dsrmedios.com.ar\/diario\/wp-json\/wp\/v2\/categories?post=39176"},{"taxonomy":"post_tag","embeddable":true,"href":"http:\/\/dsrmedios.com.ar\/diario\/wp-json\/wp\/v2\/tags?post=39176"}],"curies":[{"name":"wp","href":"https:\/\/api.w.org\/{rel}","templated":true}]}}