{"id":39170,"date":"2023-09-05T09:40:43","date_gmt":"2023-09-05T12:40:43","guid":{"rendered":"http:\/\/dsrmedios.com.ar\/diario\/?p=39170"},"modified":"2023-09-05T09:40:46","modified_gmt":"2023-09-05T12:40:46","slug":"precios-justos-el-gobierno-anuncio-medidas-impositivas-para-las-empresas-del-programa-y-busca-mas-adhesiones","status":"publish","type":"post","link":"http:\/\/dsrmedios.com.ar\/diario\/archivos\/39170","title":{"rendered":"Precios Justos: el Gobierno anunci\u00f3 medidas impositivas para las empresas del programa y busca m\u00e1s adhesiones"},"content":{"rendered":"\n<p>Mientras la Secretar\u00eda de Comercio asegura que<strong>\u00a0la mitad de las empresas convocadas<\/strong>\u00a0para la nueva etapa de Precios Justos ya puso la firma, el Poder Ejecutivo oficializ\u00f3 algunas de las medidas con las que busca tentar a las compa\u00f1\u00edas para asegurar su participaci\u00f3n en los pr\u00f3ximos tres meses. Algunas empresas grandes, principalmente alimenticias, todav\u00eda<strong>\u00a0plantean reparos<\/strong>\u00a0en la negociaci\u00f3n y son m\u00e1s reticentes a la r\u00fabrica del acuerdo<\/p>\n\n\n\n<p>Por las oficinas de Comercio, la semana pasada se inici\u00f3 un desfile de ejecutivos de empresas de consumo masivo y otros sectores alcanzados por los controles de precios para negociaciones uno contra uno, por las que el Gobierno espera sumar a m\u00e1s firmas a la etapa de Precios Justos que tendr\u00e1 lugar hasta fines de octubre. Seg\u00fan aseguraron a&nbsp;<strong>Infobae<\/strong>&nbsp;fuentes oficiales, de las<strong>&nbsp;425 compa\u00f1\u00edas<\/strong>&nbsp;convocadas para la firma, solo la mitad (<strong>215<\/strong>) ya lo hicieron.<\/p>\n\n\n\n<p>El marco general que tendr\u00e1 Precios Justos ya hab\u00eda sido anticipado hace diez d\u00edas por el equipo econ\u00f3mico, con un sendero de aumentos acotados y por debajo de la inflaci\u00f3n esperada para esos meses. Ser\u00eda de un tope de<strong>&nbsp;incremento de 5% mensual&nbsp;<\/strong>para los productos de consumo masivo en los supermercados.<strong>&nbsp;Infobae&nbsp;<\/strong>public\u00f3 cu\u00e1l es<a rel=\"noreferrer noopener\" href=\"https:\/\/www.infobae.com\/economia\/2023\/08\/31\/alimentos-que-dice-el-convenio-que-empresas-no-quieren-firmar-y-que-las-obliga-a-congelar-precios-y-abastecer-hasta-octubre\/\" target=\"_blank\">&nbsp;el modelo de compromiso&nbsp;<\/a>que envi\u00f3 Comercio a las empresas en los \u00faltimos d\u00edas. Algunas empresas se resisten, principalmente, porque consideran que la estructura de costos no soporta un tope de aumentos mensuales de&nbsp;<strong>5 por ciento<\/strong>.<\/p>\n\n\n\n<blockquote class=\"wp-block-quote\">\n<p>Seg\u00fan aseguraron a Infobae fuentes oficiales, de las 425 compa\u00f1\u00edas convocadas para la firma, solo la mitad (215) ya lo hicieron<\/p>\n<\/blockquote>\n\n\n\n<p>Ese modelo exige abastecimiento y techo de aumentos. \u201cLa empresa se compromete a vender a las empresas de supermercados minoristas y mayoristas,\u00a0<strong>de forma constante e ininterrumpida<\/strong>, la totalidad de los productos que ella provee al precio fijado por el Anexo 1 referido durante los meses de agosto, septiembre y octubre de 2023\u2033 y \u201cgarantizar\u00e1 el abastecimiento normal y habitual de los productos incluidos en ese anexo, considerando a dicho efecto el promedio de abastecimiento ocurrido en los \u00faltimos doce meses siempre y cuando cuenten con los insumos necesarios a dicho efecto\u201d.<\/p>\n\n\n\n<p>Uno de esos focos de resistencia, aseguran fuentes del sector privado, est\u00e1 nucleado en la Coordinadora de Industrias de Productos Alimenticios (Copal) es decir la principal central empresaria de compa\u00f1\u00edas del<strong>&nbsp;sector alimenticio<\/strong>. Son las fabricantes de los productos que deber\u00e1n tener un margen de remarcaci\u00f3n que consideran muy insuficiente ante el panorama inflacionario que habr\u00e1 en los pr\u00f3ximos meses&nbsp;<strong>como consecuencia de la devaluaci\u00f3n<\/strong>&nbsp;del 14 de agosto.<\/p>\n\n\n\n<p>\u201cLas grandes son m\u00e1s reticentes a la firma, pero el compromiso de aumento lo estamos cumpliendo\u201d, asegur\u00f3 a&nbsp;<strong>Infobae<\/strong>&nbsp;un ejecutivo de una empresa alimenticia que integra Copal. La referencia es que el tope de 5% mensual ya actu\u00f3, al menos de palabra, como un primer convenio para&nbsp;<strong>evitar una estampida de incrementos<\/strong>&nbsp;en las g\u00f3ndolas mientras el Gobierno se involucraba en negociaciones con las empresas.<\/p>\n\n\n\n<p><img decoding=\"async\" loading=\"lazy\" alt=\"El Gobierno cre\u00f3 una unidad espec\u00edfica para la renegociaci\u00f3n de precios\" height=\"1080\" width=\"1920\" src=\"https:\/\/www.infobae.com\/new-resizer\/6t16fGevMb1bROqnv-i_hB0nBjI=\/arc-anglerfish-arc2-prod-infobae\/public\/DVAECRBLLFANZHU4ECI4BIOBRQ.jpg\" srcset=\"https:\/\/www.infobae.com\/new-resizer\/mPL03KsBhclKDiHYI5NHHnufQjE=\/420x236\/filters:format(webp):quality(85)\/cloudfront-us-east-1.images.arcpublishing.com\/infobae\/DVAECRBLLFANZHU4ECI4BIOBRQ.jpg 420w,https:\/\/www.infobae.com\/new-resizer\/PiFmAoSB8ZJXtAVchzGdNuXUzKo=\/768x432\/filters:format(webp):quality(85)\/cloudfront-us-east-1.images.arcpublishing.com\/infobae\/DVAECRBLLFANZHU4ECI4BIOBRQ.jpg 768w,https:\/\/www.infobae.com\/new-resizer\/gaEEX2Ypx_-kU9bm49m0DZE7SZ8=\/992x558\/filters:format(webp):quality(85)\/cloudfront-us-east-1.images.arcpublishing.com\/infobae\/DVAECRBLLFANZHU4ECI4BIOBRQ.jpg 992w,https:\/\/www.infobae.com\/new-resizer\/9LzWfMJPJrTxeRZEmHl_e1B8_TM=\/1200x675\/filters:format(webp):quality(85)\/cloudfront-us-east-1.images.arcpublishing.com\/infobae\/DVAECRBLLFANZHU4ECI4BIOBRQ.jpg 1200w,https:\/\/www.infobae.com\/new-resizer\/x_qvof8GCx48BHvGAkugztqZDPQ=\/1440x810\/filters:format(webp):quality(85)\/cloudfront-us-east-1.images.arcpublishing.com\/infobae\/DVAECRBLLFANZHU4ECI4BIOBRQ.jpg 1440w\">El Gobierno cre\u00f3 una unidad espec\u00edfica para la renegociaci\u00f3n de precios<\/p>\n\n\n\n<p>El Poder Ejecutivo no dar\u00e1 el brazo a torcer respecto al aumento mensual, creen en las empresas, aunque puede haber alg\u00fan espacio para&nbsp;<strong>negociar qu\u00e9 productos formar\u00e1n parte<\/strong>&nbsp;de Precios Justos hasta fines de octubre. Lo que buscan algunas empresas de consumo masivo es poder&nbsp;<strong>eliminar algunos productos de la canasta&nbsp;<\/strong>de Precios Justos ya que aseguran haber incluido productos de primera l\u00ednea y que, por los incrementos acotados de los \u00faltimos meses, ya son m\u00e1s baratos que segundas marcas.<\/p>\n\n\n\n<p>Un informe de la consultora LCG plante\u00f3 que \u201cen la quinta semana de agosto la suba de precios de los alimentos&nbsp;<strong>promedi\u00f3 1,9%<\/strong>,<strong>&nbsp;desacelerando 0,4 puntos<\/strong>&nbsp;porcentuales respecto a la semana anterior. El \u00edndice de alimentos y bebidas present\u00f3 una inflaci\u00f3n mensual del&nbsp;<strong>10,1% promedio en las \u00faltimas 4 semanas<\/strong>&nbsp;y 12% punta a punta en el mismo per\u00edodo\u201d, mencionaron.<\/p>\n\n\n\n<blockquote class=\"wp-block-quote\">\n<p>Algunas empresas resisten, principalmente, porque consideran que la estructura de costos no soporta un tope de aumentos mensuales de 5 por ciento<\/p>\n<\/blockquote>\n\n\n\n<p>En esa quinta semana del mes, analizado por sectores, las<strong>&nbsp;frutas&nbsp;<\/strong>lideraron el ritmo de incrementos con&nbsp;<strong>5,7%<\/strong>, seguido de comidas para llevar (4,1%), carnes y panificados (1,7% en cada caso), bebidas y verduras (1,3% para cada rubro), l\u00e1cteos y huevos (1%) y aceites, con 0,4 por ciento.<\/p>\n\n\n\n<p>En ese contexto de negociaci\u00f3n, el Gobierno public\u00f3 este lunes en el Bolet\u00edn Oficial cu\u00e1les ser\u00e1n las<strong>\u00a0\u201czanahorias\u201d<\/strong>\u00a0con las cuales busca tentar a las empresas para que permanezcan en Precios Justos. La primera ser\u00e1 la\u00a0<strong>suspensi\u00f3n del cobro de impuesto PAIS<\/strong>\u00a0para operaciones de<strong>\u00a0importaci\u00f3n\u00a0<\/strong>hasta el 31 de octubre para las empresas que firmen. Tambi\u00e9n habr\u00e1<strong>\u00a00% de derecho de exportaci\u00f3n<\/strong>\u00a0para algunas ventas al exterior de productos alcanzados por la reducci\u00f3n de al\u00edcuota en la que trabaj\u00f3 la Secretar\u00eda de Agricultura.<\/p>\n\n\n\n<p>Por otra parte, habr\u00e1 un plan de pagos, que ser\u00e1 a\u00a0<strong>seis cuotas<\/strong>, a pagar a partir de marzo del a\u00f1o pr\u00f3ximo, que tendr\u00e1 una tasa de inter\u00e9s levemente por debajo del 6 por ciento mensual y que apuntar\u00e1 a esos derechos de exportaci\u00f3n diferidos. Tambi\u00e9n habr\u00e1 una\u00a0<strong>pr\u00f3rroga de los vencimientos\u00a0<\/strong>de las obligaciones de pago del IVA y\/o de las contribuciones de la Seguridad Social.<\/p>\n\n\n\n<p>Fuente: Infobae<\/p>\n","protected":false},"excerpt":{"rendered":"<div class=\"mh-excerpt\"><p>Mientras la Secretar\u00eda de Comercio asegura que\u00a0la mitad de las empresas convocadas\u00a0para la nueva etapa de Precios Justos ya puso la firma, el Poder Ejecutivo oficializ\u00f3 algunas de las medidas con las que busca tentar a las compa\u00f1\u00edas para asegurar su participaci\u00f3n en los pr\u00f3ximos tres meses. Algunas empresas grandes, principalmente alimenticias, todav\u00eda\u00a0plantean reparos\u00a0en la negociaci\u00f3n y son m\u00e1s reticentes a la r\u00fabrica del acuerdo Por las oficinas de Comercio, la semana pasada se inici\u00f3 un desfile de ejecutivos de empresas de consumo masivo y otros sectores alcanzados por los controles de precios para negociaciones uno contra uno, por las <a class=\"mh-excerpt-more\" href=\"http:\/\/dsrmedios.com.ar\/diario\/archivos\/39170\" title=\"Precios Justos: el Gobierno anunci\u00f3 medidas impositivas para las empresas del programa y busca m\u00e1s adhesiones\">[Leer m\u00e1s]<\/a><\/p>\n<\/div>","protected":false},"author":8,"featured_media":31416,"comment_status":"open","ping_status":"closed","sticky":false,"template":"","format":"standard","meta":{"_jetpack_newsletter_access":""},"categories":[6],"tags":[],"jetpack_featured_media_url":"http:\/\/dsrmedios.com.ar\/diario\/wp-content\/uploads\/2023\/04\/CULIKXKBYJ5VYCFKH4L7XKC57Q.jpg","jetpack_sharing_enabled":true,"jetpack_shortlink":"https:\/\/wp.me\/p9fihK-abM","_links":{"self":[{"href":"http:\/\/dsrmedios.com.ar\/diario\/wp-json\/wp\/v2\/posts\/39170"}],"collection":[{"href":"http:\/\/dsrmedios.com.ar\/diario\/wp-json\/wp\/v2\/posts"}],"about":[{"href":"http:\/\/dsrmedios.com.ar\/diario\/wp-json\/wp\/v2\/types\/post"}],"author":[{"embeddable":true,"href":"http:\/\/dsrmedios.com.ar\/diario\/wp-json\/wp\/v2\/users\/8"}],"replies":[{"embeddable":true,"href":"http:\/\/dsrmedios.com.ar\/diario\/wp-json\/wp\/v2\/comments?post=39170"}],"version-history":[{"count":1,"href":"http:\/\/dsrmedios.com.ar\/diario\/wp-json\/wp\/v2\/posts\/39170\/revisions"}],"predecessor-version":[{"id":39172,"href":"http:\/\/dsrmedios.com.ar\/diario\/wp-json\/wp\/v2\/posts\/39170\/revisions\/39172"}],"wp:featuredmedia":[{"embeddable":true,"href":"http:\/\/dsrmedios.com.ar\/diario\/wp-json\/wp\/v2\/media\/31416"}],"wp:attachment":[{"href":"http:\/\/dsrmedios.com.ar\/diario\/wp-json\/wp\/v2\/media?parent=39170"}],"wp:term":[{"taxonomy":"category","embeddable":true,"href":"http:\/\/dsrmedios.com.ar\/diario\/wp-json\/wp\/v2\/categories?post=39170"},{"taxonomy":"post_tag","embeddable":true,"href":"http:\/\/dsrmedios.com.ar\/diario\/wp-json\/wp\/v2\/tags?post=39170"}],"curies":[{"name":"wp","href":"https:\/\/api.w.org\/{rel}","templated":true}]}}