{"id":39166,"date":"2023-09-05T09:37:26","date_gmt":"2023-09-05T12:37:26","guid":{"rendered":"http:\/\/dsrmedios.com.ar\/diario\/?p=39166"},"modified":"2023-09-05T09:37:29","modified_gmt":"2023-09-05T12:37:29","slug":"patricia-bullrich-designo-a-seis-voceros-mostrara-un-seleccionado-joven-y-federalizara-sus-equipos","status":"publish","type":"post","link":"http:\/\/dsrmedios.com.ar\/diario\/archivos\/39166","title":{"rendered":"Patricia Bullrich design\u00f3 a seis voceros, mostrar\u00e1 un \u201cseleccionado joven\u201d y federalizar\u00e1 sus equipos"},"content":{"rendered":"\n<p><strong>Patricia Bullrich<\/strong>&nbsp;est\u00e1 decidida a&nbsp;<strong>ordenar la campa\u00f1a<\/strong>&nbsp;luego del cimbronazo que provoc\u00f3 en Juntos por el Cambio haber quedado segundo en las PASO: esta tarde present\u00f3 a 6&nbsp;<strong>voceros&nbsp;<\/strong>que unificar\u00e1n la estrategia y el discurso de los miembros de los equipos de gobierno, coordinados a su vez por&nbsp;<strong>Alberto Forhig.<\/strong>&nbsp;Los dirigentes designados por la candidata fueron&nbsp;<strong>Carlos Melconian&nbsp;<\/strong>en Econom\u00eda,&nbsp;<strong>Federico Pinedo<\/strong>&nbsp;en Pol\u00edtica Exterior,&nbsp;<strong>Joaqu\u00edn de la Torre&nbsp;<\/strong>en el \u00c1rea Social,&nbsp;<strong>Fabio Quetglas&nbsp;<\/strong>en Educaci\u00f3n,&nbsp;<strong>Silvia Lospennato&nbsp;<\/strong>en Mujeres y G\u00e9nero y&nbsp;<strong>Bernardo Saravia Fr\u00edas<\/strong>&nbsp;en Reforma del Estado.<\/p>\n\n\n\n<figure class=\"wp-block-image\"><img decoding=\"async\" src=\"https:\/\/www.infobae.com\/new-resizer\/TOabrQIPj0HL_2yxjUN4pwFvNOc=\/filters:format(webp):quality(85)\/cloudfront-us-east-1.images.arcpublishing.com\/infobae\/4R57K4SIRVB2BG5SBL3DCKUMEA.jpg\" alt=\"\"\/><\/figure>\n\n\n\n<p>De esta formal Bullrich apuesta a contar con&nbsp;<strong>\u201c6 paraguas\u201d,<\/strong>&nbsp;como defini\u00f3 en la intimidad la tarea de los voceros, para&nbsp;<strong>aglutinar&nbsp;<\/strong>el trabajo de los especialistas propios y del resto de Juntos por el Cambio. El anuncio de la&nbsp;<strong>nueva organizaci\u00f3n interna<\/strong>&nbsp;se hizo luego de una reuni\u00f3n que la postulante de JxC mantuvo con los responsables de sus equipos de gobierno en un hotel de la avenida Callao al 900. Se aclar\u00f3 que esos anuncios&nbsp;<strong>no significa&nbsp;<\/strong>que esos nombres sean ministros de su eventual gobierno.<\/p>\n\n\n\n<p>Del encuentro participaron, entre otros, economistas del equipo de Melconian como Enrique Szewach, Rodolfo Sant\u00e1ngelo y Daniel Artana, adem\u00e1s de otros que pertenecen al bullrichismo y a JxC como Luciano Laspina, Hern\u00e1n Lacunza, Jos\u00e9 Luis Espert, Eduardo Levy Yeyati, Mat\u00edas Surt, y Juan Carlos S\u00e1nchez Arnaud; por el \u00e1rea de educaci\u00f3n, Quetglas, Soledad Acu\u00f1a, Sabrina Ajmechet, Jaime Correas y Alejandro Finocchiaro; de Pol\u00edtica Exterior, Pinedo y el larretista Fernando Straface; del \u00e1rea social, Mat\u00edas Lobo, y del tema Mujeres y G\u00e9nero estuvo y brind\u00f3 un discurso Lospennato, otra larretista. Otra presencia de las listas del jefe de Gobierno fue Miguel \u00c1ngel Pichetto, quien tambi\u00e9n habl\u00f3.<\/p>\n\n\n\n<p><img decoding=\"async\" loading=\"lazy\" alt=\"Patricia Bullrich delibera con los integrantes de sus equipos de gobierno, en un encuentro realizado en un hotel c\u00e9ntrico\" height=\"1280\" width=\"1920\" src=\"https:\/\/www.infobae.com\/new-resizer\/7KzuQ-Ia2cswbTxopTB3poKUrrs=\/arc-anglerfish-arc2-prod-infobae\/public\/FJOFNY7IFBBAXK46EC7WCLIA2Y.jpg\" srcset=\"https:\/\/www.infobae.com\/new-resizer\/MfkS7Y_1vvc5OOf0UXbQnMpLCnY=\/420x280\/filters:format(webp):quality(85)\/cloudfront-us-east-1.images.arcpublishing.com\/infobae\/FJOFNY7IFBBAXK46EC7WCLIA2Y.jpg 420w,https:\/\/www.infobae.com\/new-resizer\/nn_t0TjM-8z40bocnIQlIKdo8r4=\/768x512\/filters:format(webp):quality(85)\/cloudfront-us-east-1.images.arcpublishing.com\/infobae\/FJOFNY7IFBBAXK46EC7WCLIA2Y.jpg 768w,https:\/\/www.infobae.com\/new-resizer\/9CBKIpHKx5MAFml9BDxIycJ8E3c=\/992x661\/filters:format(webp):quality(85)\/cloudfront-us-east-1.images.arcpublishing.com\/infobae\/FJOFNY7IFBBAXK46EC7WCLIA2Y.jpg 992w,https:\/\/www.infobae.com\/new-resizer\/zYjMjlffpoBbLS7eSFLOh5MZOqg=\/1200x800\/filters:format(webp):quality(85)\/cloudfront-us-east-1.images.arcpublishing.com\/infobae\/FJOFNY7IFBBAXK46EC7WCLIA2Y.jpg 1200w,https:\/\/www.infobae.com\/new-resizer\/78DcldPntTsaYLV7kPL9SGVavi4=\/1440x960\/filters:format(webp):quality(85)\/cloudfront-us-east-1.images.arcpublishing.com\/infobae\/FJOFNY7IFBBAXK46EC7WCLIA2Y.jpg 1440w\">Patricia Bullrich delibera con los integrantes de sus equipos de gobierno, en un encuentro realizado en un hotel c\u00e9ntrico<\/p>\n\n\n\n<p>Para Bullrich ser\u00e1 importante que los expertos de JxC acompa\u00f1en a los distintos candidatos que se postulan en todo el pa\u00eds: \u201cTodos los equipos tienen que tener personas de todas y cada una de las provincias. Somos un verdadero pa\u00eds federal, somos una coalici\u00f3n federal y cada uno ocupe ser el primer puente de cada provincia\u201d, dijo esta tarde. La idea, seg\u00fan explic\u00f3. es ir hacia a una&nbsp;<strong>\u201cfederalizaci\u00f3n de los equipos de gobierno\u201d&nbsp;<\/strong>con la incorporaci\u00f3n de especialistas del interior.<\/p>\n\n\n\n<p><\/p>\n\n\n\n<p>Ese objetivo tambi\u00e9n apunta a&nbsp;<strong>potenciar&nbsp;<\/strong>el voto en todo el territorio argentino y, en lo inmediato, sacar r\u00e9dito pol\u00edtico de eventuales triunfos en las elecciones provinciales antes de los comicios generales como&nbsp;<strong>Santa Fe<\/strong>&nbsp;(adonde viajar\u00e1 este domingo),&nbsp;<strong>Chaco&nbsp;<\/strong>(se votar\u00e1 el 17) y&nbsp;<strong>Mendoza&nbsp;<\/strong>(el 24).<\/p>\n\n\n\n<p>Confiada en sumar m\u00e1s votos, la ex ministra de Seguridad&nbsp;<strong>no quiere entrar en una pelea frontal con Javier Milei,<\/strong>&nbsp;el candidato m\u00e1s votado en las PASO: \u201cQueremos confrontar ideas y no entrar en una guerra de palabras\u201d, defini\u00f3 ante sus allegados. A partir del entusiasmo por el relanzamiento de la campa\u00f1a, con Melconian como referente econ\u00f3mico, Bullrich conf\u00eda en que en las elecciones generales obtendr\u00e1<strong>&nbsp;m\u00e1s del 30% de los votos<\/strong>&nbsp;(en las PASO logr\u00f3 el 28%, sumando los sufragios de Larreta).<\/p>\n\n\n\n<p><img decoding=\"async\" loading=\"lazy\" alt=\"Patricia Bullrich y Luis Petri encabezaron la reuni\u00f3n con los equipos de gobierno\" height=\"1280\" width=\"1920\" src=\"https:\/\/www.infobae.com\/new-resizer\/HYh8jrF-BLWUllEaMIsY4YkzLYE=\/arc-anglerfish-arc2-prod-infobae\/public\/GMSUV6QHJZHDFKX4M7AAM5WWPE.jpg\" srcset=\"https:\/\/www.infobae.com\/new-resizer\/F2pbZc0LjwchSujAATcZyeMgUV8=\/420x280\/filters:format(webp):quality(85)\/cloudfront-us-east-1.images.arcpublishing.com\/infobae\/GMSUV6QHJZHDFKX4M7AAM5WWPE.jpg 420w,https:\/\/www.infobae.com\/new-resizer\/Yum2BrxGTuaVvnhhTiPWVvix5Ic=\/768x512\/filters:format(webp):quality(85)\/cloudfront-us-east-1.images.arcpublishing.com\/infobae\/GMSUV6QHJZHDFKX4M7AAM5WWPE.jpg 768w,https:\/\/www.infobae.com\/new-resizer\/ETH0C5EzbhHw_fEj3YsEkaoRSjA=\/992x661\/filters:format(webp):quality(85)\/cloudfront-us-east-1.images.arcpublishing.com\/infobae\/GMSUV6QHJZHDFKX4M7AAM5WWPE.jpg 992w,https:\/\/www.infobae.com\/new-resizer\/EIZWlzyvRa6CrXwQsKXYKbmvPJU=\/1200x800\/filters:format(webp):quality(85)\/cloudfront-us-east-1.images.arcpublishing.com\/infobae\/GMSUV6QHJZHDFKX4M7AAM5WWPE.jpg 1200w,https:\/\/www.infobae.com\/new-resizer\/l7176dX7JbmSb6rOxNQMXQYTpAI=\/1440x960\/filters:format(webp):quality(85)\/cloudfront-us-east-1.images.arcpublishing.com\/infobae\/GMSUV6QHJZHDFKX4M7AAM5WWPE.jpg 1440w\">Patricia Bullrich y Luis Petri encabezaron la reuni\u00f3n con los equipos de gobierno<\/p>\n\n\n\n<p>La incorporaci\u00f3n de&nbsp;<strong>Lospennato&nbsp;<\/strong>como vocera en temas de la mujer es considerada&nbsp;<strong>clave&nbsp;<\/strong>en el bullrichismo porque est\u00e1 especializada en cuestiones de g\u00e9nero y en ese segmento, seg\u00fan concluyeron los estrategas que trabajan con la candidata presidencial, hay muchos votos que no ir\u00e1n a Milei (en las PASO, concluyeron, el l\u00edder libertario logr\u00f3 el&nbsp;<strong>doble&nbsp;<\/strong>de votos de hombres que de mujeres).<\/p>\n\n\n\n<p>Bullrich tambi\u00e9n puesta en explotar medi\u00e1ticamente la irrupci\u00f3n de lo que denomina la<strong>&nbsp;\u201cnueva selecci\u00f3n de Juntos por el Cambio\u201d<\/strong>: se trata de figuras&nbsp;<strong>j\u00f3venes&nbsp;<\/strong>del espacio que cobrar\u00e1n m\u00e1s protagonismo para confirmar que tambi\u00e9n existe un&nbsp;<strong>semillero&nbsp;<\/strong>de dirigentes nuevos como Ignacio Torres (gobernador electo de Chubut), Maximiliano Pullaro (candidato a gobernador de Santa Fe), Manuel Passaglia (intendente de San Nicol\u00e1s), Dami\u00e1n Arabia (armador nacional del bullrichismo y candidato a diputado por CABA), Daiana Fern\u00e1ndez Molero (economista y postulante a diputada por el distrito porte\u00f1o) y Facundo Manzoni (intendente electo de Viamonte, en C\u00f3rdoba).<\/p>\n\n\n\n<p><img decoding=\"async\" loading=\"lazy\" alt=\"Patricia Bullrich, con Sebasti\u00e1n Garc\u00eda de Luca y dos de las nuevas figuras en las que conf\u00eda: Manuel y Santiago Passaglia\" height=\"1080\" width=\"1920\" src=\"https:\/\/www.infobae.com\/new-resizer\/ZRdbiLNS1nCxBu55SVrzfXWhbHM=\/arc-anglerfish-arc2-prod-infobae\/public\/EXVWVQLU2ZAZPFLV4NOHINOCYY.jpg\" srcset=\"https:\/\/www.infobae.com\/new-resizer\/Vqn8TYbhRbE5QSpW4_6Ctj8rydc=\/420x236\/filters:format(webp):quality(85)\/cloudfront-us-east-1.images.arcpublishing.com\/infobae\/EXVWVQLU2ZAZPFLV4NOHINOCYY.jpg 420w,https:\/\/www.infobae.com\/new-resizer\/FhSLE8Q2Jl0JbDhanmoic8UtSMc=\/768x432\/filters:format(webp):quality(85)\/cloudfront-us-east-1.images.arcpublishing.com\/infobae\/EXVWVQLU2ZAZPFLV4NOHINOCYY.jpg 768w,https:\/\/www.infobae.com\/new-resizer\/PUNrFkCDYptENHgIKD2-XSJ89_g=\/992x558\/filters:format(webp):quality(85)\/cloudfront-us-east-1.images.arcpublishing.com\/infobae\/EXVWVQLU2ZAZPFLV4NOHINOCYY.jpg 992w,https:\/\/www.infobae.com\/new-resizer\/T3VDhpOwI0JatWQQLiateaQrn14=\/1200x675\/filters:format(webp):quality(85)\/cloudfront-us-east-1.images.arcpublishing.com\/infobae\/EXVWVQLU2ZAZPFLV4NOHINOCYY.jpg 1200w,https:\/\/www.infobae.com\/new-resizer\/jsskuc2BALNYu31AncgrHmUxe3Q=\/1440x810\/filters:format(webp):quality(85)\/cloudfront-us-east-1.images.arcpublishing.com\/infobae\/EXVWVQLU2ZAZPFLV4NOHINOCYY.jpg 1440w\">Patricia Bullrich, con Sebasti\u00e1n Garc\u00eda de Luca y dos de las nuevas figuras en las que conf\u00eda: Manuel y Santiago Passaglia<\/p>\n\n\n\n<p>En ese pelot\u00f3n de renovadas figuras, obviamente, no est\u00e1<strong>\u00a0Mauricio Macri,\u00a0<\/strong>a quien Bullrich apuesta a que ocupe alg\u00fan rol en la campa\u00f1a (<strong>\u201del que \u00e9l quiera\u201d,\u00a0<\/strong>sostuvo en la intimidad), en medio de las especulaciones que rodean sus\u00a0<a rel=\"noreferrer noopener\" href=\"https:\/\/www.infobae.com\/politica\/2023\/09\/04\/que-hay-detras-de-las-declaraciones-de-patricia-bullrich-acerca-de-que-en-jxc-estuvieron-presos-de-macri\/\" target=\"_blank\">afirmaciones tan sugestivas\u00a0<\/a>sobre el ex presidente: \u201cHemos estado siempre\u00a0<strong>presos\u00a0<\/strong>en Juntos por el Cambio de qu\u00e9 iba a hacer Macri -dijo- y tenemos que\u00a0<strong>liberar a todo Juntos por el Cambio<\/strong>\u00a0y que Mauricio se acomode como \u00e9l crea que se debe acomodar\u201d.<\/p>\n\n\n\n<p>En el entorno de Bullrich, de todas formas, resaltaron que\u00a0<strong>\u201cno hay ning\u00fan problema\u201d<\/strong>\u00a0con Macri, sino que lo que le\u00a0<strong>molesta\u00a0<\/strong>a la candidata es que le\u00a0<strong>pregunten siempre\u00a0<\/strong>por el ex mandatario y que los medios\u00a0<strong>lo destaquen en sus t\u00edtulos.<\/strong>\u00a0\u00bfSer\u00e1 entonces s\u00f3lo una cuesti\u00f3n de cartel? Aun as\u00ed, la candidata presidencial avanza con el\u00a0<strong>reordenamiento\u00a0<\/strong>de la campa\u00f1a y prepara\u00a0<strong>nuevos anuncios.<\/strong>\u00a0No quiere distraerse ni un minuto, aunque Macri est\u00e9 de por medio, para tratar de llegar a la Casa Rosada.<\/p>\n\n\n\n<p>Fuente: Infobae<\/p>\n","protected":false},"excerpt":{"rendered":"<div class=\"mh-excerpt\"><p>Patricia Bullrich&nbsp;est\u00e1 decidida a&nbsp;ordenar la campa\u00f1a&nbsp;luego del cimbronazo que provoc\u00f3 en Juntos por el Cambio haber quedado segundo en las PASO: esta tarde present\u00f3 a 6&nbsp;voceros&nbsp;que unificar\u00e1n la estrategia y el discurso de los miembros de los equipos de gobierno, coordinados a su vez por&nbsp;Alberto Forhig.&nbsp;Los dirigentes designados por la candidata fueron&nbsp;Carlos Melconian&nbsp;en Econom\u00eda,&nbsp;Federico Pinedo&nbsp;en Pol\u00edtica Exterior,&nbsp;Joaqu\u00edn de la Torre&nbsp;en el \u00c1rea Social,&nbsp;Fabio Quetglas&nbsp;en Educaci\u00f3n,&nbsp;Silvia Lospennato&nbsp;en Mujeres y G\u00e9nero y&nbsp;Bernardo Saravia Fr\u00edas&nbsp;en Reforma del Estado. De esta formal Bullrich apuesta a contar con&nbsp;\u201c6 paraguas\u201d,&nbsp;como defini\u00f3 en la intimidad la tarea de los voceros, para&nbsp;aglutinar&nbsp;el trabajo de los especialistas propios y <a class=\"mh-excerpt-more\" href=\"http:\/\/dsrmedios.com.ar\/diario\/archivos\/39166\" title=\"Patricia Bullrich design\u00f3 a seis voceros, mostrar\u00e1 un \u201cseleccionado joven\u201d y federalizar\u00e1 sus equipos\">[Leer m\u00e1s]<\/a><\/p>\n<\/div>","protected":false},"author":8,"featured_media":36596,"comment_status":"open","ping_status":"closed","sticky":false,"template":"","format":"standard","meta":{"_jetpack_newsletter_access":""},"categories":[6],"tags":[],"jetpack_featured_media_url":"http:\/\/dsrmedios.com.ar\/diario\/wp-content\/uploads\/2023\/07\/patricia-bullrichjpg.webp","jetpack_sharing_enabled":true,"jetpack_shortlink":"https:\/\/wp.me\/p9fihK-abI","_links":{"self":[{"href":"http:\/\/dsrmedios.com.ar\/diario\/wp-json\/wp\/v2\/posts\/39166"}],"collection":[{"href":"http:\/\/dsrmedios.com.ar\/diario\/wp-json\/wp\/v2\/posts"}],"about":[{"href":"http:\/\/dsrmedios.com.ar\/diario\/wp-json\/wp\/v2\/types\/post"}],"author":[{"embeddable":true,"href":"http:\/\/dsrmedios.com.ar\/diario\/wp-json\/wp\/v2\/users\/8"}],"replies":[{"embeddable":true,"href":"http:\/\/dsrmedios.com.ar\/diario\/wp-json\/wp\/v2\/comments?post=39166"}],"version-history":[{"count":1,"href":"http:\/\/dsrmedios.com.ar\/diario\/wp-json\/wp\/v2\/posts\/39166\/revisions"}],"predecessor-version":[{"id":39167,"href":"http:\/\/dsrmedios.com.ar\/diario\/wp-json\/wp\/v2\/posts\/39166\/revisions\/39167"}],"wp:featuredmedia":[{"embeddable":true,"href":"http:\/\/dsrmedios.com.ar\/diario\/wp-json\/wp\/v2\/media\/36596"}],"wp:attachment":[{"href":"http:\/\/dsrmedios.com.ar\/diario\/wp-json\/wp\/v2\/media?parent=39166"}],"wp:term":[{"taxonomy":"category","embeddable":true,"href":"http:\/\/dsrmedios.com.ar\/diario\/wp-json\/wp\/v2\/categories?post=39166"},{"taxonomy":"post_tag","embeddable":true,"href":"http:\/\/dsrmedios.com.ar\/diario\/wp-json\/wp\/v2\/tags?post=39166"}],"curies":[{"name":"wp","href":"https:\/\/api.w.org\/{rel}","templated":true}]}}