{"id":39147,"date":"2023-09-04T16:27:18","date_gmt":"2023-09-04T19:27:18","guid":{"rendered":"http:\/\/dsrmedios.com.ar\/diario\/?p=39147"},"modified":"2023-09-04T16:27:22","modified_gmt":"2023-09-04T19:27:22","slug":"olavarria-provincia-puso-en-vereda-a-galli-por-cobrar-la-atencion-en-salud","status":"publish","type":"post","link":"http:\/\/dsrmedios.com.ar\/diario\/archivos\/39147","title":{"rendered":"Olavarr\u00eda: Provincia &#8220;puso en vereda&#8221; a Galli por cobrar la atenci\u00f3n en salud"},"content":{"rendered":"\n<p>Un anuncio del intendente de&nbsp;<strong><a href=\"https:\/\/infocielo.com\/olavarria\" target=\"_blank\" rel=\"noreferrer noopener\">Olavarr\u00eda<\/a><\/strong>,&nbsp;<strong>Ezequiel Galli<\/strong>&nbsp;(PRO) de dejar de cobrar la atenci\u00f3n de salud a unos 22 mil vecinos fue cuestionado duramente por autoridades provinciales, encabezadas por el ministro de Salud,&nbsp;<strong>Nicol\u00e1s Kreplak<\/strong>, quienes consideraron \u201cinadmisible\u201d la existencia de un sistema de cobro en un hospital p\u00fablico.<\/p>\n\n\n\n<p>La pol\u00e9mica se desat\u00f3 luego que el Jefe Comunal presentara como resultado de un esfuerzo de la comuna ante\u00a0<strong>\u201cla dif\u00edcil situaci\u00f3n econ\u00f3mica que atraviesa el pa\u00eds\u201d,\u00a0<\/strong>la determinaci\u00f3n de equiparar a las personas que cuentan con el carnet hospitalario condici\u00f3n 1 \u2013 no abonan ning\u00fan costo- con aquellos condici\u00f3n dos y tres que, desde el \u00faltimo viernes, empezaron a no pagar por ninguna prestaci\u00f3n.<\/p>\n\n\n\n<p>Lo que pareci\u00f3 un anuncio electoral &#8211; incluso otros sectores de la oposici\u00f3n como el massista Eduardo Rodr\u00edguez hab\u00edan lanzado la iniciativa de interrumpir el cobro de las prestaciones- fue, de acuerdo a lo expresado por las autoridades bonaerenses, consecuencia directa de&nbsp;<strong>una intimaci\u00f3n realizada por el ministerio de Salud para que el Municipio deje de poner barreras al acceso a la salud de los olavarrienses.<\/strong><\/p>\n\n\n\n<p><strong>Cabe contextualizar que en Olavarr\u00eda, desde hace m\u00e1s de dos d\u00e9cadas, se implementa un sistema diferenciado de costo en la atenci\u00f3n a partir de la evaluaci\u00f3n peri\u00f3dica de la condici\u00f3n socio- econ\u00f3mico de cada familia que es realizada por una trabajadora social.<\/strong><\/p>\n\n\n\n<p>En funci\u00f3n de la tipificaci\u00f3n, los valores var\u00edan (condici\u00f3n 2 abona 25% de las prestaciones, condici\u00f3n 3, el 50% y el 4% el 75% mientras que el nivel 5 corresponde a usuarios de obras sociales o personas de otras localidades que llegan a atenderse al nosocomio).<\/p>\n\n\n\n<figure class=\"wp-block-image\"><img decoding=\"async\" src=\"https:\/\/media.infocielo.com\/p\/7ae901fb86c498d302c3d2f28568b1f8\/adjuntos\/299\/imagenes\/001\/700\/0001700377\/gallihospijpg.jpg?2023-08-22-14-53-56\" alt=\"Olavarr\u00eda: Provincia puso en vereda a Galli por cobrar la atenci\u00f3n de salud\" title=\"Olavarr\u00eda: Provincia puso en vereda a Galli por cobrar la atenci\u00f3n de salud\"\/><\/figure>\n\n\n\n<p>Olavarr\u00eda: Provincia puso en vereda a Galli por cobrar la atenci\u00f3n de salud<\/p>\n\n\n\n<p>Prensa Municipio de Olavarr\u00eda<\/p>\n\n\n\n<p>El sistema fue avalado a fines de los 90\u2019 con una ordenanza sobre la Tasa de Servicios Asistenciales- aunque, fuentes locales consultadas por Infocielo explicaron que inicialmente, las categor\u00edas con costo inclu\u00edan \u00fanicamente a personas con obras sociales, prepagas o de alto poder adquisitivo y que, desde la pandemia a la actualidad, muchos vecinos&nbsp;<strong>\u201cfueron empujados de su condici\u00f3n 1 a la 2 y 3 por parte del Municipio como una forma de recaudar m\u00e1s para hacer frente a los costos\u201d<\/strong>.<\/p>\n\n\n\n<p><strong>\u201cDesde Salud notificamos hace 3 meses a Olavarr\u00eda para que interrumpa el cobro por el acceso a la salud y lo siguen haciendo. Es inadmisible. A\u00fan hay gente con deudas por atenciones. El hospital p\u00fablico ya est\u00e1 financiado por la coparticipaci\u00f3n provincial. No debe cobrar\u201d\u00a0<\/strong>dispar\u00f3 el ministro de Salud, Nicol\u00e1s Kreplak.<\/p>\n\n\n\n<p>En efecto, la intervenci\u00f3n de la provincia se debi\u00f3 a una serie de denuncias de vecinos de Olavarr\u00eda a quienes se les gener\u00f3 deuda a partir de la facturaci\u00f3n de prestaciones y quienes planteaban su incertidumbre por no poder hacer frente al pago.<\/p>\n\n\n\n<h2>\u201cNo hay nada que haya que abonar\u201d<\/h2>\n\n\n\n<p>La escalada de la pol\u00e9mica deriv\u00f3 en fuertes cruces entre autoridades municipales y funcionarios de la provincia. El secretario de Gobierno municipal, Hilario Galli, quien sali\u00f3 al cruce del ministro de Salud por sus dichos enumer\u00f3 una serie de cuestionamientos referidos a la ca\u00edda en la coparticipaci\u00f3n en salud, a pesar de un marcado aumento de prestaciones y alert\u00f3 de las deudas al distrito que mantienen las obras sociales IOMA y PAMI.<\/p>\n\n\n\n<p><strong>\u201cTuvimos un 39,29% de incremento del 20\/21 al 21\/22 y del 41,27% del 21\/22 al 22\/23. Aun as\u00ed, la participaci\u00f3n de salud en el CUD global en dichos periodos fue de 44,63% en 2021, 40,5% en 2022 y 37,7 en 2023 (inexplicable ca\u00edda)\u201d<\/strong>\u00a0advirti\u00f3 el funcionario.<\/p>\n\n\n\n<p>La contestaci\u00f3n de la provincia lleg\u00f3 a trav\u00e9s de&nbsp;<strong>Leticia Ceriani<\/strong>, subsecretaria de Gesti\u00f3n de la Informaci\u00f3n del Ministerio de Salud de la Provincia.<\/p>\n\n\n\n<p>En declaraciones a Radio Olavarr\u00eda, dej\u00f3 en claro que \u201ccuando uno va un hospital p\u00fablico no hay nada que deba cobrarse.&nbsp;<strong>De hecho hay 133 municipios que no cobran<\/strong>&nbsp;\u2013 hay otro caso m\u00e1s- justamente por eso son hospitales p\u00fablicos y es lo que manda la Constituci\u00f3n provincial que garantiza el derecho a la salud a trav\u00e9s del Hospital p\u00fablico.&nbsp;<strong>No hay nada que haya que abonar\u201d<\/strong>&nbsp;dijo.<\/p>\n\n\n\n<p>\u201c<strong>Hemos recibido denuncias, incluso facturaci\u00f3n a algunas personas que generaron deuda. A ra\u00edz de ello el 8 de junio hemos enviado una nota al intendente para que cese ese cobro porque adem\u00e1s de ir contra la Constituci\u00f3n va contra una resoluci\u00f3n que se firm\u00f3 en noviembre de 2022 que refuerza la idea que toda persona tienen derecho a ser atendidas sin discriminaci\u00f3n de manera gratuita\u201d<\/strong>&nbsp;destac\u00f3.<\/p>\n\n\n\n<p>En ese sentido, Ceriani, expres\u00f3 que el municipio tom\u00f3 la decisi\u00f3n varios meses despu\u00e9s e intent\u00f3 darle un enfoque electoralista: \u201c<strong>Se ha tomado la decisi\u00f3n que se deje de cobrar a las personas que tienen categor\u00eda dos y tres, nos alegra. Es un poco tarde pero nos preocupa la situaci\u00f3n de las personas que tienen deuda generadas con ese municipio. Ser\u00eda interesante que esas deudas se condonen y que se repiense este sistema de carnetizaci\u00f3n que es in\u00e9dito. Olavarr\u00eda es el \u00fanico municipio de la provincia que tiene un sistema semejante y que constituye una barrera en el acceso a la atenci\u00f3n porque aquel que no puede pagar quiz\u00e1s ni siquiera se acerca al Hospital\u201d&nbsp;<\/strong>cuestion\u00f3.<\/p>\n\n\n\n<figure class=\"wp-block-image\"><img decoding=\"async\" src=\"https:\/\/media.infocielo.com\/p\/e1f04b9e5ac610f403fd28382138773e\/adjuntos\/299\/imagenes\/001\/241\/0001241457\/leticia-cerianipng.png?2021-06-15-10-16-21\" alt=\"\" title=\"\"\/><\/figure>\n\n\n\n<p>Foto: Daniel Olivero &#8211; Infocielo<\/p>\n\n\n\n<p>Respecto a los dichos de Hilario Galli, quien en las \u00faltimas semanas se instal\u00f3 en el Hospital Municipal \u201cH\u00e9ctor Cura\u201d para buscar soluciones a las demoras en la asignaci\u00f3n de turnos a los pacientes, la funcionaria advirti\u00f3: \u201cEl secretario de gobierno se confundi\u00f3.&nbsp;<strong>La coparticipaci\u00f3n no est\u00e1 vinculada a la inflaci\u00f3n, no son fondos que aumenten en forma proporcional a la inflaci\u00f3n. Tratar mezclarlo es un argumento enga\u00f1oso para confundir a la ciudadan\u00eda\u201d&nbsp;<\/strong>sostuvo.<\/p>\n\n\n\n<p>\u201cEs cierto que las consultas m\u00e9dicas y odontol\u00f3gicas vienen aumento pero no menciona que las variables de internaci\u00f3n- las que m\u00e1s peso tienen-. Los egresos y pacientes d\u00eda si bien aumentaron no lo hicieron respecto al peso que tiene a nivel provincial. Si Olavarr\u00eda aument\u00f3 los egresos pero otros municipios aumentaron m\u00e1s y la provincia en su conjunto aument\u00f3 m\u00e1s es l\u00f3gico que la proporci\u00f3n para Olavarr\u00eda sea menor\u201d dijo.<\/p>\n\n\n\n<p>En esa direcci\u00f3n, observ\u00f3 que \u201cl<strong>os rendimientos los hace el municipio por declaraci\u00f3n jurada, no los inventa el municipio. En el 2020-2021 el 0,80% de los egresos eran de Olavarr\u00eda y en 2021- 2022 pasan a ser del 0,75%. La oferta de salud en la provincia creci\u00f3 y Olavarr\u00eda se mantuvo estable porque no aument\u00f3 camas y no tiene nuevos efectores\u201d&nbsp;<\/strong>explic\u00f3.<\/p>\n\n\n\n<p>Leticia Ceriani record\u00f3 que la coparticipaci\u00f3n \u201ces una masa de dinero que se reparte en 135 municipios. Si uno aumenta pero los otros aumentan m\u00e1s va a recibir menos.&nbsp;<strong>Pero adem\u00e1s hacen una atribuci\u00f3n pol\u00edtica pero no menciona que entre 2016 al 2019 Olavarr\u00eda disminuy\u00f3 su coparticipaci\u00f3n en todos los a\u00f1os (5,8%). No era el gobernador Axel Kicillof sino Mar\u00eda Eugenia Vidal y pareciera que esto fuese una novedad para Olavarr\u00eda y parece como un da\u00f1o que la provincia le quiera hacer al municipio. Nada m\u00e1s alejado de la realidad\u201d<\/strong>&nbsp;enfatiz\u00f3.<\/p>\n\n\n\n<p>Con las elecciones generales a la vuelta de la esquina, Ezequiel Galli, busca recuperar terreno por el<a rel=\"noreferrer noopener\" href=\"https:\/\/infocielo.com\/municipios\/olavarria-el-peronismo-tiene-al-candidato-mas-votado-y-relega-ezequiel-galli-n769412\" target=\"_blank\">\u00a0traspi\u00e9 en las PASO\u00a0<\/a>\u2013 qued\u00f3 tercero en cantidad de votos individuales- y mostrar gesti\u00f3n pero se enfrenta a duros cuestionamientos pol\u00edticos y de sectores de la comunidad por fuertes\u00a0<a rel=\"noreferrer noopener\" href=\"https:\/\/infocielo.com\/politica-y-economia\/olavarria-renuncio-el-funcionario-mas-cuestionado-galli-y-expuso-la-crisis-politica-n770640\" target=\"_blank\">denuncias de corrupci\u00f3n contra funcionarios<\/a>\u00a0y el desgaste propio de ocho a\u00f1os de gobierno.-<\/p>\n\n\n\n<p>Fuente: Infocielo<\/p>\n","protected":false},"excerpt":{"rendered":"<div class=\"mh-excerpt\"><p>Un anuncio del intendente de&nbsp;Olavarr\u00eda,&nbsp;Ezequiel Galli&nbsp;(PRO) de dejar de cobrar la atenci\u00f3n de salud a unos 22 mil vecinos fue cuestionado duramente por autoridades provinciales, encabezadas por el ministro de Salud,&nbsp;Nicol\u00e1s Kreplak, quienes consideraron \u201cinadmisible\u201d la existencia de un sistema de cobro en un hospital p\u00fablico. La pol\u00e9mica se desat\u00f3 luego que el Jefe Comunal presentara como resultado de un esfuerzo de la comuna ante\u00a0\u201cla dif\u00edcil situaci\u00f3n econ\u00f3mica que atraviesa el pa\u00eds\u201d,\u00a0la determinaci\u00f3n de equiparar a las personas que cuentan con el carnet hospitalario condici\u00f3n 1 \u2013 no abonan ning\u00fan costo- con aquellos condici\u00f3n dos y tres que, desde el <a class=\"mh-excerpt-more\" href=\"http:\/\/dsrmedios.com.ar\/diario\/archivos\/39147\" title=\"Olavarr\u00eda: Provincia &#8220;puso en vereda&#8221; a Galli por cobrar la atenci\u00f3n en salud\">[Leer m\u00e1s]<\/a><\/p>\n<\/div>","protected":false},"author":8,"featured_media":39148,"comment_status":"open","ping_status":"closed","sticky":false,"template":"","format":"standard","meta":{"_jetpack_newsletter_access":""},"categories":[8],"tags":[],"jetpack_featured_media_url":"http:\/\/dsrmedios.com.ar\/diario\/wp-content\/uploads\/2023\/09\/hospitalolavarriajpg.webp","jetpack_sharing_enabled":true,"jetpack_shortlink":"https:\/\/wp.me\/p9fihK-abp","_links":{"self":[{"href":"http:\/\/dsrmedios.com.ar\/diario\/wp-json\/wp\/v2\/posts\/39147"}],"collection":[{"href":"http:\/\/dsrmedios.com.ar\/diario\/wp-json\/wp\/v2\/posts"}],"about":[{"href":"http:\/\/dsrmedios.com.ar\/diario\/wp-json\/wp\/v2\/types\/post"}],"author":[{"embeddable":true,"href":"http:\/\/dsrmedios.com.ar\/diario\/wp-json\/wp\/v2\/users\/8"}],"replies":[{"embeddable":true,"href":"http:\/\/dsrmedios.com.ar\/diario\/wp-json\/wp\/v2\/comments?post=39147"}],"version-history":[{"count":1,"href":"http:\/\/dsrmedios.com.ar\/diario\/wp-json\/wp\/v2\/posts\/39147\/revisions"}],"predecessor-version":[{"id":39149,"href":"http:\/\/dsrmedios.com.ar\/diario\/wp-json\/wp\/v2\/posts\/39147\/revisions\/39149"}],"wp:featuredmedia":[{"embeddable":true,"href":"http:\/\/dsrmedios.com.ar\/diario\/wp-json\/wp\/v2\/media\/39148"}],"wp:attachment":[{"href":"http:\/\/dsrmedios.com.ar\/diario\/wp-json\/wp\/v2\/media?parent=39147"}],"wp:term":[{"taxonomy":"category","embeddable":true,"href":"http:\/\/dsrmedios.com.ar\/diario\/wp-json\/wp\/v2\/categories?post=39147"},{"taxonomy":"post_tag","embeddable":true,"href":"http:\/\/dsrmedios.com.ar\/diario\/wp-json\/wp\/v2\/tags?post=39147"}],"curies":[{"name":"wp","href":"https:\/\/api.w.org\/{rel}","templated":true}]}}