{"id":39141,"date":"2023-09-04T16:21:51","date_gmt":"2023-09-04T19:21:51","guid":{"rendered":"http:\/\/dsrmedios.com.ar\/diario\/?p=39141"},"modified":"2023-09-04T16:21:53","modified_gmt":"2023-09-04T19:21:53","slug":"familiar-de-un-submarinista-denuncio-la-paralisis-total-de-la-investigacion","status":"publish","type":"post","link":"http:\/\/dsrmedios.com.ar\/diario\/archivos\/39141","title":{"rendered":"Familiar de un submarinista denunci\u00f3 la par\u00e1lisis total de la investigaci\u00f3n"},"content":{"rendered":"\n<p>El 15 de noviembre pr\u00f3ximo se cumplen seis a\u00f1os del naufragio del submarino ARA San Juan, pero el paso de tiempo est\u00e1 lejos de curar las heridas de los familiares de los 44 tripulantes. As\u00ed lo dej\u00f3 en claro la necochense J\u00e9sica Gopar, esposa del mendocino Fernando Gabriel Santilli, uno de los ocupantes del sumergible hundido a la altura del Golfo San Jorge. La fecha de la entrevista no fue al azar. Ayer, domingo 3 de septiembre, se conmemor\u00f3 el D\u00eda del Submarinista.<\/p>\n\n\n\n<p>Gopar asegur\u00f3 que la causa penal que debe aclarar qu\u00e9 motiv\u00f3 el siniestro, est\u00e1 completamente estancada. \u201cNo tenemos absolutamente ninguna respuesta. Nada se mueve en la justicia desde hace m\u00e1s de tres a\u00f1os. En la familia seguimos, la vida contin\u00faa, sobre todo cuando hay chicos peque\u00f1os. Mi hijo ten\u00eda un a\u00f1o cuando Fernando muri\u00f3. En noviembre cumple siete a\u00f1os y su pap\u00e1 seis a\u00f1os de fallecido sin resoluciones de nada\u201d, expres\u00f3.<\/p>\n\n\n\n<p>J\u00e9sica reparte su d\u00eda entre el trabajo y el cuidado de St\u00e9fano, hijo de Santilli. \u201cHay muchas cosas que no se quieren contar y es preferible hacer silencio, que pase el tiempo y que crean que uno se olvida o no le interesa. No conseguimos cerrar el c\u00edrculo de la tranquilidad y la paz\u201d, agreg\u00f3.<\/p>\n\n\n\n<p>Para el quinto aniversario de la tragedia, Gopar dej\u00f3 inaugurado el monumento \u201ca los 44\u201d en Quequ\u00e9n, a metros del mausoleo a los Ca\u00eddos en Malvinas.<\/p>\n\n\n\n<p>Santilli, de 35 a\u00f1os, habl\u00f3 por \u00faltima vez con J\u00e9sica el 8 de noviembre de 2017, cuando la embarcaci\u00f3n amarr\u00f3 en el puerto de Ushuaia.<\/p>\n\n\n\n<p>\u201cNo es f\u00e1cil, no ha sido f\u00e1cil pero agradezco cuando la gente se acuerda, cuando manda un mensaje. Lo digo desesperanzada, no s\u00e9 si en alg\u00fan momento vamos a saber qu\u00e9 sucedi\u00f3\u201d, lament\u00f3.<\/p>\n\n\n\n<p>A la justicia le corresponde determinar qu\u00e9 provoc\u00f3 la implosi\u00f3n del San Juan y a la vez definir si hay responsables penales de la tragedia<\/p>\n\n\n\n<p>Fuente: labrujula24<\/p>\n","protected":false},"excerpt":{"rendered":"<div class=\"mh-excerpt\"><p>El 15 de noviembre pr\u00f3ximo se cumplen seis a\u00f1os del naufragio del submarino ARA San Juan, pero el paso de tiempo est\u00e1 lejos de curar las heridas de los familiares de los 44 tripulantes. As\u00ed lo dej\u00f3 en claro la necochense J\u00e9sica Gopar, esposa del mendocino Fernando Gabriel Santilli, uno de los ocupantes del sumergible hundido a la altura del Golfo San Jorge. La fecha de la entrevista no fue al azar. Ayer, domingo 3 de septiembre, se conmemor\u00f3 el D\u00eda del Submarinista. Gopar asegur\u00f3 que la causa penal que debe aclarar qu\u00e9 motiv\u00f3 el siniestro, est\u00e1 completamente estancada. \u201cNo <a class=\"mh-excerpt-more\" href=\"http:\/\/dsrmedios.com.ar\/diario\/archivos\/39141\" title=\"Familiar de un submarinista denunci\u00f3 la par\u00e1lisis total de la investigaci\u00f3n\">[Leer m\u00e1s]<\/a><\/p>\n<\/div>","protected":false},"author":8,"featured_media":39142,"comment_status":"open","ping_status":"closed","sticky":false,"template":"","format":"standard","meta":{"_jetpack_newsletter_access":""},"categories":[6],"tags":[],"jetpack_featured_media_url":"http:\/\/dsrmedios.com.ar\/diario\/wp-content\/uploads\/2023\/09\/ara-san-juan.jpg","jetpack_sharing_enabled":true,"jetpack_shortlink":"https:\/\/wp.me\/p9fihK-abj","_links":{"self":[{"href":"http:\/\/dsrmedios.com.ar\/diario\/wp-json\/wp\/v2\/posts\/39141"}],"collection":[{"href":"http:\/\/dsrmedios.com.ar\/diario\/wp-json\/wp\/v2\/posts"}],"about":[{"href":"http:\/\/dsrmedios.com.ar\/diario\/wp-json\/wp\/v2\/types\/post"}],"author":[{"embeddable":true,"href":"http:\/\/dsrmedios.com.ar\/diario\/wp-json\/wp\/v2\/users\/8"}],"replies":[{"embeddable":true,"href":"http:\/\/dsrmedios.com.ar\/diario\/wp-json\/wp\/v2\/comments?post=39141"}],"version-history":[{"count":1,"href":"http:\/\/dsrmedios.com.ar\/diario\/wp-json\/wp\/v2\/posts\/39141\/revisions"}],"predecessor-version":[{"id":39143,"href":"http:\/\/dsrmedios.com.ar\/diario\/wp-json\/wp\/v2\/posts\/39141\/revisions\/39143"}],"wp:featuredmedia":[{"embeddable":true,"href":"http:\/\/dsrmedios.com.ar\/diario\/wp-json\/wp\/v2\/media\/39142"}],"wp:attachment":[{"href":"http:\/\/dsrmedios.com.ar\/diario\/wp-json\/wp\/v2\/media?parent=39141"}],"wp:term":[{"taxonomy":"category","embeddable":true,"href":"http:\/\/dsrmedios.com.ar\/diario\/wp-json\/wp\/v2\/categories?post=39141"},{"taxonomy":"post_tag","embeddable":true,"href":"http:\/\/dsrmedios.com.ar\/diario\/wp-json\/wp\/v2\/tags?post=39141"}],"curies":[{"name":"wp","href":"https:\/\/api.w.org\/{rel}","templated":true}]}}