{"id":39134,"date":"2023-09-04T16:14:03","date_gmt":"2023-09-04T19:14:03","guid":{"rendered":"http:\/\/dsrmedios.com.ar\/diario\/?p=39134"},"modified":"2023-09-04T16:14:06","modified_gmt":"2023-09-04T19:14:06","slug":"bullrich-redoblo-criticas-contra-milei-por-la-dolarizacion-le-dijo-a-la-gente-una-cosa-que-no-va-a-hacer","status":"publish","type":"post","link":"http:\/\/dsrmedios.com.ar\/diario\/archivos\/39134","title":{"rendered":"Bullrich redobl\u00f3 cr\u00edticas contra Milei por la dolarizaci\u00f3n: \u201cLe dijo a la gente una cosa que no va a hacer\u201d"},"content":{"rendered":"\n<p>En el marco del relanzamiento de campa\u00f1as de los principales candidatos presidenciales,&nbsp;<a href=\"https:\/\/tn.com.ar\/politica\/2023\/09\/04\/milei-massa-y-bullrich-relanzan-sus-campanas-la-estrategia-de-cada-uno-para-quebrar-el-escenario-de-tercios\/\" target=\"_blank\" rel=\"noreferrer noopener\"><strong>Patricia Bullrich<\/strong><\/a>&nbsp;volvi\u00f3 a criticar el plan econ\u00f3mico de<a href=\"https:\/\/tn.com.ar\/politica\/2023\/09\/04\/milei-massa-y-bullrich-relanzan-sus-campanas-la-estrategia-de-cada-uno-para-quebrar-el-escenario-de-tercios\/\" target=\"_blank\" rel=\"noreferrer noopener\"><strong>Javier Milei<\/strong><\/a>&nbsp;y lo acus\u00f3 de \u201cdecirle a la gente una cosa que no va a hacer\u201d en espec\u00edfica referencia a su plan de&nbsp;<strong>dolarizaci\u00f3n<\/strong>.<\/p>\n\n\n\n<p>\u201cMilei, dej\u00e1 de insultar, hac\u00e9 una campa\u00f1a para explicar las cosas claras. No se le entiende nada. Le dijo a la gente una cosa distinta a la que va a hacer. Tiene que ordenar su oferta econ\u00f3mica\u201d, sugiri\u00f3 la exministra de Seguridad luego de varias criticas del candidato libertario al espacio de Juntos por el Cambio.<\/p>\n\n\n\n<p>En contraposici\u00f3n, Bullrich asegur\u00f3: \u201c<strong>No creemos en la dolarizaci\u00f3n<\/strong>\u201d. \u201cNuestro plan econ\u00f3mico est\u00e1 claro: d\u00e9ficit cero, bajar la inflaci\u00f3n y una&nbsp;<strong>econom\u00eda bimonetaria<\/strong>\u201d, argument\u00f3.<\/p>\n\n\n\n<p>En ese marco, apreci\u00f3 la incorporaci\u00f3n de&nbsp;<strong>Carlos Melconian&nbsp;<\/strong>como su vocero en la tem\u00e1tica y virtual ministro en caso de llegar a la presidencia: \u201cEstoy contenta, hace tiempo ven\u00eda hablando con \u00e9l. Tiene un programa ordenado y listo para ser ejecutado\u201d.<\/p>\n\n\n\n<figure class=\"wp-block-image\"><img decoding=\"async\" src=\"https:\/\/tn.com.ar\/resizer\/Z4xc4DlX4FCBZVIPSWGQjwKJC68=\/767x0\/smart\/filters:format(webp)\/cloudfront-us-east-1.images.arcpublishing.com\/artear\/LLKTJUDRYVCZNLVYIROGRPMZKI.jpg\" alt=\"Carlos Melconian tendr\u00e1 un rol fundamental en la campa\u00f1a de Patricia Bullrich. (Foto: T\u00e9lam\/Laura Lescano)\"\/><figcaption class=\"wp-element-caption\">Carlos Melconian tendr\u00e1 un rol fundamental en la campa\u00f1a de Patricia Bullrich. (Foto: T\u00e9lam\/Laura Lescano)<\/figcaption><\/figure>\n\n\n\n<p>En tanto, la titular del PRO en uso de licencia indic\u00f3 que, tras las PASO, \u201cestamos a mil\u00edmetros de MIlei, sac\u00f3 una cantidad de votos que no se esperaba y por eso fue una sorpresa\u201d. \u201cEstamos absolutamente competitvos en todo el pa\u00eds y con un programa disruptivo de gobierno moderno. Estamos encaminados a resolver los problemas a partir del d\u00eda 10\u2033, se\u00f1al\u00f3.<\/p>\n\n\n\n<p>A su vez, recalc\u00f3: \u201cSomos un nuevo Juntos por el Cambio, que ha logrado ganar m\u00e1s provincias que nunca antes en la historia. Tenemos una nueva generaci\u00f3n de gente que sali\u00f3 a la calle\u201d.<\/p>\n\n\n\n<p>En ese sentido, declar\u00f3 en di\u00e1logo con radio&nbsp;<em>La Red:<\/em>&nbsp;\u201cHasta ac\u00e1 llegu\u00e9 haciendo un tremendo esfuerzo, yo no era la primera opci\u00f3n. Vine y constru\u00ed con poca gente y poco dinero. Logr\u00e9 demostrar que nustra propuesta era m\u00e1s osada y de cambio. No vamos a tirar a nadie por la ventana, todos sirven, es un nuevo Juntos por el Cambio\u201d.<\/p>\n\n\n\n<p>Por \u00faltimo, se encarg\u00f3 de no dejar de lado uno de sus sloganes de campa\u00f1a: \u201cel orden\u201d. Y asegur\u00f3: \u201cSi una persona est\u00e1 cortando una calle, no se necesita una orden de una fiscal, se lo levanta y se lo lleva preso. Quiero un pa\u00eds ordenado\u201d.<\/p>\n\n\n\n<p>Fuente: TN<\/p>\n","protected":false},"excerpt":{"rendered":"<div class=\"mh-excerpt\"><p>En el marco del relanzamiento de campa\u00f1as de los principales candidatos presidenciales,&nbsp;Patricia Bullrich&nbsp;volvi\u00f3 a criticar el plan econ\u00f3mico deJavier Milei&nbsp;y lo acus\u00f3 de \u201cdecirle a la gente una cosa que no va a hacer\u201d en espec\u00edfica referencia a su plan de&nbsp;dolarizaci\u00f3n. \u201cMilei, dej\u00e1 de insultar, hac\u00e9 una campa\u00f1a para explicar las cosas claras. No se le entiende nada. Le dijo a la gente una cosa distinta a la que va a hacer. Tiene que ordenar su oferta econ\u00f3mica\u201d, sugiri\u00f3 la exministra de Seguridad luego de varias criticas del candidato libertario al espacio de Juntos por el Cambio. En contraposici\u00f3n, Bullrich <a class=\"mh-excerpt-more\" href=\"http:\/\/dsrmedios.com.ar\/diario\/archivos\/39134\" title=\"Bullrich redobl\u00f3 cr\u00edticas contra Milei por la dolarizaci\u00f3n: \u201cLe dijo a la gente una cosa que no va a hacer\u201d\">[Leer m\u00e1s]<\/a><\/p>\n<\/div>","protected":false},"author":8,"featured_media":30930,"comment_status":"open","ping_status":"closed","sticky":false,"template":"","format":"standard","meta":{"_jetpack_newsletter_access":""},"categories":[6],"tags":[],"jetpack_featured_media_url":"http:\/\/dsrmedios.com.ar\/diario\/wp-content\/uploads\/2023\/04\/patriciabulrich.png","jetpack_sharing_enabled":true,"jetpack_shortlink":"https:\/\/wp.me\/p9fihK-abc","_links":{"self":[{"href":"http:\/\/dsrmedios.com.ar\/diario\/wp-json\/wp\/v2\/posts\/39134"}],"collection":[{"href":"http:\/\/dsrmedios.com.ar\/diario\/wp-json\/wp\/v2\/posts"}],"about":[{"href":"http:\/\/dsrmedios.com.ar\/diario\/wp-json\/wp\/v2\/types\/post"}],"author":[{"embeddable":true,"href":"http:\/\/dsrmedios.com.ar\/diario\/wp-json\/wp\/v2\/users\/8"}],"replies":[{"embeddable":true,"href":"http:\/\/dsrmedios.com.ar\/diario\/wp-json\/wp\/v2\/comments?post=39134"}],"version-history":[{"count":1,"href":"http:\/\/dsrmedios.com.ar\/diario\/wp-json\/wp\/v2\/posts\/39134\/revisions"}],"predecessor-version":[{"id":39135,"href":"http:\/\/dsrmedios.com.ar\/diario\/wp-json\/wp\/v2\/posts\/39134\/revisions\/39135"}],"wp:featuredmedia":[{"embeddable":true,"href":"http:\/\/dsrmedios.com.ar\/diario\/wp-json\/wp\/v2\/media\/30930"}],"wp:attachment":[{"href":"http:\/\/dsrmedios.com.ar\/diario\/wp-json\/wp\/v2\/media?parent=39134"}],"wp:term":[{"taxonomy":"category","embeddable":true,"href":"http:\/\/dsrmedios.com.ar\/diario\/wp-json\/wp\/v2\/categories?post=39134"},{"taxonomy":"post_tag","embeddable":true,"href":"http:\/\/dsrmedios.com.ar\/diario\/wp-json\/wp\/v2\/tags?post=39134"}],"curies":[{"name":"wp","href":"https:\/\/api.w.org\/{rel}","templated":true}]}}