{"id":39129,"date":"2023-09-04T16:09:51","date_gmt":"2023-09-04T19:09:51","guid":{"rendered":"http:\/\/dsrmedios.com.ar\/diario\/?p=39129"},"modified":"2023-09-04T16:09:55","modified_gmt":"2023-09-04T19:09:55","slug":"juegos-bonaerenses-100-competidores-representaran-a-adolfo-alsina-en-las-finales-de-mar-del-plata","status":"publish","type":"post","link":"http:\/\/dsrmedios.com.ar\/diario\/archivos\/39129","title":{"rendered":"<strong>Juegos bonaerenses: 100 competidores representar\u00e1n a Adolfo Alsina en las finales de Mar del Plata<\/strong>"},"content":{"rendered":"\n<p>Desde el 15 al 20 de septiembre, se desarrollar\u00e1 en Mar del Plata la Final Provincial de los Juegos Bonaerenses 2023.<\/p>\n\n\n\n<p>Adolfo Alsina estar\u00e1 representado, a trav\u00e9s de la Direcci\u00f3n de Deportes y la Secretar\u00eda de Cultura, por un centenar de clasificados tanto femeninos como masculinos.<\/p>\n\n\n\n<p>Los representantes del distrito en la ciudad \u2018Feliz\u2019, que arribaron a esta instancia luego de ganar las etapas Distritales y Regionales del certamen, ser\u00e1n las siguientes disciplinas:<\/p>\n\n\n\n<p><strong>Atletismo<\/strong><br>Posta 4 X 100, Sub 18 Femenino; Salto Largo, Sub 16 y Sub 18 femenino; Pista 150m, Sub 14 Masculino; Pista 110m salto con vallas, Sub 16 masculino; Pista 800m, Sub 16 masculino; Pista 1500m, Sub 18 Masculino; Bala, Sub 14 y Sub 16 femenino; Salto Largo, Sub 18 Masculino.&nbsp;<br><strong>Por equipos &nbsp;&nbsp;&nbsp;&nbsp;&nbsp; &nbsp;&nbsp;&nbsp;&nbsp;&nbsp;&nbsp;&nbsp;&nbsp;&nbsp;&nbsp;&nbsp;&nbsp;&nbsp;&nbsp;&nbsp;&nbsp;&nbsp;&nbsp;&nbsp;&nbsp;&nbsp;&nbsp;&nbsp;&nbsp;&nbsp;&nbsp;&nbsp;&nbsp;&nbsp;&nbsp;<\/strong><br>Beach V\u00f3ley, Sub 14, 18 y Universitario femenino.&nbsp; F\u00fatbol 5, Sub 16 y Sub 18 Femenino. F\u00fatbol 7, mixto. Pelota Paleta, Sub 14 masculino. Basquetbol 3 X 3, Sub 16 Masculino.<br><strong>Nataci\u00f3n<\/strong><br>Pecho 100m, Sub 16 Femenino.&nbsp;&nbsp;&nbsp;&nbsp;&nbsp;&nbsp;&nbsp;&nbsp;&nbsp;&nbsp;&nbsp;&nbsp;&nbsp;&nbsp; &nbsp;&nbsp;&nbsp;&nbsp;&nbsp;&nbsp;&nbsp;&nbsp;&nbsp;&nbsp;&nbsp;&nbsp;&nbsp;&nbsp;<br><strong>Adultos Mayores<\/strong><br>Tejo-A-Mixto y Masculino,&nbsp; Sapo y P\u00e1del +60 Femenino.<br><strong>Cultura<\/strong><br>Artes Pl\u00e1sticas: Pintura y Objeto Tridimensional Sub 18. Literatura: Poes\u00eda Sub 15. Fotograf\u00eda Personas Con Discapacidad.<\/p>\n","protected":false},"excerpt":{"rendered":"<div class=\"mh-excerpt\"><p>Desde el 15 al 20 de septiembre, se desarrollar\u00e1 en Mar del Plata la Final Provincial de los Juegos Bonaerenses 2023. Adolfo Alsina estar\u00e1 representado, a trav\u00e9s de la Direcci\u00f3n de Deportes y la Secretar\u00eda de Cultura, por un centenar de clasificados tanto femeninos como masculinos. Los representantes del distrito en la ciudad \u2018Feliz\u2019, que arribaron a esta instancia luego de ganar las etapas Distritales y Regionales del certamen, ser\u00e1n las siguientes disciplinas: AtletismoPosta 4 X 100, Sub 18 Femenino; Salto Largo, Sub 16 y Sub 18 femenino; Pista 150m, Sub 14 Masculino; Pista 110m salto con vallas, Sub 16 <a class=\"mh-excerpt-more\" href=\"http:\/\/dsrmedios.com.ar\/diario\/archivos\/39129\" title=\"Juegos bonaerenses: 100 competidores representar\u00e1n a Adolfo Alsina en las finales de Mar del Plata\">[Leer m\u00e1s]<\/a><\/p>\n<\/div>","protected":false},"author":8,"featured_media":39130,"comment_status":"open","ping_status":"closed","sticky":false,"template":"","format":"standard","meta":{"_jetpack_newsletter_access":""},"categories":[18,31,5],"tags":[],"jetpack_featured_media_url":"http:\/\/dsrmedios.com.ar\/diario\/wp-content\/uploads\/2023\/09\/b452fc3b-929a-36c2-955a-30d82c1ed45c.jpg","jetpack_sharing_enabled":true,"jetpack_shortlink":"https:\/\/wp.me\/p9fihK-ab7","_links":{"self":[{"href":"http:\/\/dsrmedios.com.ar\/diario\/wp-json\/wp\/v2\/posts\/39129"}],"collection":[{"href":"http:\/\/dsrmedios.com.ar\/diario\/wp-json\/wp\/v2\/posts"}],"about":[{"href":"http:\/\/dsrmedios.com.ar\/diario\/wp-json\/wp\/v2\/types\/post"}],"author":[{"embeddable":true,"href":"http:\/\/dsrmedios.com.ar\/diario\/wp-json\/wp\/v2\/users\/8"}],"replies":[{"embeddable":true,"href":"http:\/\/dsrmedios.com.ar\/diario\/wp-json\/wp\/v2\/comments?post=39129"}],"version-history":[{"count":1,"href":"http:\/\/dsrmedios.com.ar\/diario\/wp-json\/wp\/v2\/posts\/39129\/revisions"}],"predecessor-version":[{"id":39131,"href":"http:\/\/dsrmedios.com.ar\/diario\/wp-json\/wp\/v2\/posts\/39129\/revisions\/39131"}],"wp:featuredmedia":[{"embeddable":true,"href":"http:\/\/dsrmedios.com.ar\/diario\/wp-json\/wp\/v2\/media\/39130"}],"wp:attachment":[{"href":"http:\/\/dsrmedios.com.ar\/diario\/wp-json\/wp\/v2\/media?parent=39129"}],"wp:term":[{"taxonomy":"category","embeddable":true,"href":"http:\/\/dsrmedios.com.ar\/diario\/wp-json\/wp\/v2\/categories?post=39129"},{"taxonomy":"post_tag","embeddable":true,"href":"http:\/\/dsrmedios.com.ar\/diario\/wp-json\/wp\/v2\/tags?post=39129"}],"curies":[{"name":"wp","href":"https:\/\/api.w.org\/{rel}","templated":true}]}}